{"id":996,"date":"2026-05-06T13:39:19","date_gmt":"2026-05-06T11:39:19","guid":{"rendered":"https:\/\/wiki.s12.at\/index.php\/2026\/05\/06\/2-runde-saison-2024-25-fc-red-bull-salzburg-gegen-fc-blau-weiss-linz\/"},"modified":"2026-05-06T13:39:19","modified_gmt":"2026-05-06T11:39:19","slug":"2-runde-saison-2024-25-fc-red-bull-salzburg-gegen-fc-blau-weiss-linz","status":"publish","type":"post","link":"https:\/\/wiki.s12.at\/index.php\/2026\/05\/06\/2-runde-saison-2024-25-fc-red-bull-salzburg-gegen-fc-blau-weiss-linz\/","title":{"rendered":"25, FC Red Bull Salzburg gegen FC Blau-Wei\u00df Linz"},"content":{"rendered":"<div class=\"mw-parser-output\">\n<table class=\"toptextcells toccolours\">\n<tbody>\n<tr>\n<th colspan=\"2\" style=\"text-align: center; vertical-align: top; padding: 0.3em 0.8em; font-size: 125%; background-color: lightsteelblue;\">FC Red Bull Salzburg gegen FC Blau-Wei\u00df Linz, 5:1\n<\/th>\n<\/tr>\n<tr>\n<th style=\"text-align:left;\"><b>Spieltag<\/b>\n<\/th>\n<th style=\"text-align:left;\">Bundesliga-2.Runde\n<\/th>\n<\/tr>\n<tr>\n<th style=\"text-align:left;\"><b>Datum<\/b>\n<\/th>\n<th style=\"text-align:left;\">10. Augusst 2024\n<\/th>\n<\/tr>\n<tr>\n<th style=\"text-align:left;\"><b>Anpfiff<\/b>\n<\/th>\n<th style=\"text-align:left;\">19.30 Uhr\n<\/th>\n<\/tr>\n<tr>\n<td colspan=\"2\" style=\"text-align:center;\" bgcolor=\"lightgray\"><b>Aufstellung<\/b>\n<\/td>\n<\/tr>\n<tr>\n<th style=\"text-align:left;\"><b>Tor<\/b>\n<\/th>\n<th><a href=\"\/Janis_Blaswich\" title=\"Janis Blaswich\">Janis Blaswich<\/a>\n<\/th>\n<\/tr>\n<tr>\n<th style=\"text-align:left;\"><b>Verteidigung<\/b>\n<\/th>\n<th><a href=\"\/Amar_Dedic\" title=\"Amar Dedic\">Amar Dedic<\/a>  &#8211;  <a href=\"\/Kamil_Piatkowski\" title=\"Kamil Piatkowski\">Kamil Piatkowski<\/a>  &#8211;<a href=\"\/Samson_Baidoo\" title=\"Samson Baidoo\">Samson Baidoo<\/a>  &#8211;  <a href=\"\/John_Mellberg\" title=\"John Mellberg\">John Mellberg<\/a>\n<\/th>\n<\/tr>\n<tr>\n<th style=\"text-align:left;\"><b>Mittelfeld<\/b>\n<\/th>\n<th><a href=\"\/Nicolas_Capaldo\" title=\"Nicolas Capaldo\">Nicolas Capaldo<\/a>  &#8211; <a href=\"\/Oscar_Gloukh\" title=\"Oscar Gloukh\">Oscar Gloukh<\/a>  &#8211;  <a href=\"\/Mamady_Diambou\" title=\"Mamady Diambou\">Mamady Diambou<\/a>\n<\/th>\n<\/tr>\n<tr>\n<th style=\"text-align:left;\"><b>Sturm<\/b>\n<\/th>\n<th><a href=\"\/Adam_Daghim\" title=\"Adam Daghim\">Adam Daghim<\/a> &#8211; <a href=\"\/Petar_Ratkov\" title=\"Petar Ratkov\">Petar Ratkov<\/a> &#8211; <a href=\"\/Moussa_Yeo\" class=\"mw-redirect\" title=\"Moussa Yeo\">Moussa Yeo<\/a>\n<\/th>\n<\/tr>\n<tr>\n<td colspan=\"2\" style=\"text-align:center;\" bgcolor=\"lightgray\"><b>Wechsel<\/b>\n<\/td>\n<\/tr>\n<tr>\n<th style=\"text-align:left;\"><b>Wechsel<\/b>\n<\/th>\n<th style=\"text-align:left;\"><a href=\"\/Aleksa_Terzic\" title=\"Aleksa Terzic\">Aleksa Terzic<\/a> f\u00fcr Mellberg (64.), <a href=\"\/Maurits_Kjaergaard\" title=\"Maurits Kjaergaard\">Maurits Kjaergaard<\/a> f\u00fcr Capaldo (64.), <a href=\"\/Dorgeles_Nene\" class=\"mw-redirect\" title=\"Dorgeles Nene\">Dorgeles Nene<\/a> f\u00fcr Ratkov (64.), <br \/> <a href=\"\/Mads_Bidstrup\" title=\"Mads Bidstrup\">Mads Bidstrup<\/a> f\u00fcr Gloukh (74.), <a href=\"\/Lucas_Gourna-Douath\" title=\"Lucas Gourna-Douath\">Lucas Gourna-Douath<\/a> f\u00fcr Yeo (77.)\n<\/th>\n<\/tr>\n<tr>\n<td colspan=\"2\" style=\"text-align:center;\" bgcolor=\"lightgray\"><b>Statistik<\/b>\n<\/td>\n<\/tr>\n<tr>\n<th style=\"text-align:left;\"><b>Endstand<\/b>\n<\/th>\n<th style=\"text-align:left;\">5:1 (2:1)\n<\/th>\n<\/tr>\n<tr>\n<th style=\"text-align:left;\"><b>Torsch\u00fctzen<\/b>\n<\/th>\n<th style=\"text-align:left;\">Gloukh (15., 34., 62.), Yeo (73.), Bidstrup (77.); Noss (12.)\n<\/th>\n<\/tr>\n<tr>\n<th style=\"text-align:left;\"><b>Gelbe Karten<\/b>\n<\/th>\n<th style=\"text-align:left;\">Piatkowski (32.); Maranda  (3.), Briedl  (85.)\n<\/th>\n<\/tr>\n<tr>\n<th style=\"text-align:left;\"><b>Rote Karten<\/b>\n<\/th>\n<th style=\"text-align:left;\">\n<\/th>\n<\/tr>\n<tr>\n<th style=\"text-align:left;\"><b>Schiedsrichter<\/b>\n<\/th>\n<th style=\"text-align:left;\">Safak Barmaksiz\n<\/th>\n<\/tr>\n<tr>\n<th style=\"text-align:left;\"><b>Stadion<\/b>\n<\/th>\n<th style=\"text-align:left;\">EM-Stadion Wals-Siezenheim, Salzburg\n<\/th>\n<\/tr>\n<tr>\n<th style=\"text-align:left;\"><b>Zuschauer<\/b>\n<\/th>\n<th style=\"text-align:left;\">10.698\n<\/th>\n<\/tr>\n<\/tbody>\n<\/table>\n<p>John Mellberg  feierte sein Bundesligadebut,  Moussa Yeo stand zum ersten Mal in der Startelf.\n<\/p>\n<h2><span class=\"mw-headline\" id=\"Spielbericht\">Spielbericht<\/span><a href=\"\/index.php?title=2.Runde,_Saison_2024\/25,_FC_Red_Bull_Salzburg_gegen_FC_Blau-Wei%C3%9F_Linz&amp;action=edit&amp;section=1\" title=\"Abschnitt bearbeiten: Spielbericht\">Bearbeiten<\/a><span class=\"mw-editsection-bracket\">]<\/span><\/span><\/h2>\n<p><a rel=\"nofollow\" class=\"external text\" href=\"https:\/\/www.redbullsalzburg.at\/de\/2024-2025\/spielplan\/bundesliga-runde-2-fc-red-bull-salzburg-vs-fc-blau-weiss-linz#spielbericht\">Spielbericht Vereinshomepage<\/a>\n<\/p>\n<h2><span class=\"mw-headline\" id=\"Stimmen_zum_Spiel\">Stimmen zum Spiel<\/span><a href=\"\/index.php?title=2.Runde,_Saison_2024\/25,_FC_Red_Bull_Salzburg_gegen_FC_Blau-Wei%C3%9F_Linz&amp;action=edit&amp;section=2\" title=\"Abschnitt bearbeiten: Stimmen zum Spiel\">Bearbeiten<\/a><span class=\"mw-editsection-bracket\">]<\/span><\/span><\/h2>\n<p><b>Pepijn Lijnders:<\/b> Zun\u00e4chst einmal m\u00f6chte ich den Leuten im Stadion ein gro\u00dfes Kompliment machen. Die Stimmung in der zweiten Halbzeit war wirklich etwas Besonderes. Ich wei\u00df, es sind nur 11.000, aber wenn 11.000 so laut sind, hilft das der Mannschaft wirklich und schafft eine Atmosph\u00e4re, in der sich die Spieler mit ihnen verbunden f\u00fchlen. Wenn das Stadion so ist, bin ich der gl\u00fccklichste Mensch der Welt. Das war heute spielerisch genau das, was ich vom Team sehen wollte. Wir wollen den Fans gegen\u00fcber jede Menge Spielfreude ausstrahlen, und das ist uns heute richtig gut gelungen! Genau daf\u00fcr bin ich hier, damit wir solche Offensiv-Momente kreieren. Es ist auch sch\u00f6n, zu sehen, dass trotz einiger Umstellungen in der Aufstellung alles so gut funktioniert und die Mannschaft den Stil beibeh\u00e4lt. Jetzt gilt es, dieses Potenzial auch in Enschede abzurufen, um keine Zweifel aufkommen zu lassen.\n<\/p>\n<p><b>Maurits Kjaergaard:<\/b> Pers\u00f6nlich l\u00e4uft es momentan gut f\u00fcr mich, klar, aber ich bin einfach sehr zufrieden mit der Mannschaft. Wir spielen gut \u2013 gegen Twente schon und heute auch wieder. In der ersten Halbzeit war es ein bisschen ein Hin und Her, aber danach haben wir es sehr gut gemacht. Am Dienstag gilt es f\u00fcr uns, wieder Spa\u00df zu haben wie heute.\n<\/p>\n<\/div>\n","protected":false},"excerpt":{"rendered":"<p>FC Red Bull Salzburg gegen FC Blau-Wei\u00df Linz, 5:1 Spieltag Bundesliga-2.Runde Datum 10. Augusst 2024 Anpfiff 19.30 Uhr Aufstellung Tor Janis Blaswich Verteidigung Amar Dedic &#8211; Kamil Piatkowski &#8211;Samson Baidoo &#8211; John Mellberg Mittelfeld Nicolas Capaldo &#8211; Oscar Gloukh &#8211; Mamady Diambou Sturm Adam Daghim &#8211; Petar Ratkov &#8211; Moussa Yeo Wechsel Wechsel Aleksa Terzic [&hellip;]<\/p>\n","protected":false},"author":1,"featured_media":0,"comment_status":"open","ping_status":"open","sticky":false,"template":"","format":"standard","meta":{"footnotes":""},"categories":[775],"tags":[],"class_list":["post-996","post","type-post","status-publish","format-standard","hentry","category-2-runde-saison-2024"],"_links":{"self":[{"href":"https:\/\/wiki.s12.at\/index.php\/wp-json\/wp\/v2\/posts\/996","targetHints":{"allow":["GET"]}}],"collection":[{"href":"https:\/\/wiki.s12.at\/index.php\/wp-json\/wp\/v2\/posts"}],"about":[{"href":"https:\/\/wiki.s12.at\/index.php\/wp-json\/wp\/v2\/types\/post"}],"author":[{"embeddable":true,"href":"https:\/\/wiki.s12.at\/index.php\/wp-json\/wp\/v2\/users\/1"}],"replies":[{"embeddable":true,"href":"https:\/\/wiki.s12.at\/index.php\/wp-json\/wp\/v2\/comments?post=996"}],"version-history":[{"count":0,"href":"https:\/\/wiki.s12.at\/index.php\/wp-json\/wp\/v2\/posts\/996\/revisions"}],"wp:attachment":[{"href":"https:\/\/wiki.s12.at\/index.php\/wp-json\/wp\/v2\/media?parent=996"}],"wp:term":[{"taxonomy":"category","embeddable":true,"href":"https:\/\/wiki.s12.at\/index.php\/wp-json\/wp\/v2\/categories?post=996"},{"taxonomy":"post_tag","embeddable":true,"href":"https:\/\/wiki.s12.at\/index.php\/wp-json\/wp\/v2\/tags?post=996"}],"curies":[{"name":"wp","href":"https:\/\/api.w.org\/{rel}","templated":true}]}}