{"id":988,"date":"2026-05-06T13:39:12","date_gmt":"2026-05-06T11:39:12","guid":{"rendered":"https:\/\/wiki.s12.at\/index.php\/2026\/05\/06\/19-runde-saison-2025-26-fc-liefering-gegen-first-vienna-fc\/"},"modified":"2026-05-06T13:39:12","modified_gmt":"2026-05-06T11:39:12","slug":"19-runde-saison-2025-26-fc-liefering-gegen-first-vienna-fc","status":"publish","type":"post","link":"https:\/\/wiki.s12.at\/index.php\/2026\/05\/06\/19-runde-saison-2025-26-fc-liefering-gegen-first-vienna-fc\/","title":{"rendered":"26, FC Liefering gegen First Vienna FC"},"content":{"rendered":"<div class=\"mw-parser-output\">\n<table class=\"toptextcells toccolours\">\n<tbody>\n<tr>\n<th colspan=\"2\" style=\"text-align: center; vertical-align: top; padding: 0.3em 0.8em; font-size: 125%; background-color: lightsteelblue;\">FC Liefering gegen First Vienna FC, 1:0\n<\/th>\n<\/tr>\n<tr>\n<th style=\"text-align:left;\"><b>Spieltag<\/b>\n<\/th>\n<th style=\"text-align:left;\">2. Liga &#8211; 19. Runde\n<\/th>\n<\/tr>\n<tr>\n<th style=\"text-align:left;\"><b>Datum<\/b>\n<\/th>\n<th style=\"text-align:left;\">27. Februar 2026\n<\/th>\n<\/tr>\n<tr>\n<th style=\"text-align:left;\"><b>Anpfiff<\/b>\n<\/th>\n<th style=\"text-align:left;\">18 Uhr\n<\/th>\n<\/tr>\n<tr>\n<td colspan=\"2\" style=\"text-align:center;\" bgcolor=\"lightgray\"><b>Aufstellung<\/b>\n<\/td>\n<\/tr>\n<tr>\n<th style=\"text-align:left;\"><b>Tor<\/b>\n<\/th>\n<th><a href=\"\/Christian_Zawieschitzky\" title=\"Christian Zawieschitzky\">Christian Zawieschitzky<\/a>\n<\/th>\n<\/tr>\n<tr>\n<th style=\"text-align:left;\"><b>Verteidigung<\/b>\n<\/th>\n<th><a href=\"\/Julian_Hussauf\" title=\"Julian Hussauf\">Julian Hussauf<\/a>  &#8211;  <a href=\"\/Jakob_Pokorny\" title=\"Jakob Pokorny\">Jakob Pokorny<\/a> &#8211;   <a href=\"\/Valentin_Sulzbacher\" title=\"Valentin Sulzbacher\">Valentin Sulzbacher<\/a>&#8211; <a href=\"\/Jakob_Zangerl\" title=\"Jakob Zangerl\">Jakob Zangerl<\/a>\n<\/th>\n<\/tr>\n<tr>\n<th style=\"text-align:left;\"><b>Mittelfeld<\/b>\n<\/th>\n<th><a href=\"\/Riquelme_Reis\" title=\"Riquelme Reis\">Riquelme Reis<\/a> &#8211; <a href=\"\/Marc_Striednig\" title=\"Marc Striednig\">Marc Striednig<\/a> &#8211;<a href=\"\/Ilia_Ivanschitz\" title=\"Ilia Ivanschitz\">Ilia Ivanschitz<\/a>\n<\/th>\n<\/tr>\n<tr>\n<th style=\"text-align:left;\"><b>Sturm<\/b>\n<\/th>\n<th><a href=\"\/Aboubacar_Camara\" class=\"mw-redirect\" title=\"Aboubacar Camara\">Aboubacar Camara<\/a> &#8211;  <a href=\"\/Enrique_Aguilar\" title=\"Enrique Aguilar\">Enrique Aguilar<\/a> &#8211; <a href=\"\/Oghenetejiri_Adejenughure\" title=\"Oghenetejiri Adejenughure\">Oghenetejiri Adejenughure<\/a>\n<\/th>\n<\/tr>\n<tr>\n<td colspan=\"2\" style=\"text-align:center;\" bgcolor=\"lightgray\"><b>Wechsel<\/b>\n<\/td>\n<\/tr>\n<tr>\n<th style=\"text-align:left;\"><b>Wechsel<\/b>\n<\/th>\n<th style=\"text-align:left;\"><a href=\"\/Nico_Masching\" title=\"Nico Masching\">Nico Masching<\/a> f\u00fcr Sulzbacher (46.), <a href=\"\/Johannes_Moser\" title=\"Johannes Moser\">Johannes Moser<\/a> f\u00fcr Riquelme (69.), <a href=\"\/Alexander_Murillo\" title=\"Alexander Murillo\">Alexander Murillo<\/a> f\u00fcr  <br \/> Adejenughure (69.), <a href=\"\/Filip_Aleksic\" title=\"Filip Aleksic\">Filip Aleksic<\/a> f\u00fcr Ivanschitz (82.), <a href=\"\/Benedict_Scharner\" title=\"Benedict Scharner\">Benedict Scharner<\/a> f\u00fcr Aguilar (89.)\n<\/th>\n<\/tr>\n<tr>\n<td colspan=\"2\" style=\"text-align:center;\" bgcolor=\"lightgray\"><b>Statistik<\/b>\n<\/td>\n<\/tr>\n<tr>\n<th style=\"text-align:left;\"><b>Endstand<\/b>\n<\/th>\n<th style=\"text-align:left;\">1:0 (0:0)\n<\/th>\n<\/tr>\n<tr>\n<th style=\"text-align:left;\"><b>Torsch\u00fctzen<\/b>\n<\/th>\n<th style=\"text-align:left;\">Murillo (74.)\n<\/th>\n<\/tr>\n<tr>\n<th style=\"text-align:left;\"><b>Gelbe Karten<\/b>\n<\/th>\n<th style=\"text-align:left;\">Reis (29.), Zangerl (79.), Pokorny (83.), Hussauf (88.); Bauer (37.)\n<\/th>\n<\/tr>\n<tr>\n<th style=\"text-align:left;\"><b>Rote Karten<\/b>\n<\/th>\n<th style=\"text-align:left;\">\n<\/th>\n<\/tr>\n<tr>\n<th style=\"text-align:left;\"><b>Schiedsrichter<\/b>\n<\/th>\n<th style=\"text-align:left;\">Matthias G\u00e4chter\n<\/th>\n<\/tr>\n<tr>\n<th style=\"text-align:left;\"><b>Stadion<\/b>\n<\/th>\n<th style=\"text-align:left;\">EM Stadion Wals-Siezenheim, Salzburg\n<\/th>\n<\/tr>\n<tr>\n<th style=\"text-align:left;\"><b>Zuschauer<\/b>\n<\/th>\n<th style=\"text-align:left;\">225\n<\/th>\n<\/tr>\n<\/tbody>\n<\/table>\n<h2><span class=\"mw-headline\" id=\"Spielbericht\">Spielbericht<\/span><a href=\"\/index.php?title=19._Runde,_Saison_2025\/26,_FC_Liefering_gegen_First_Vienna_FC&amp;action=edit&amp;section=1\" title=\"Abschnitt bearbeiten: Spielbericht\">Bearbeiten<\/a><span class=\"mw-editsection-bracket\">]<\/span><\/span><\/h2>\n<p><a rel=\"nofollow\" class=\"external text\" href=\"https:\/\/www.fc-liefering.at\/de\/2025-2026\/spielplan\/2-liga-runde-19-fc-liefering-vs-first-vienna-fc-1894#spielbericht\">Spielbericht Vereinshomepage<\/a>\n<\/p>\n<h2><span class=\"mw-headline\" id=\"Bilder\">Bilder<\/span><a href=\"\/index.php?title=19._Runde,_Saison_2025\/26,_FC_Liefering_gegen_First_Vienna_FC&amp;action=edit&amp;section=2\" title=\"Abschnitt bearbeiten: Bilder\">Bearbeiten<\/a><span class=\"mw-editsection-bracket\">]<\/span><\/span><\/h2>\n<p><img alt=\"\" src=\"\/images\/thumb\/4\/4a\/Commons-logo.svg\/langde-20px-Commons-logo.svg.png%3Futm_source%3Dcommons.wikimedia.org%26utm_campaign%3Dimageinfo%26utm_content%3Dthumbnail\" decoding=\"async\" title=\"Commons\" width=\"12\" height=\"16\" srcset=\"\/images\/thumb\/4\/4a\/Commons-logo.svg\/langde-40px-Commons-logo.svg.png%3Futm_source%3Dcommons.wikimedia.org%26utm_campaign%3Dimageinfo%26utm_content%3Dthumbnail 2x\" \/>&#160;<b><a href=\"http:\/\/commons.wikimedia.org\/wiki\/Category:FC_Liefering_gegen_First_Vienna_FC_(2026-02-27_)\" class=\"extiw\" title=\"commons:Category:FC Liefering gegen First Vienna FC (2026-02-27 )\">19. Runde, Saison 2025\/26, FC Liefering gegen First Vienna FC<\/a><\/b>&#160;\u2013 Sammlung von Bildern, Videos und Audiodateien auf <a href=\"\/Wikimedia_Commons\" title=\"Wikimedia Commons\">Wikimedia Commons<\/a>\n<\/p>\n<h2><span class=\"mw-headline\" id=\"Stimmen_zum_Spiel\">Stimmen zum Spiel<\/span><a href=\"\/index.php?title=19._Runde,_Saison_2025\/26,_FC_Liefering_gegen_First_Vienna_FC&amp;action=edit&amp;section=3\" title=\"Abschnitt bearbeiten: Stimmen zum Spiel\">Bearbeiten<\/a><span class=\"mw-editsection-bracket\">]<\/span><\/span><\/h2>\n<p><b>Danny Galm: <\/b> Wir haben eine gute Energie aufs Feld gebracht, ich bin mit der Art und Weise, mit der Haltung, wie wir auf dem Platz waren, sehr zufrieden. Mit dem Sieg sind wir happy, wir wissen aber auch, dass wir Potenzial haben, kompakter werden m\u00fcssen und im Gegenpressing noch sch\u00e4rfer werden m\u00fcssen. F\u00fcr den Auftakt war es nach der langen spielfreien Zeit wichtig, wieder in die Spur zu kommen \u2013 deswegen freut es mich, dass wir auch mit den Einwechselspielern richtig Druck reingebracht haben. Gratulation an alle!\n<\/p>\n<\/div>\n","protected":false},"excerpt":{"rendered":"<p>FC Liefering gegen First Vienna FC, 1:0 Spieltag 2. Liga &#8211; 19. Runde Datum 27. Februar 2026 Anpfiff 18 Uhr Aufstellung Tor Christian Zawieschitzky Verteidigung Julian Hussauf &#8211; Jakob Pokorny &#8211; Valentin Sulzbacher&#8211; Jakob Zangerl Mittelfeld Riquelme Reis &#8211; Marc Striednig &#8211;Ilia Ivanschitz Sturm Aboubacar Camara &#8211; Enrique Aguilar &#8211; Oghenetejiri Adejenughure Wechsel Wechsel Nico [&hellip;]<\/p>\n","protected":false},"author":1,"featured_media":0,"comment_status":"open","ping_status":"open","sticky":false,"template":"","format":"standard","meta":{"footnotes":""},"categories":[712],"tags":[],"class_list":["post-988","post","type-post","status-publish","format-standard","hentry","category-19-runde-saison-2025"],"_links":{"self":[{"href":"https:\/\/wiki.s12.at\/index.php\/wp-json\/wp\/v2\/posts\/988","targetHints":{"allow":["GET"]}}],"collection":[{"href":"https:\/\/wiki.s12.at\/index.php\/wp-json\/wp\/v2\/posts"}],"about":[{"href":"https:\/\/wiki.s12.at\/index.php\/wp-json\/wp\/v2\/types\/post"}],"author":[{"embeddable":true,"href":"https:\/\/wiki.s12.at\/index.php\/wp-json\/wp\/v2\/users\/1"}],"replies":[{"embeddable":true,"href":"https:\/\/wiki.s12.at\/index.php\/wp-json\/wp\/v2\/comments?post=988"}],"version-history":[{"count":0,"href":"https:\/\/wiki.s12.at\/index.php\/wp-json\/wp\/v2\/posts\/988\/revisions"}],"wp:attachment":[{"href":"https:\/\/wiki.s12.at\/index.php\/wp-json\/wp\/v2\/media?parent=988"}],"wp:term":[{"taxonomy":"category","embeddable":true,"href":"https:\/\/wiki.s12.at\/index.php\/wp-json\/wp\/v2\/categories?post=988"},{"taxonomy":"post_tag","embeddable":true,"href":"https:\/\/wiki.s12.at\/index.php\/wp-json\/wp\/v2\/tags?post=988"}],"curies":[{"name":"wp","href":"https:\/\/api.w.org\/{rel}","templated":true}]}}