{"id":981,"date":"2026-05-06T13:38:38","date_gmt":"2026-05-06T11:38:38","guid":{"rendered":"https:\/\/wiki.s12.at\/index.php\/2026\/05\/06\/19-runde-saison-2021-22-sku-amstetten-gegen-fc-liefering\/"},"modified":"2026-05-06T13:38:38","modified_gmt":"2026-05-06T11:38:38","slug":"19-runde-saison-2021-22-sku-amstetten-gegen-fc-liefering","status":"publish","type":"post","link":"https:\/\/wiki.s12.at\/index.php\/2026\/05\/06\/19-runde-saison-2021-22-sku-amstetten-gegen-fc-liefering\/","title":{"rendered":"22, SKU Amstetten gegen FC Liefering"},"content":{"rendered":"<div class=\"mw-parser-output\">\n<table class=\"toptextcells toccolours\">\n<tbody>\n<tr>\n<th colspan=\"2\" style=\"text-align: center; vertical-align: top; padding: 0.3em 0.8em; font-size: 125%; background-color: lightsteelblue;\">SKU Amstetten gegen FC Liefering,  2:2\n<\/th>\n<\/tr>\n<tr>\n<th style=\"text-align:left;\"><b>Spieltag<\/b>\n<\/th>\n<th style=\"text-align:left;\">2. Liga 19. Spieltag\n<\/th>\n<\/tr>\n<tr>\n<th style=\"text-align:left;\"><b>Datum<\/b>\n<\/th>\n<th style=\"text-align:left;\">5.M\u00e4rz 2022\n<\/th>\n<\/tr>\n<tr>\n<th style=\"text-align:left;\"><b>Anpfiff<\/b>\n<\/th>\n<th style=\"text-align:left;\">14.30 Uhr\n<\/th>\n<\/tr>\n<tr>\n<td colspan=\"2\" style=\"text-align:center;\" bgcolor=\"lightgray\"><b>Aufstellung<\/b>\n<\/td>\n<\/tr>\n<tr>\n<th style=\"text-align:left;\"><b>Tor<\/b>\n<\/th>\n<th><a href=\"\/Jonas_Krumrey\" title=\"Jonas Krumrey\">Jonas Krumrey<\/a>\n<\/th>\n<\/tr>\n<tr>\n<th style=\"text-align:left;\"><b>Verteidigung<\/b>\n<\/th>\n<th><a href=\"\/Benjamin_Atiabou\" title=\"Benjamin Atiabou\">Benjamin Atiabou<\/a> &#8211; <a href=\"\/Samson_Baidoo\" title=\"Samson Baidoo\">Samson Baidoo<\/a> &#8211; <a href=\"\/Justin_Omoregie\" title=\"Justin Omoregie\">Justin Omoregie<\/a> &#8211; <a href=\"\/Lukas_Ibertsberger\" title=\"Lukas Ibertsberger\">Lukas Ibertsberger <\/a>\n<\/th>\n<\/tr>\n<tr>\n<th style=\"text-align:left;\"><b>Mittelfeld<\/b>\n<\/th>\n<th><a href=\"\/Mamady_Diambou\" title=\"Mamady Diambou\">Mamady Diambou<\/a> &#8211; <a href=\"\/Raphael_Hofer\" title=\"Raphael Hofer\">Raphael Hofer<\/a> &#8211; <a href=\"\/Lawrence_Agyekum\" title=\"Lawrence Agyekum\">Lawrence Agyekum<\/a>  &#8211; <a href=\"\/Zeteny_Jano\" title=\"Zeteny Jano\">Zeteny Jano<\/a>\n<\/th>\n<\/tr>\n<tr>\n<th style=\"text-align:left;\"><b>Sturm<\/b>\n<\/th>\n<th><a href=\"\/Oumar_Diakite\" title=\"Oumar Diakite\">Oumar Diakite<\/a> &#8211; <a href=\"\/Roko_Simic\" title=\"Roko Simic\">Roko Simic<\/a>\n<\/th>\n<\/tr>\n<tr>\n<td colspan=\"2\" style=\"text-align:center;\" bgcolor=\"lightgray\"><b>Wechsel<\/b>\n<\/td>\n<\/tr>\n<tr>\n<th style=\"text-align:left;\"><b>Wechsel<\/b>\n<\/th>\n<th style=\"text-align:left;\"><a href=\"\/Dijon_Kameri\" title=\"Dijon Kameri\">Dijon Kameri<\/a> f\u00fcr Jano (60.), <a href=\"\/Luka_Reischl\" title=\"Luka Reischl\">Luka Reischl<\/a> f\u00fcr Diakite (60.), <a href=\"\/Daniel_Owusu\" title=\"Daniel Owusu\">Daniel Owusu<\/a> f\u00fcr Hofer (74.\n<\/th>\n<\/tr>\n<tr>\n<td colspan=\"2\" style=\"text-align:center;\" bgcolor=\"lightgray\"><b>Statistik<\/b>\n<\/td>\n<\/tr>\n<tr>\n<th style=\"text-align:left;\"><b>Endstand<\/b>\n<\/th>\n<th style=\"text-align:left;\">2:2 (1:1)\n<\/th>\n<\/tr>\n<tr>\n<th style=\"text-align:left;\"><b>Torsch\u00fctzen<\/b>\n<\/th>\n<th style=\"text-align:left;\">Feiertag (39., E.), Frederiksen (72.); Simic (28., 80.)\n<\/th>\n<\/tr>\n<tr>\n<th style=\"text-align:left;\"><b>Gelbe Karten<\/b>\n<\/th>\n<th style=\"text-align:left;\">Dirnberger (27.);  Diambou (37.), Atiabou (40.), Simic (44.), Diakite (58.)\n<\/th>\n<\/tr>\n<tr>\n<th style=\"text-align:left;\"><b>Rote Karten<\/b>\n<\/th>\n<th style=\"text-align:left;\">Simic (91.)\n<\/th>\n<\/tr>\n<tr>\n<th style=\"text-align:left;\"><b>Schiedsrichter<\/b>\n<\/th>\n<th style=\"text-align:left;\">Manuel Sch\u00fcttengruber\n<\/th>\n<\/tr>\n<tr>\n<th style=\"text-align:left;\"><b>Stadion<\/b>\n<\/th>\n<th style=\"text-align:left;\">Ertl Glas Arena, Amstetten\n<\/th>\n<\/tr>\n<tr>\n<th style=\"text-align:left;\"><b>Zuschauer<\/b>\n<\/th>\n<th style=\"text-align:left;\">855\n<\/th>\n<\/tr>\n<\/tbody>\n<\/table>\n<h2><span class=\"mw-headline\" id=\"Spielbericht\">Spielbericht<\/span><a href=\"\/index.php?title=19._Runde,_Saison_2021\/22,_SKU_Amstetten_gegen_FC_Liefering&amp;action=edit&amp;section=1\" title=\"Abschnitt bearbeiten: Spielbericht\">Bearbeiten<\/a><span class=\"mw-editsection-bracket\">]<\/span><\/span><\/h2>\n<p><a rel=\"nofollow\" class=\"external text\" href=\"https:\/\/www.fc-liefering.at\/de\/fc-liefering\/news\/saison_2021_22\/ligaspiel-amstetten-runde18.html\">Spielbericht Vereinshomepage<\/a>\n<\/p>\n<h2><span class=\"mw-headline\" id=\"Stimmen_zum_Spiel\">Stimmen zum Spiel<\/span><a href=\"\/index.php?title=19._Runde,_Saison_2021\/22,_SKU_Amstetten_gegen_FC_Liefering&amp;action=edit&amp;section=2\" title=\"Abschnitt bearbeiten: Stimmen zum Spiel\">Bearbeiten<\/a><span class=\"mw-editsection-bracket\">]<\/span><\/span><\/h2>\n<p><b>Patrick M\u00f6lzl: <\/b>  Es haben schon auch einige Situationen dazu beigetragen, dass wir nicht mit einer F\u00fchrung in die Halbzeit gegangen sind. Wir h\u00e4tten bereits nach zwei Minuten f\u00fchren k\u00f6nnen, in meinen Augen war der Ball hinter der Linie, au\u00dferdem habe ich beim Diakite-Tor kein Foul gesehen. In Halbzeit zwei haben wir die langen B\u00e4lle gegen einen sehr physischen Gegner nicht mehr so gut verteidigt. Das 1:2 war eigentlich ein Wahnsinn \u2013 solche Treffer bekommst du nur, wenn\u2019s nicht so gut l\u00e4uft. Der Ausgleich spricht umso mehr f\u00fcr die Burschen, das ist nicht selbstverst\u00e4ndlich. Insgesamt war\u2019s ein Schritt nach vorne!\n<\/p>\n<\/div>\n","protected":false},"excerpt":{"rendered":"<p>SKU Amstetten gegen FC Liefering, 2:2 Spieltag 2. Liga 19. Spieltag Datum 5.M\u00e4rz 2022 Anpfiff 14.30 Uhr Aufstellung Tor Jonas Krumrey Verteidigung Benjamin Atiabou &#8211; Samson Baidoo &#8211; Justin Omoregie &#8211; Lukas Ibertsberger Mittelfeld Mamady Diambou &#8211; Raphael Hofer &#8211; Lawrence Agyekum &#8211; Zeteny Jano Sturm Oumar Diakite &#8211; Roko Simic Wechsel Wechsel Dijon Kameri [&hellip;]<\/p>\n","protected":false},"author":1,"featured_media":0,"comment_status":"open","ping_status":"open","sticky":false,"template":"","format":"standard","meta":{"footnotes":""},"categories":[764],"tags":[],"class_list":["post-981","post","type-post","status-publish","format-standard","hentry","category-19-runde-saison-2021"],"_links":{"self":[{"href":"https:\/\/wiki.s12.at\/index.php\/wp-json\/wp\/v2\/posts\/981","targetHints":{"allow":["GET"]}}],"collection":[{"href":"https:\/\/wiki.s12.at\/index.php\/wp-json\/wp\/v2\/posts"}],"about":[{"href":"https:\/\/wiki.s12.at\/index.php\/wp-json\/wp\/v2\/types\/post"}],"author":[{"embeddable":true,"href":"https:\/\/wiki.s12.at\/index.php\/wp-json\/wp\/v2\/users\/1"}],"replies":[{"embeddable":true,"href":"https:\/\/wiki.s12.at\/index.php\/wp-json\/wp\/v2\/comments?post=981"}],"version-history":[{"count":0,"href":"https:\/\/wiki.s12.at\/index.php\/wp-json\/wp\/v2\/posts\/981\/revisions"}],"wp:attachment":[{"href":"https:\/\/wiki.s12.at\/index.php\/wp-json\/wp\/v2\/media?parent=981"}],"wp:term":[{"taxonomy":"category","embeddable":true,"href":"https:\/\/wiki.s12.at\/index.php\/wp-json\/wp\/v2\/categories?post=981"},{"taxonomy":"post_tag","embeddable":true,"href":"https:\/\/wiki.s12.at\/index.php\/wp-json\/wp\/v2\/tags?post=981"}],"curies":[{"name":"wp","href":"https:\/\/api.w.org\/{rel}","templated":true}]}}