{"id":975,"date":"2026-05-06T13:38:16","date_gmt":"2026-05-06T11:38:16","guid":{"rendered":"https:\/\/wiki.s12.at\/index.php\/2026\/05\/06\/19-runde-saison-2015-16-sv-mattersburg-gegen-fc-red-bull-salzburg\/"},"modified":"2026-05-06T13:38:16","modified_gmt":"2026-05-06T11:38:16","slug":"19-runde-saison-2015-16-sv-mattersburg-gegen-fc-red-bull-salzburg","status":"publish","type":"post","link":"https:\/\/wiki.s12.at\/index.php\/2026\/05\/06\/19-runde-saison-2015-16-sv-mattersburg-gegen-fc-red-bull-salzburg\/","title":{"rendered":"16 SV Mattersburg gegen FC Red Bull Salzburg"},"content":{"rendered":"<div class=\"mw-parser-output\">\n<h2><span class=\"mw-headline\" id=\"Fakten\">Fakten<\/span><a href=\"\/index.php?title=19._Runde,_Saison_2015\/16_SV_Mattersburg_gegen_FC_Red_Bull_Salzburg&amp;action=edit&amp;section=1\" title=\"Abschnitt bearbeiten: Fakten\">Bearbeiten<\/a><span class=\"mw-editsection-bracket\">]<\/span><\/span><\/h2>\n<table class=\"toptextcells toccolours\">\n<tbody>\n<tr>\n<th colspan=\"2\" style=\"text-align: center; vertical-align: top; padding: 0.3em 0.8em; font-size: 125%; background-color: lightsteelblue;\">SV Mattersburg gegen FC Red Bull Salzburg, 0:0\n<\/th>\n<\/tr>\n<tr>\n<th style=\"text-align:left;\"><b>Spieltag<\/b>\n<\/th>\n<th style=\"text-align:left;\">Bundesliga &#8211; 19. Spieltag\n<\/th>\n<\/tr>\n<tr>\n<th style=\"text-align:left;\"><b>Datum<\/b>\n<\/th>\n<th style=\"text-align:left;\">6. Dezember 2015\n<\/th>\n<\/tr>\n<tr>\n<th style=\"text-align:left;\"><b>Anpfiff<\/b>\n<\/th>\n<th style=\"text-align:left;\">19 Uhr\n<\/th>\n<\/tr>\n<tr>\n<td colspan=\"2\" style=\"text-align:center;\" bgcolor=\"lightgray\"><b>Aufstellung<\/b>\n<\/td>\n<\/tr>\n<tr>\n<th style=\"text-align:left;\"><b>Tor<\/b>\n<\/th>\n<th><a href=\"\/Alexander_Walke\" title=\"Alexander Walke\">Alexander Walke<\/a>\n<\/th>\n<\/tr>\n<tr>\n<th style=\"text-align:left;\"><b>Verteidigung<\/b>\n<\/th>\n<th><a href=\"\/Stefan_Lainer\" title=\"Stefan Lainer\">Stefan Lainer<\/a> &#8211; <a href=\"\/Duje_Caleta-Car\" title=\"Duje Caleta-Car\">Duje Caleta-Car<\/a> &#8211; <a href=\"\/Paulo_Miranda\" title=\"Paulo Miranda\">Paulo Miranda<\/a> &#8211; <a href=\"\/Andreas_Ulmer\" title=\"Andreas Ulmer\">Andreas Ulmer<\/a>\n<\/th>\n<\/tr>\n<tr>\n<th style=\"text-align:left;\"><b>Mittelfeld<\/b>\n<\/th>\n<th><a href=\"\/Konrad_Laimer\" title=\"Konrad Laimer\">Konrad Laimer<\/a> &#8211; <a href=\"\/Naby_Keita\" title=\"Naby Keita\">Naby Keita<\/a> &#8211; <a href=\"\/Takumi_Minamino\" title=\"Takumi Minamino\">Takumi Minamino<\/a> &#8211; <a href=\"\/Valon_Berisha\" title=\"Valon Berisha\">Valon Berisha<\/a>\n<\/th>\n<\/tr>\n<tr>\n<th style=\"text-align:left;\"><b>Sturm<\/b>\n<\/th>\n<th><a href=\"\/Jonatan_Soriano\" title=\"Jonatan Soriano\">Jonatan Soriano<\/a> &#8211; <a href=\"\/Hee-Chan_Hwang\" title=\"Hee-Chan Hwang\">Hee-Chan Hwang<\/a>\n<\/th>\n<\/tr>\n<tr>\n<td colspan=\"2\" style=\"text-align:center;\" bgcolor=\"lightgray\"><b>Wechsel<\/b>\n<\/td>\n<\/tr>\n<tr>\n<th style=\"text-align:left;\"><b>Wechsel<\/b>\n<\/th>\n<th style=\"text-align:left;\"><a href=\"\/Hany_Mukhtar\" title=\"Hany Mukhtar\">Hany Mukhtar<\/a> f\u00fcr Minamino (67.), <a href=\"\/Valentino_Lazaro\" title=\"Valentino Lazaro\">Valentino Lazaro<\/a> f\u00fcr Lainer (74.), <a href=\"\/Omer_Damari\" title=\"Omer Damari\">Omer Damari<\/a> f\u00fcr Hwang (79.),\n<\/th>\n<\/tr>\n<tr>\n<td colspan=\"2\" style=\"text-align:center;\" bgcolor=\"lightgray\"><b>Statistik<\/b>\n<\/td>\n<\/tr>\n<tr>\n<th style=\"text-align:left;\"><b>Endstand<\/b>\n<\/th>\n<th style=\"text-align:left;\">0:0\n<\/th>\n<\/tr>\n<tr>\n<th style=\"text-align:left;\"><b>Torsch\u00fctzen<\/b>\n<\/th>\n<th style=\"text-align:left;\">\n<\/th>\n<\/tr>\n<tr>\n<th style=\"text-align:left;\"><b>Gelbe Karten<\/b>\n<\/th>\n<th style=\"text-align:left;\">H\u00f6ller (92.); Soriano (84.), Caleta-Car (90.), Miranda (92.)\n<\/th>\n<\/tr>\n<tr>\n<th style=\"text-align:left;\"><b>Rote Karten<\/b>\n<\/th>\n<th style=\"text-align:left;\">\n<\/th>\n<\/tr>\n<tr>\n<th style=\"text-align:left;\"><b>Schiedsrichter<\/b>\n<\/th>\n<th style=\"text-align:left;\">Julian Weinberger\n<\/th>\n<\/tr>\n<tr>\n<th style=\"text-align:left;\"><b>Stadion<\/b>\n<\/th>\n<th style=\"text-align:left;\">Pappelstadion, Mattersburg\n<\/th>\n<\/tr>\n<tr>\n<th style=\"text-align:left;\"><b>Zuschauer<\/b>\n<\/th>\n<th style=\"text-align:left;\">\n<\/th>\n<\/tr>\n<\/tbody>\n<\/table>\n<p>\nHee Chan Hwang feierte heute sein Bundesliga- und Startelf-Deb\u00fct. Er trug die R\u00fcckennummer 48.\n<\/p>\n<h2><span class=\"mw-headline\" id=\"Bilder\">Bilder<\/span><a href=\"\/index.php?title=19._Runde,_Saison_2015\/16_SV_Mattersburg_gegen_FC_Red_Bull_Salzburg&amp;action=edit&amp;section=2\" title=\"Abschnitt bearbeiten: Bilder\">Bearbeiten<\/a><span class=\"mw-editsection-bracket\">]<\/span><\/span><\/h2>\n<ul class=\"gallery mw-gallery-traditional\">\n<li class=\"gallerybox\" style=\"width: 155px\">\n<div style=\"width: 155px\">\n<div class=\"thumb\" style=\"width: 150px;\">\n<div style=\"margin:41px auto;\"><a href=\"\/Datei:12342750_1222946384389500_3702912333747822950_n.jpg\" class=\"image\" title=\"Fanfoto\"><img alt=\"Fanfoto\" src=\"\/images\/thumb\/0\/07\/12342750_1222946384389500_3702912333747822950_n.jpg\/120px-12342750_1222946384389500_3702912333747822950_n.jpg\" decoding=\"async\" width=\"120\" height=\"68\" srcset=\"\/images\/thumb\/0\/07\/12342750_1222946384389500_3702912333747822950_n.jpg\/180px-12342750_1222946384389500_3702912333747822950_n.jpg 1.5x, \/images\/thumb\/0\/07\/12342750_1222946384389500_3702912333747822950_n.jpg\/240px-12342750_1222946384389500_3702912333747822950_n.jpg 2x\" \/><\/a><\/div>\n<\/div>\n<div class=\"gallerytext\">\n<p>Fanfoto\n<\/p>\n<\/p><\/div>\n<\/p><\/div>\n<\/li>\n<\/ul>\n<h2><span class=\"mw-headline\" id=\"Weblinks\">Weblinks<\/span><a href=\"\/index.php?title=19._Runde,_Saison_2015\/16_SV_Mattersburg_gegen_FC_Red_Bull_Salzburg&amp;action=edit&amp;section=3\" title=\"Abschnitt bearbeiten: Weblinks\">Bearbeiten<\/a><span class=\"mw-editsection-bracket\">]<\/span><\/span><\/h2>\n<ul>\n<li><a rel=\"nofollow\" class=\"external text\" href=\"http:\/\/www.redbullsalzburg.at\/de\/fc-red-bull-salzburg\/news\/saison_2015_16\/rote-bullen-mit-torlosem-remis-beim-sv-mattersburg.html\">Spielbericht Vereinshomepage<\/a><\/li>\n<li><a rel=\"nofollow\" class=\"external text\" href=\"http:\/\/www.salzburg12.at\/2015\/12\/bei-letsch-debuet-salzburg-holt-glanzloses-remis-im-burgenland\/\">Spielbericht salzburg12.at<\/a><\/li>\n<\/ul>\n<h2><span class=\"mw-headline\" id=\"Stimmen_zum_Spiel\">Stimmen zum Spiel<\/span><a href=\"\/index.php?title=19._Runde,_Saison_2015\/16_SV_Mattersburg_gegen_FC_Red_Bull_Salzburg&amp;action=edit&amp;section=4\" title=\"Abschnitt bearbeiten: Stimmen zum Spiel\">Bearbeiten<\/a><span class=\"mw-editsection-bracket\">]<\/span><\/span><\/h2>\n<ul>\n<li><b>Thomas Letsch:<\/b> Wir sind am Anfang sehr gut ins Spiel gekommen und hatten gute Chancen. Wir haben aber dann durch zu leichte Ballverluste den Gegner aufgebaut. Die letzte Konsequenz hat uns gefehlt, und deshalb hat es nicht gereicht. Wir hatten Stangensch\u00fcsse und h\u00e4tten auch einen klaren Elfmeter bekommen m\u00fcssen. Nach der Pause haben wir auf zwei Sturmspitzen umgestellt, da hat mir dann zwar die Mentalit\u00e4t mit der die Mannschaft aufgetreten ist gefallen, Tore sind uns dennoch nicht gelungen.<\/li>\n<li><b>Hee-Chan Hwang:<\/b> Ich habe mich im letzten halben Jahr toll weiterentwickelt, gro\u00dfe Schritte nach vorne gemacht und wurde vom Trainerteam optimal auf diesen Augenblick vorbereitet. Ich bin sehr gl\u00fccklich, dass ich heute das Vertrauen bekommen habe und mein Deb\u00fct in der Bundesliga in Mattersburg feiern konnte. Nat\u00fcrlich h\u00e4tten wir gerne gewonnen, waren \u00fcber 90 Minuten die bessere Mannschaft und haben uns einige gute M\u00f6glichkeiten erspielt. Von dem her sind wir doch sehr entt\u00e4uscht.<\/li>\n<\/ul>\n<\/div>\n","protected":false},"excerpt":{"rendered":"<p>FaktenBearbeiten] SV Mattersburg gegen FC Red Bull Salzburg, 0:0 Spieltag Bundesliga &#8211; 19. Spieltag Datum 6. Dezember 2015 Anpfiff 19 Uhr Aufstellung Tor Alexander Walke Verteidigung Stefan Lainer &#8211; Duje Caleta-Car &#8211; Paulo Miranda &#8211; Andreas Ulmer Mittelfeld Konrad Laimer &#8211; Naby Keita &#8211; Takumi Minamino &#8211; Valon Berisha Sturm Jonatan Soriano &#8211; Hee-Chan Hwang [&hellip;]<\/p>\n","protected":false},"author":1,"featured_media":0,"comment_status":"open","ping_status":"open","sticky":false,"template":"","format":"standard","meta":{"footnotes":""},"categories":[760],"tags":[],"class_list":["post-975","post","type-post","status-publish","format-standard","hentry","category-19-runde-saison-2015"],"_links":{"self":[{"href":"https:\/\/wiki.s12.at\/index.php\/wp-json\/wp\/v2\/posts\/975","targetHints":{"allow":["GET"]}}],"collection":[{"href":"https:\/\/wiki.s12.at\/index.php\/wp-json\/wp\/v2\/posts"}],"about":[{"href":"https:\/\/wiki.s12.at\/index.php\/wp-json\/wp\/v2\/types\/post"}],"author":[{"embeddable":true,"href":"https:\/\/wiki.s12.at\/index.php\/wp-json\/wp\/v2\/users\/1"}],"replies":[{"embeddable":true,"href":"https:\/\/wiki.s12.at\/index.php\/wp-json\/wp\/v2\/comments?post=975"}],"version-history":[{"count":0,"href":"https:\/\/wiki.s12.at\/index.php\/wp-json\/wp\/v2\/posts\/975\/revisions"}],"wp:attachment":[{"href":"https:\/\/wiki.s12.at\/index.php\/wp-json\/wp\/v2\/media?parent=975"}],"wp:term":[{"taxonomy":"category","embeddable":true,"href":"https:\/\/wiki.s12.at\/index.php\/wp-json\/wp\/v2\/categories?post=975"},{"taxonomy":"post_tag","embeddable":true,"href":"https:\/\/wiki.s12.at\/index.php\/wp-json\/wp\/v2\/tags?post=975"}],"curies":[{"name":"wp","href":"https:\/\/api.w.org\/{rel}","templated":true}]}}