{"id":97,"date":"2026-05-06T12:54:35","date_gmt":"2026-05-06T10:54:35","guid":{"rendered":"http:\/\/wiki.s12.at\/index.php\/2026\/05\/06\/1-runde-saison-2016-17-fc-liefering-gegen-sv-horn\/"},"modified":"2026-05-06T12:54:35","modified_gmt":"2026-05-06T10:54:35","slug":"1-runde-saison-2016-17-fc-liefering-gegen-sv-horn","status":"publish","type":"post","link":"https:\/\/wiki.s12.at\/index.php\/2026\/05\/06\/1-runde-saison-2016-17-fc-liefering-gegen-sv-horn\/","title":{"rendered":"17, FC Liefering gegen SV Horn"},"content":{"rendered":"<div class=\"mw-parser-output\">\n<h2><span class=\"mw-headline\" id=\"Fakten\">Fakten<\/span><a href=\"\/index.php?title=1._Runde,_Saison_2016\/17,_FC_Liefering_gegen_SV_Horn&amp;action=edit&amp;section=1\" title=\"Abschnitt bearbeiten: Fakten\">Bearbeiten<\/a><span class=\"mw-editsection-bracket\">]<\/span><\/span><\/h2>\n<table class=\"toptextcells toccolours\">\n<tbody>\n<tr>\n<th colspan=\"2\" style=\"text-align: center; vertical-align: top; padding: 0.3em 0.8em; font-size: 125%; background-color: lightsteelblue;\">FC Liefering gegen SV Horn, 1:0\n<\/th>\n<\/tr>\n<tr>\n<th style=\"text-align:left;\"><b>Spieltag<\/b>\n<\/th>\n<th style=\"text-align:left;\">SKY Go Erste Liga &#8211; 1. Spieltag\n<\/th>\n<\/tr>\n<tr>\n<th style=\"text-align:left;\"><b>Datum<\/b>\n<\/th>\n<th style=\"text-align:left;\">22. Juli 2016\n<\/th>\n<\/tr>\n<tr>\n<th style=\"text-align:left;\"><b>Anpfiff<\/b>\n<\/th>\n<th style=\"text-align:left;\">18.30 Uhr\n<\/th>\n<\/tr>\n<tr>\n<td colspan=\"2\" style=\"text-align:center;\" bgcolor=\"lightgray\"><b>Aufstellung<\/b>\n<\/td>\n<\/tr>\n<tr>\n<th style=\"text-align:left;\"><b>Tor<\/b>\n<\/th>\n<th><a href=\"\/Lawrence_Ati-Zigi\" title=\"Lawrence Ati-Zigi\">Lawrence Ati-Zigi<\/a>\n<\/th>\n<\/tr>\n<tr>\n<th style=\"text-align:left;\"><b>Verteidigung<\/b>\n<\/th>\n<th><a href=\"\/Sandro_Ingolitsch\" title=\"Sandro Ingolitsch\">Sandro Ingolitsch<\/a> &#8211; <a href=\"\/Luan\" title=\"Luan\">Luan<\/a> &#8211; <a href=\"\/Igor\" class=\"mw-redirect\" title=\"Igor\">Igor<\/a> &#8211; <a href=\"\/Michael_Switil\" title=\"Michael Switil\">Michael Switil<\/a>\n<\/th>\n<\/tr>\n<tr>\n<th style=\"text-align:left;\"><b>Mittelfeld<\/b>\n<\/th>\n<th><a href=\"\/Nico_Gorzel\" title=\"Nico Gorzel\">Nico Gorzel<\/a>  &#8211; <a href=\"\/Emir_Karic\" title=\"Emir Karic\">Emir Karic<\/a> &#8211;  <a href=\"\/Xaver_Schlager\" title=\"Xaver Schlager\">Xaver Schlager<\/a>  &#8211; <a href=\"\/Masaya_Okugawa\" title=\"Masaya Okugawa\">Masaya Okugawa<\/a> &#8211; <a href=\"\/Samuel_Tetteh\" title=\"Samuel Tetteh\">Samuel Tetteh<\/a>\n<\/th>\n<\/tr>\n<tr>\n<th style=\"text-align:left;\"><b>Sturm<\/b>\n<\/th>\n<th><a href=\"\/Hannes_Wolf\" title=\"Hannes Wolf\">Hannes Wolf<\/a>\n<\/th>\n<\/tr>\n<tr>\n<td colspan=\"2\" style=\"text-align:center;\" bgcolor=\"lightgray\"><b>Wechsel<\/b>\n<\/td>\n<\/tr>\n<tr>\n<th style=\"text-align:left;\"><b>Wechsel<\/b>\n<\/th>\n<th style=\"text-align:left;\"><a href=\"\/Mergim_Berisha\" title=\"Mergim Berisha\">Mergim Berisha<\/a> f\u00fcr Gorzel (60.), <a href=\"\/Oliver_Filip\" title=\"Oliver Filip\">Oliver Filip<\/a> f\u00fcr Tetteh (71.), <a href=\"\/Luca_Meisl\" title=\"Luca Meisl\">Luca Meisl<\/a> f\u00fcr Luan (78.)\n<\/th>\n<\/tr>\n<tr>\n<td colspan=\"2\" style=\"text-align:center;\" bgcolor=\"lightgray\"><b>Statistik<\/b>\n<\/td>\n<\/tr>\n<tr>\n<th style=\"text-align:left;\"><b>Endstand<\/b>\n<\/th>\n<th style=\"text-align:left;\">1:0 (1:0)\n<\/th>\n<\/tr>\n<tr>\n<th style=\"text-align:left;\"><b>Torsch\u00fctzen<\/b>\n<\/th>\n<th style=\"text-align:left;\">Schlager (26.)\n<\/th>\n<\/tr>\n<tr>\n<th style=\"text-align:left;\"><b>Gelbe Karten<\/b>\n<\/th>\n<th style=\"text-align:left;\">Igor (86.); Varela (40.), Juric (47.)\n<\/th>\n<\/tr>\n<tr>\n<th style=\"text-align:left;\"><b>Rote Karten<\/b>\n<\/th>\n<th style=\"text-align:left;\">\n<\/th>\n<\/tr>\n<tr>\n<th style=\"text-align:left;\"><b>Schiedsrichter<\/b>\n<\/th>\n<th style=\"text-align:left;\">Michael Baumann\n<\/th>\n<\/tr>\n<tr>\n<th style=\"text-align:left;\"><b>Stadion<\/b>\n<\/th>\n<th style=\"text-align:left;\">Untersberg-Arena, Gr\u00f6dig\n<\/th>\n<\/tr>\n<tr>\n<th style=\"text-align:left;\"><b>Zuschauer<\/b>\n<\/th>\n<th style=\"text-align:left;\">323\n<\/th>\n<\/tr>\n<\/tbody>\n<\/table>\n<ul>\n<li>Samuel Tetteh, Igor und Luca Meisl feierten ihre Pflichtspieldeb\u00fcts in der Sky Go Ersten Liga.<\/li>\n<\/ul>\n<h2><span class=\"mw-headline\" id=\"Bilder\">Bilder<\/span><a href=\"\/index.php?title=1._Runde,_Saison_2016\/17,_FC_Liefering_gegen_SV_Horn&amp;action=edit&amp;section=2\" title=\"Abschnitt bearbeiten: Bilder\">Bearbeiten<\/a><span class=\"mw-editsection-bracket\">]<\/span><\/span><\/h2>\n<ul class=\"gallery mw-gallery-traditional\">\n<li class=\"gallerybox\" style=\"width: 155px\">\n<div style=\"width: 155px\">\n<div class=\"thumb\" style=\"width: 150px;\">\n<div style=\"margin:26.5px auto;\"><a href=\"\/Datei:FC_Liefering_gegen_SV_Horn_(22._Juli_2016)_05.jpg\" class=\"image\"><img alt=\"FC Liefering gegen SV Horn (22. Juli 2016) 05.jpg\" src=\"\/images\/thumb\/2\/2c\/FC_Liefering_gegen_SV_Horn_%2822._Juli_2016%29_05.jpg\/120px-FC_Liefering_gegen_SV_Horn_%2822._Juli_2016%29_05.jpg%3Futm_source%3Dcommons.wikimedia.org%26utm_campaign%3Dimageinfo%26utm_content%3Dthumbnail\" decoding=\"async\" width=\"120\" height=\"97\" srcset=\"\/images\/thumb\/2\/2c\/FC_Liefering_gegen_SV_Horn_%2822._Juli_2016%29_05.jpg\/250px-FC_Liefering_gegen_SV_Horn_%2822._Juli_2016%29_05.jpg%3Futm_source%3Dcommons.wikimedia.org%26utm_campaign%3Dimageinfo%26utm_content%3Dthumbnail 1.5x\" \/><\/a><\/div>\n<\/div>\n<div class=\"gallerytext\">\n\t\t\t<\/div>\n<\/p><\/div>\n<\/li>\n<li class=\"gallerybox\" style=\"width: 155px\">\n<div style=\"width: 155px\">\n<div class=\"thumb\" style=\"width: 150px;\">\n<div style=\"margin:15px auto;\"><a href=\"\/Datei:FC_Liefering_gegen_SV_Horn_(22._Juli_2016)_18.jpg\" class=\"image\"><img alt=\"FC Liefering gegen SV Horn (22. Juli 2016) 18.jpg\" src=\"\/images\/thumb\/6\/6b\/FC_Liefering_gegen_SV_Horn_%2822._Juli_2016%29_18.jpg\/120px-FC_Liefering_gegen_SV_Horn_%2822._Juli_2016%29_18.jpg%3Futm_source%3Dcommons.wikimedia.org%26utm_campaign%3Dimageinfo%26utm_content%3Dthumbnail\" decoding=\"async\" width=\"103\" height=\"120\" srcset=\"\/images\/thumb\/6\/6b\/FC_Liefering_gegen_SV_Horn_%2822._Juli_2016%29_18.jpg\/250px-FC_Liefering_gegen_SV_Horn_%2822._Juli_2016%29_18.jpg%3Futm_source%3Dcommons.wikimedia.org%26utm_campaign%3Dimageinfo%26utm_content%3Dthumbnail 1.5x\" \/><\/a><\/div>\n<\/div>\n<div class=\"gallerytext\">\n\t\t\t<\/div>\n<\/p><\/div>\n<\/li>\n<li class=\"gallerybox\" style=\"width: 155px\">\n<div style=\"width: 155px\">\n<div class=\"thumb\" style=\"width: 150px;\">\n<div style=\"margin:26px auto;\"><a href=\"\/Datei:FC_Liefering_gegen_SV_Horn_(22._Juli_2016)_29.jpg\" class=\"image\"><img alt=\"FC Liefering gegen SV Horn (22. Juli 2016) 29.jpg\" src=\"\/images\/thumb\/4\/42\/FC_Liefering_gegen_SV_Horn_%2822._Juli_2016%29_29.jpg\/120px-FC_Liefering_gegen_SV_Horn_%2822._Juli_2016%29_29.jpg%3Futm_source%3Dcommons.wikimedia.org%26utm_campaign%3Dimageinfo%26utm_content%3Dthumbnail\" decoding=\"async\" width=\"120\" height=\"98\" srcset=\"\/images\/thumb\/4\/42\/FC_Liefering_gegen_SV_Horn_%2822._Juli_2016%29_29.jpg\/250px-FC_Liefering_gegen_SV_Horn_%2822._Juli_2016%29_29.jpg%3Futm_source%3Dcommons.wikimedia.org%26utm_campaign%3Dimageinfo%26utm_content%3Dthumbnail 1.5x\" \/><\/a><\/div>\n<\/div>\n<div class=\"gallerytext\">\n\t\t\t<\/div>\n<\/p><\/div>\n<\/li>\n<li class=\"gallerybox\" style=\"width: 155px\">\n<div style=\"width: 155px\">\n<div class=\"thumb\" style=\"width: 150px;\">\n<div style=\"margin:15px auto;\"><a href=\"\/Datei:FC_Liefering_gegen_SV_Horn_(22._Juli_2016)_42.jpg\" class=\"image\"><img loading=\"lazy\" alt=\"FC Liefering gegen SV Horn (22. Juli 2016) 42.jpg\" src=\"\/images\/thumb\/b\/bd\/FC_Liefering_gegen_SV_Horn_%2822._Juli_2016%29_42.jpg\/120px-FC_Liefering_gegen_SV_Horn_%2822._Juli_2016%29_42.jpg%3Futm_source%3Dcommons.wikimedia.org%26utm_campaign%3Dimageinfo%26utm_content%3Dthumbnail\" decoding=\"async\" width=\"114\" height=\"120\" srcset=\"\/images\/thumb\/b\/bd\/FC_Liefering_gegen_SV_Horn_%2822._Juli_2016%29_42.jpg\/250px-FC_Liefering_gegen_SV_Horn_%2822._Juli_2016%29_42.jpg%3Futm_source%3Dcommons.wikimedia.org%26utm_campaign%3Dimageinfo%26utm_content%3Dthumbnail 1.5x\" \/><\/a><\/div>\n<\/div>\n<div class=\"gallerytext\">\n\t\t\t<\/div>\n<\/p><\/div>\n<\/li>\n<\/ul>\n<p><img loading=\"lazy\" alt=\"\" src=\"\/images\/thumb\/4\/4a\/Commons-logo.svg\/langde-20px-Commons-logo.svg.png%3Futm_source%3Dcommons.wikimedia.org%26utm_campaign%3Dimageinfo%26utm_content%3Dthumbnail\" decoding=\"async\" title=\"Commons\" width=\"12\" height=\"16\" srcset=\"\/images\/thumb\/4\/4a\/Commons-logo.svg\/langde-40px-Commons-logo.svg.png%3Futm_source%3Dcommons.wikimedia.org%26utm_campaign%3Dimageinfo%26utm_content%3Dthumbnail 2x\" \/>&#160;<b><a href=\"http:\/\/commons.wikimedia.org\/wiki\/Category:FC_Liefering_gegen_SV_Horn_(22._Juli_2016)\" class=\"extiw\" title=\"commons:Category:FC Liefering gegen SV Horn (22. Juli 2016)\">1. Runde, Saison 2016\/17, FC Liefering gegen SV Horn<\/a><\/b>&#160;\u2013 Sammlung von Bildern, Videos und Audiodateien auf <a href=\"\/Wikimedia_Commons\" title=\"Wikimedia Commons\">Wikimedia Commons<\/a>\n<\/p>\n<h2><span class=\"mw-headline\" id=\"Stimmen_zum_Spiel\">Stimmen zum Spiel<\/span><a href=\"\/index.php?title=1._Runde,_Saison_2016\/17,_FC_Liefering_gegen_SV_Horn&amp;action=edit&amp;section=3\" title=\"Abschnitt bearbeiten: Stimmen zum Spiel\">Bearbeiten<\/a><span class=\"mw-editsection-bracket\">]<\/span><\/span><\/h2>\n<p><b>Thomas Letsch:<\/b> Wir sind heute mit dem positiven Auftakt sehr zufrieden und freuen uns \u00fcber einen gelungenen Saisonstart. In den ersten f\u00fcnf Minuten haben wir gleich zwei gro\u00dfe M\u00f6glichkeiten vorgefunden \u2013 da h\u00e4tten wir uns das Leben einfacher machen k\u00f6nnen. Die F\u00fchrung in der ersten H\u00e4lfte war mehr als verdient, auch wenn in der zweiten Halbzeit die Kr\u00e4fte ein wenig nachgelassen haben und der Gegner Chancen vorfand. Meine Mannschaft hielt trotzdem dagegen und zeigte den Willen, die Partie unbedingt gewinnen zu wollen.\n<\/p>\n<\/div>\n","protected":false},"excerpt":{"rendered":"<p>FaktenBearbeiten] FC Liefering gegen SV Horn, 1:0 Spieltag SKY Go Erste Liga &#8211; 1. Spieltag Datum 22. Juli 2016 Anpfiff 18.30 Uhr Aufstellung Tor Lawrence Ati-Zigi Verteidigung Sandro Ingolitsch &#8211; Luan &#8211; Igor &#8211; Michael Switil Mittelfeld Nico Gorzel &#8211; Emir Karic &#8211; Xaver Schlager &#8211; Masaya Okugawa &#8211; Samuel Tetteh Sturm Hannes Wolf Wechsel [&hellip;]<\/p>\n","protected":false},"author":1,"featured_media":0,"comment_status":"open","ping_status":"open","sticky":false,"template":"","format":"standard","meta":{"footnotes":""},"categories":[60],"tags":[],"class_list":["post-97","post","type-post","status-publish","format-standard","hentry","category-1-runde-saison-2016"],"_links":{"self":[{"href":"https:\/\/wiki.s12.at\/index.php\/wp-json\/wp\/v2\/posts\/97","targetHints":{"allow":["GET"]}}],"collection":[{"href":"https:\/\/wiki.s12.at\/index.php\/wp-json\/wp\/v2\/posts"}],"about":[{"href":"https:\/\/wiki.s12.at\/index.php\/wp-json\/wp\/v2\/types\/post"}],"author":[{"embeddable":true,"href":"https:\/\/wiki.s12.at\/index.php\/wp-json\/wp\/v2\/users\/1"}],"replies":[{"embeddable":true,"href":"https:\/\/wiki.s12.at\/index.php\/wp-json\/wp\/v2\/comments?post=97"}],"version-history":[{"count":0,"href":"https:\/\/wiki.s12.at\/index.php\/wp-json\/wp\/v2\/posts\/97\/revisions"}],"wp:attachment":[{"href":"https:\/\/wiki.s12.at\/index.php\/wp-json\/wp\/v2\/media?parent=97"}],"wp:term":[{"taxonomy":"category","embeddable":true,"href":"https:\/\/wiki.s12.at\/index.php\/wp-json\/wp\/v2\/categories?post=97"},{"taxonomy":"post_tag","embeddable":true,"href":"https:\/\/wiki.s12.at\/index.php\/wp-json\/wp\/v2\/tags?post=97"}],"curies":[{"name":"wp","href":"https:\/\/api.w.org\/{rel}","templated":true}]}}