{"id":947,"date":"2026-05-06T13:36:42","date_gmt":"2026-05-06T11:36:42","guid":{"rendered":"https:\/\/wiki.s12.at\/index.php\/2026\/05\/06\/19-runde-nationalliga-saison-1965-66-austria-salzburg-wacker-innsbruck\/"},"modified":"2026-05-06T13:36:42","modified_gmt":"2026-05-06T11:36:42","slug":"19-runde-nationalliga-saison-1965-66-austria-salzburg-wacker-innsbruck","status":"publish","type":"post","link":"https:\/\/wiki.s12.at\/index.php\/2026\/05\/06\/19-runde-nationalliga-saison-1965-66-austria-salzburg-wacker-innsbruck\/","title":{"rendered":"66, Austria Salzburg &#8211; Wacker Innsbruck"},"content":{"rendered":"<div class=\"mw-parser-output\">\n<p><b>Nationalliga, 19. Runde 1965\/66, 2. April 1966, 16.30 Uhr<br \/> <\/b>\n<\/p>\n<table class=\"wikitable\">\n<caption><big>SV Austria Salzburg gegen FC Wacker Innsbruck, 0:0<\/big><br \/>\n<\/caption>\n<tbody>\n<tr>\n<td>Aufstellung:<\/td>\n<td><a href=\"\/Ersoy_S%C3%BCkr%C3%BC\" title=\"Ersoy S\u00fckr\u00fc\">Ersoy S\u00fckr\u00fc<\/a>; <a href=\"\/Johann_Gegenhuber\" title=\"Johann Gegenhuber\">Johann Gegenhuber<\/a>, <a href=\"\/Werner_Breitenfelder\" title=\"Werner Breitenfelder\">Werner Breitenfelder<\/a>, <a href=\"\/Artur_Kibler\" title=\"Artur Kibler\">Artur Kibler<\/a>, <a href=\"\/Hannes_Granzer\" title=\"Hannes Granzer\">Hannes Granzer<\/a>,<br \/> <a href=\"\/Bruno_Kurz\" title=\"Bruno Kurz\">Bruno Kurz<\/a>; <a href=\"\/G%C3%BCnter_Praschak\" title=\"G\u00fcnter Praschak\">G\u00fcnter Praschak <\/a>, <a href=\"\/Reinhard_Jung\" title=\"Reinhard Jung\">Reinhard Jung<\/a>; <a href=\"\/Ern%C3%B6_Frank\" title=\"Ern\u00f6 Frank\">Ern\u00f6 Frank<\/a>, <a href=\"\/Roland_Hirscher\" title=\"Roland Hirscher\">Roland Hirscher<\/a>, <a href=\"\/Adolf_Macek\" title=\"Adolf Macek\">Adolf Macek<\/a>\n<\/td>\n<\/tr>\n<tr>\n<td>Endstand:<\/td>\n<td>0:0\n<\/td>\n<\/tr>\n<tr>\n<td>Torsch\u00fctzen:<\/td>\n<td>\n<\/td>\n<\/tr>\n<tr>\n<td>Gelbe Karten:<\/td>\n<td>\n<\/td>\n<\/tr>\n<tr>\n<td>Gelb-Rote Karten:<\/td>\n<td>\n<\/td>\n<\/tr>\n<tr>\n<td>Rote Karten:<\/td>\n<td>\n<\/td>\n<\/tr>\n<tr>\n<td>Schiedsrichter:<\/td>\n<td>Paul Schiller\n<\/td>\n<\/tr>\n<tr>\n<td>Stadion:<\/td>\n<td>Austria-Platz, Lehen\n<\/td>\n<\/tr>\n<tr>\n<td>Zuschauer:<\/td>\n<td>10 000\n<\/td>\n<\/tr>\n<\/tbody>\n<\/table>\n<\/div>\n","protected":false},"excerpt":{"rendered":"<p>Nationalliga, 19. Runde 1965\/66, 2. April 1966, 16.30 Uhr SV Austria Salzburg gegen FC Wacker Innsbruck, 0:0 Aufstellung: Ersoy S\u00fckr\u00fc; Johann Gegenhuber, Werner Breitenfelder, Artur Kibler, Hannes Granzer, Bruno Kurz; G\u00fcnter Praschak , Reinhard Jung; Ern\u00f6 Frank, Roland Hirscher, Adolf Macek Endstand: 0:0 Torsch\u00fctzen: Gelbe Karten: Gelb-Rote Karten: Rote Karten: Schiedsrichter: Paul Schiller Stadion: Austria-Platz, [&hellip;]<\/p>\n","protected":false},"author":1,"featured_media":0,"comment_status":"open","ping_status":"open","sticky":false,"template":"","format":"standard","meta":{"footnotes":""},"categories":[736],"tags":[],"class_list":["post-947","post","type-post","status-publish","format-standard","hentry","category-19-runde-nationalliga-saison-1965"],"_links":{"self":[{"href":"https:\/\/wiki.s12.at\/index.php\/wp-json\/wp\/v2\/posts\/947","targetHints":{"allow":["GET"]}}],"collection":[{"href":"https:\/\/wiki.s12.at\/index.php\/wp-json\/wp\/v2\/posts"}],"about":[{"href":"https:\/\/wiki.s12.at\/index.php\/wp-json\/wp\/v2\/types\/post"}],"author":[{"embeddable":true,"href":"https:\/\/wiki.s12.at\/index.php\/wp-json\/wp\/v2\/users\/1"}],"replies":[{"embeddable":true,"href":"https:\/\/wiki.s12.at\/index.php\/wp-json\/wp\/v2\/comments?post=947"}],"version-history":[{"count":0,"href":"https:\/\/wiki.s12.at\/index.php\/wp-json\/wp\/v2\/posts\/947\/revisions"}],"wp:attachment":[{"href":"https:\/\/wiki.s12.at\/index.php\/wp-json\/wp\/v2\/media?parent=947"}],"wp:term":[{"taxonomy":"category","embeddable":true,"href":"https:\/\/wiki.s12.at\/index.php\/wp-json\/wp\/v2\/categories?post=947"},{"taxonomy":"post_tag","embeddable":true,"href":"https:\/\/wiki.s12.at\/index.php\/wp-json\/wp\/v2\/tags?post=947"}],"curies":[{"name":"wp","href":"https:\/\/api.w.org\/{rel}","templated":true}]}}