{"id":921,"date":"2026-05-06T13:36:20","date_gmt":"2026-05-06T11:36:20","guid":{"rendered":"https:\/\/wiki.s12.at\/index.php\/2026\/05\/06\/19-runde-saison-2025-26-fc-red-bull-salzburg-frauen-gegen-sk-sturm-graz\/"},"modified":"2026-05-06T13:36:20","modified_gmt":"2026-05-06T11:36:20","slug":"19-runde-saison-2025-26-fc-red-bull-salzburg-frauen-gegen-sk-sturm-graz","status":"publish","type":"post","link":"https:\/\/wiki.s12.at\/index.php\/2026\/05\/06\/19-runde-saison-2025-26-fc-red-bull-salzburg-frauen-gegen-sk-sturm-graz\/","title":{"rendered":"26, FC Red Bull Salzburg Frauen gegen SK Sturm Graz"},"content":{"rendered":"<div class=\"mw-parser-output\">\n<table class=\"toptextcells toccolours\">\n<tbody>\n<tr>\n<th colspan=\"2\" style=\"text-align: center; vertical-align: top; padding: 0.3em 0.8em; font-size: 125%; background-color: lightsteelblue;\">FC Red Bull Salzburg Frauen gegen  SK Sturm Graz, 0:1\n<\/th>\n<\/tr>\n<tr>\n<th style=\"text-align:left;\"><b>Spieltag<\/b>\n<\/th>\n<th style=\"text-align:left;\">Frauen &#8211; Bundesliga, Meistergruppe 1. Runde\n<\/th>\n<\/tr>\n<tr>\n<th style=\"text-align:left;\"><b>Datum<\/b>\n<\/th>\n<th style=\"text-align:left;\">25. April 2026\n<\/th>\n<\/tr>\n<tr>\n<th style=\"text-align:left;\"><b>Anpfiff<\/b>\n<\/th>\n<th style=\"text-align:left;\">14 Uhr\n<\/th>\n<\/tr>\n<tr>\n<td colspan=\"2\" style=\"text-align:center;\" bgcolor=\"lightgray\"><b>Aufstellung<\/b>\n<\/td>\n<\/tr>\n<tr>\n<th style=\"text-align:left;\"><b>Tor<\/b>\n<\/th>\n<th><a href=\"\/Michaela_Fischer\" title=\"Michaela Fischer\">Michaela Fischer<\/a>\n<\/th>\n<\/tr>\n<tr>\n<th style=\"text-align:left;\"><b>Verteidigung<\/b>\n<\/th>\n<th><a href=\"\/Christina_Gierzinger\" title=\"Christina Gierzinger\">Christina Gierzinger<\/a>  &#8211; <a href=\"\/Aldina_Hamzic\" title=\"Aldina Hamzic\">Aldina Hamzic<\/a> &#8211; <a href=\"\/Sophia_Schirmbrand\" title=\"Sophia Schirmbrand\">Sophia Schirmbrand<\/a> &#8211; <a href=\"\/Laura_Spinn\" title=\"Laura Spinn\">Laura Spinn<\/a>\n<\/th>\n<\/tr>\n<tr>\n<th style=\"text-align:left;\"><b>Mittelfeld<\/b>\n<\/th>\n<th><a href=\"\/Lucia_Orkic\" title=\"Lucia Orkic\">Lucia Orkic<\/a> &#8211; <a href=\"\/Valentina_Illinger\" title=\"Valentina Illinger\">Valentina Illinger<\/a>  &#8211; <a href=\"\/Greta_Spinn\" title=\"Greta Spinn\">Greta Spinn<\/a> &#8211; <a href=\"\/Julia_Gr%C3%BCnwald\" title=\"Julia Gr\u00fcnwald\">Julia Gr\u00fcnwald<\/a>\n<\/th>\n<\/tr>\n<tr>\n<th style=\"text-align:left;\"><b>Sturm<\/b>\n<\/th>\n<th><a href=\"\/Emelie_Kobler\" title=\"Emelie Kobler\">Emelie Kobler<\/a> &#8211; <a href=\"\/Vina_Crnoja\" title=\"Vina Crnoja\">Vina Crnoja<\/a>\n<\/th>\n<\/tr>\n<tr>\n<td colspan=\"2\" style=\"text-align:center;\" bgcolor=\"lightgray\"><b>Wechsel<\/b>\n<\/td>\n<\/tr>\n<tr>\n<th style=\"text-align:left;\"><b>Wechsel<\/b>\n<\/th>\n<th style=\"text-align:left;\"><a href=\"\/Valentina_Lutz\" title=\"Valentina Lutz\">Valentina Lutz<\/a> f\u00fcr Gierzinger (46.), <a href=\"\/Tina_Krassnig\" title=\"Tina Krassnig\">Tina Krassnig<\/a> f\u00fcr Kobler (65.), <a href=\"\/Theresa_D%27Angelo\" title=\"Theresa D&#39;Angelo\">Theresa D&#8217;Angelo<\/a> <br \/> f\u00fcr L. Spinn (65.),  <a href=\"\/Alessia_Pamminger\" title=\"Alessia Pamminger\">Alessia Pamminger<\/a> f\u00fcr Orkic  (75.)\n<\/th>\n<\/tr>\n<tr>\n<td colspan=\"2\" style=\"text-align:center;\" bgcolor=\"lightgray\"><b>Statistik<\/b>\n<\/td>\n<\/tr>\n<tr>\n<th style=\"text-align:left;\"><b>Endstand<\/b>\n<\/th>\n<th style=\"text-align:left;\">0:1 (0:1)\n<\/th>\n<\/tr>\n<tr>\n<th style=\"text-align:left;\"><b>Torsch\u00fctzen<\/b>\n<\/th>\n<th style=\"text-align:left;\">Wirnsberger (5.)\n<\/th>\n<\/tr>\n<tr>\n<th style=\"text-align:left;\"><b>Gelbe Karten<\/b>\n<\/th>\n<th style=\"text-align:left;\">\n<\/th>\n<\/tr>\n<tr>\n<th style=\"text-align:left;\"><b>Rote Karten<\/b>\n<\/th>\n<th style=\"text-align:left;\">\n<\/th>\n<\/tr>\n<tr>\n<th style=\"text-align:left;\"><b>Schiedsrichter<\/b>\n<\/th>\n<th style=\"text-align:left;\">Herbert Mimra\n<\/th>\n<\/tr>\n<tr>\n<th style=\"text-align:left;\"><b>Stadion<\/b>\n<\/th>\n<th style=\"text-align:left;\">Akademie Liefering, Salzburg\n<\/th>\n<\/tr>\n<tr>\n<th style=\"text-align:left;\"><b>Zuschauer<\/b>\n<\/th>\n<th style=\"text-align:left;\">350\n<\/th>\n<\/tr>\n<\/tbody>\n<\/table>\n<h2><span class=\"mw-headline\" id=\"Spielbericht\">Spielbericht<\/span><a href=\"\/index.php?title=19.Runde,_Saison_2025\/26,_FC_Red_Bull_Salzburg_Frauen_gegen_SK_Sturm_Graz&amp;action=edit&amp;section=1\" title=\"Abschnitt bearbeiten: Spielbericht\">Bearbeiten<\/a><span class=\"mw-editsection-bracket\">]<\/span><\/span><\/h2>\n<p><a rel=\"nofollow\" class=\"external text\" href=\"https:\/\/www.redbullsalzburg.at\/de\/frauen\/2025-2026\/spielplan-frauen\/bundesliga-mg-26-runde-1-fc-red-bull-salzburg-vs-sk-sturm-graz#spielbericht\">Spielbericht Vereinshomepage<\/a>\n<\/p>\n<h2><span class=\"mw-headline\" id=\"Bilder\">Bilder<\/span><a href=\"\/index.php?title=19.Runde,_Saison_2025\/26,_FC_Red_Bull_Salzburg_Frauen_gegen_SK_Sturm_Graz&amp;action=edit&amp;section=2\" title=\"Abschnitt bearbeiten: Bilder\">Bearbeiten<\/a><span class=\"mw-editsection-bracket\">]<\/span><\/span><\/h2>\n<p><img alt=\"\" src=\"\/images\/thumb\/4\/4a\/Commons-logo.svg\/langde-20px-Commons-logo.svg.png%3Futm_source%3Dcommons.wikimedia.org%26utm_campaign%3Dimageinfo%26utm_content%3Dthumbnail\" decoding=\"async\" title=\"Commons\" width=\"12\" height=\"16\" srcset=\"\/images\/thumb\/4\/4a\/Commons-logo.svg\/langde-40px-Commons-logo.svg.png%3Futm_source%3Dcommons.wikimedia.org%26utm_campaign%3Dimageinfo%26utm_content%3Dthumbnail 2x\" \/>&#160;<b><a href=\"http:\/\/commons.wikimedia.org\/wiki\/Category:FC_RB_Salzburg_Frauen_vs._SK_Sturm_Graz_Frauen_(2026-04-_25)\" class=\"extiw\" title=\"commons:Category:FC RB Salzburg Frauen vs. SK Sturm Graz Frauen (2026-04- 25)\">19.Runde, Saison 2025\/26, FC Red Bull Salzburg Frauen gegen SK Sturm Graz<\/a><\/b>&#160;\u2013 Sammlung von Bildern, Videos und Audiodateien auf <a href=\"\/Wikimedia_Commons\" title=\"Wikimedia Commons\">Wikimedia Commons<\/a>\n<\/p>\n<h2><span class=\"mw-headline\" id=\"Stimmen_zum_Spiel\">Stimmen zum Spiel<\/span><a href=\"\/index.php?title=19.Runde,_Saison_2025\/26,_FC_Red_Bull_Salzburg_Frauen_gegen_SK_Sturm_Graz&amp;action=edit&amp;section=3\" title=\"Abschnitt bearbeiten: Stimmen zum Spiel\">Bearbeiten<\/a><span class=\"mw-editsection-bracket\">]<\/span><\/span><\/h2>\n<p><b>Dusan Pavlovic: <\/b>Grunds\u00e4tzlich war es ein sehr knappes Spiel, wir haben wieder gezeigt, dass wir konkurrenzf\u00e4hig sind. Wir haben das Tor aus einem Standard kassiert, das hat der Gegner \u00fcberragend gemacht. Wenn man inhaltlich etwas suchen will, dann, dass wir mit dem Ball nicht das allerbeste Spiel gemacht haben \u2013 aber es gibt eben auch den Faktor Gegner, der einer der st\u00e4rksten in \u00d6sterreich ist. Ich bin grunds\u00e4tzlich mit der Leistung, unserer Mentalit\u00e4t, dem Zugang und der Haltung zufrieden. Wir nehmen das Match, um daraus zu lernen und zu wachsen. Das Beste und Wertvollste, was uns passieren kann, ist, diese Partien Woche f\u00fcr Woche zu spielen.\n<\/p>\n<\/div>\n","protected":false},"excerpt":{"rendered":"<p>FC Red Bull Salzburg Frauen gegen SK Sturm Graz, 0:1 Spieltag Frauen &#8211; Bundesliga, Meistergruppe 1. Runde Datum 25. April 2026 Anpfiff 14 Uhr Aufstellung Tor Michaela Fischer Verteidigung Christina Gierzinger &#8211; Aldina Hamzic &#8211; Sophia Schirmbrand &#8211; Laura Spinn Mittelfeld Lucia Orkic &#8211; Valentina Illinger &#8211; Greta Spinn &#8211; Julia Gr\u00fcnwald Sturm Emelie Kobler [&hellip;]<\/p>\n","protected":false},"author":1,"featured_media":0,"comment_status":"open","ping_status":"open","sticky":false,"template":"","format":"standard","meta":{"footnotes":""},"categories":[712],"tags":[],"class_list":["post-921","post","type-post","status-publish","format-standard","hentry","category-19-runde-saison-2025"],"_links":{"self":[{"href":"https:\/\/wiki.s12.at\/index.php\/wp-json\/wp\/v2\/posts\/921","targetHints":{"allow":["GET"]}}],"collection":[{"href":"https:\/\/wiki.s12.at\/index.php\/wp-json\/wp\/v2\/posts"}],"about":[{"href":"https:\/\/wiki.s12.at\/index.php\/wp-json\/wp\/v2\/types\/post"}],"author":[{"embeddable":true,"href":"https:\/\/wiki.s12.at\/index.php\/wp-json\/wp\/v2\/users\/1"}],"replies":[{"embeddable":true,"href":"https:\/\/wiki.s12.at\/index.php\/wp-json\/wp\/v2\/comments?post=921"}],"version-history":[{"count":0,"href":"https:\/\/wiki.s12.at\/index.php\/wp-json\/wp\/v2\/posts\/921\/revisions"}],"wp:attachment":[{"href":"https:\/\/wiki.s12.at\/index.php\/wp-json\/wp\/v2\/media?parent=921"}],"wp:term":[{"taxonomy":"category","embeddable":true,"href":"https:\/\/wiki.s12.at\/index.php\/wp-json\/wp\/v2\/categories?post=921"},{"taxonomy":"post_tag","embeddable":true,"href":"https:\/\/wiki.s12.at\/index.php\/wp-json\/wp\/v2\/tags?post=921"}],"curies":[{"name":"wp","href":"https:\/\/api.w.org\/{rel}","templated":true}]}}