{"id":919,"date":"2026-05-06T13:36:16","date_gmt":"2026-05-06T11:36:16","guid":{"rendered":"https:\/\/wiki.s12.at\/index.php\/2026\/05\/06\/19-runde-regionalliga-west-saison-2012-13-fc-liefering-gegen-wsg-wattens\/"},"modified":"2026-05-06T13:36:16","modified_gmt":"2026-05-06T11:36:16","slug":"19-runde-regionalliga-west-saison-2012-13-fc-liefering-gegen-wsg-wattens","status":"publish","type":"post","link":"https:\/\/wiki.s12.at\/index.php\/2026\/05\/06\/19-runde-regionalliga-west-saison-2012-13-fc-liefering-gegen-wsg-wattens\/","title":{"rendered":"13, FC Liefering gegen WSG Wattens"},"content":{"rendered":"<div class=\"mw-parser-output\">\n<p><b>Regionalliga West &#8211; 19. Spieltag, 30. M\u00e4rz 2013, 15.30 Uhr<\/b><br \/>\n\n<\/p>\n<table class=\"wikitable\">\n<caption><b><big>FC Liefering gegen WSG Wattens, 6:2<\/big><\/b><br \/>\n<\/caption>\n<tbody>\n<tr>\n<td>Aufstellung:<\/td>\n<td><a href=\"\/Domenik_Schierl\" title=\"Domenik Schierl\">Domenik Schierl<\/a> <a href=\"\/Rene_Aufhauser\" class=\"mw-redirect\" title=\"Rene Aufhauser\">Rene Aufhauser<\/a> <a href=\"\/Wolfgang_Mair\" title=\"Wolfgang Mair\">Wolfgang Mair<\/a> <a href=\"\/Andreas_Schrott\" title=\"Andreas Schrott\">Andreas Schrott<\/a> <a href=\"\/Andre_Ramalho\" class=\"mw-redirect\" title=\"Andre Ramalho\">Andre Ramalho<\/a> <a href=\"\/Sandro_Djuric\" title=\"Sandro Djuric\">Sandro Djuric<\/a> <a href=\"\/Josip_Coric\" class=\"mw-redirect\" title=\"Josip Coric\">Josip Coric<\/a> <a href=\"\/Felix_Adjei\" title=\"Felix Adjei\">Felix Adjei<\/a> <a href=\"\/Nikola_Dovedan\" title=\"Nikola Dovedan\">Nikola Dovedan<\/a> <a href=\"\/Alexander_Aschauer\" title=\"Alexander Aschauer\">Alexander Aschauer<\/a> <a href=\"\/Mario_Konrad\" title=\"Mario Konrad\">Mario Konrad<\/a>\n<\/td>\n<\/tr>\n<tr>\n<td>Wechsel:<\/td>\n<td><a href=\"\/Stefan_Savic\" title=\"Stefan Savic\">Stefan Savic<\/a> f\u00fcr Konrad (57.), <a href=\"\/Andreas_Bammer\" title=\"Andreas Bammer\">Andreas Bammer<\/a> f\u00fcr Aschauer (68.), <a href=\"\/Robert_V%C3%B6lkl\" title=\"Robert V\u00f6lkl\">Robert V\u00f6lkl<\/a> f\u00fcr Djuric (78.)\n<\/td>\n<\/tr>\n<tr>\n<td>Endstand:<\/td>\n<td>6:2 (2:1)\n<\/td>\n<\/tr>\n<tr>\n<td>Torsch\u00fctzen:<\/td>\n<td>Aufhauser (8.), Schrott (19., 88.) Dovedan (72.), Coric (84., E.), Bammer (93.); Zangerl (15.), Obernosterer (57.)\n<\/td>\n<\/tr>\n<tr>\n<td>Gelbe Karten:<\/td>\n<td>Adjei (27.), Dovedan (44.), Ramalho (64.); Buchacher (77.), Weissenbrunner (87.), Schuhmacher (91.)\n<\/td>\n<\/tr>\n<tr>\n<td>Gelb-rote Karten:<\/td>\n<td>\n<\/td>\n<\/tr>\n<tr>\n<td>Rote Karten:<\/td>\n<td>\n<\/td>\n<\/tr>\n<tr>\n<td>Schiedsrichter:<\/td>\n<td>Berndt B\u00f6ckle\n<\/td>\n<\/tr>\n<tr>\n<td>Stadion:<\/td>\n<td>EM-Stadion Wals-Siezenheim\n<\/td>\n<\/tr>\n<tr>\n<td>Zuschauer:<\/td>\n<td>150\n<\/td>\n<\/tr>\n<tr>\n<td>Besonderes:<\/td>\n<td>Eine Abordnung von Austria Salzburg beobachtete die Partie genau. Neben einigen Spielern sind auch Pr\u00e4sident Windischbauer und Coach Hofer anwesend.\n<\/td>\n<\/tr>\n<\/tbody>\n<\/table>\n<h2><span class=\"mw-headline\" id=\"Weblinks\">Weblinks<\/span><a href=\"\/index.php?title=19.Runde,_Regionalliga_West,_Saison_2012\/13,_FC_Liefering_gegen_WSG_Wattens&amp;action=edit&amp;section=1\" title=\"Abschnitt bearbeiten: Weblinks\">Bearbeiten<\/a><span class=\"mw-editsection-bracket\">]<\/span><\/span><\/h2>\n<ul>\n<li><a rel=\"nofollow\" class=\"external text\" href=\"http:\/\/redbulls.com\/soccer\/salzburg\/de\/juniors-news-detail_6590.html\">Spielbericht auf der Homepage<\/a><\/li>\n<li><a rel=\"nofollow\" class=\"external text\" href=\"http:\/\/www.regionalliga.at\/west\/spielbericht\/2012_2013\/2617\/fc-liefering---wsg-wattens\/\">Spielbericht auf rlw.at<\/a><\/li>\n<\/ul>\n<h2><span class=\"mw-headline\" id=\"Stimmen_zum_Spiel\">Stimmen zum Spiel<\/span><a href=\"\/index.php?title=19.Runde,_Regionalliga_West,_Saison_2012\/13,_FC_Liefering_gegen_WSG_Wattens&amp;action=edit&amp;section=2\" title=\"Abschnitt bearbeiten: Stimmen zum Spiel\">Bearbeiten<\/a><span class=\"mw-editsection-bracket\">]<\/span><\/span><\/h2>\n<p><b>Peter Zeidler:<\/b> \u201eDas Ergebnis ist sehr gut, der Gegner hat uns alles abverlangt. Bei 2:2 stand das Spiel auf der Kippe. Wattens war um einiges st\u00e4rker als Bregenz letzte Woche. Wir haben aber an unsere St\u00e4rken geglaubt, sie ausgespielt und schlussendlich auch verdient gewonnen. Diese Partie schwei\u00dft uns weiter zusammen, stimmt mich positiv auf das n\u00e4chste Spiel gegen Kufstein. Wir werden weiter hart arbeiten und uns von Woche zu Woche verbessern.\u201c\n<\/p>\n<\/div>\n","protected":false},"excerpt":{"rendered":"<p>Regionalliga West &#8211; 19. Spieltag, 30. M\u00e4rz 2013, 15.30 Uhr FC Liefering gegen WSG Wattens, 6:2 Aufstellung: Domenik Schierl Rene Aufhauser Wolfgang Mair Andreas Schrott Andre Ramalho Sandro Djuric Josip Coric Felix Adjei Nikola Dovedan Alexander Aschauer Mario Konrad Wechsel: Stefan Savic f\u00fcr Konrad (57.), Andreas Bammer f\u00fcr Aschauer (68.), Robert V\u00f6lkl f\u00fcr Djuric (78.) [&hellip;]<\/p>\n","protected":false},"author":1,"featured_media":0,"comment_status":"open","ping_status":"open","sticky":false,"template":"","format":"standard","meta":{"footnotes":""},"categories":[710],"tags":[],"class_list":["post-919","post","type-post","status-publish","format-standard","hentry","category-19-runde-regionalliga-west-saison-2012"],"_links":{"self":[{"href":"https:\/\/wiki.s12.at\/index.php\/wp-json\/wp\/v2\/posts\/919","targetHints":{"allow":["GET"]}}],"collection":[{"href":"https:\/\/wiki.s12.at\/index.php\/wp-json\/wp\/v2\/posts"}],"about":[{"href":"https:\/\/wiki.s12.at\/index.php\/wp-json\/wp\/v2\/types\/post"}],"author":[{"embeddable":true,"href":"https:\/\/wiki.s12.at\/index.php\/wp-json\/wp\/v2\/users\/1"}],"replies":[{"embeddable":true,"href":"https:\/\/wiki.s12.at\/index.php\/wp-json\/wp\/v2\/comments?post=919"}],"version-history":[{"count":0,"href":"https:\/\/wiki.s12.at\/index.php\/wp-json\/wp\/v2\/posts\/919\/revisions"}],"wp:attachment":[{"href":"https:\/\/wiki.s12.at\/index.php\/wp-json\/wp\/v2\/media?parent=919"}],"wp:term":[{"taxonomy":"category","embeddable":true,"href":"https:\/\/wiki.s12.at\/index.php\/wp-json\/wp\/v2\/categories?post=919"},{"taxonomy":"post_tag","embeddable":true,"href":"https:\/\/wiki.s12.at\/index.php\/wp-json\/wp\/v2\/tags?post=919"}],"curies":[{"name":"wp","href":"https:\/\/api.w.org\/{rel}","templated":true}]}}