{"id":91,"date":"2026-05-06T12:54:27","date_gmt":"2026-05-06T10:54:27","guid":{"rendered":"http:\/\/wiki.s12.at\/index.php\/2026\/05\/06\/1-runde-saison-2013-14-fc-liefering-gegen-sv-mattersburg\/"},"modified":"2026-05-06T12:54:27","modified_gmt":"2026-05-06T10:54:27","slug":"1-runde-saison-2013-14-fc-liefering-gegen-sv-mattersburg","status":"publish","type":"post","link":"https:\/\/wiki.s12.at\/index.php\/2026\/05\/06\/1-runde-saison-2013-14-fc-liefering-gegen-sv-mattersburg\/","title":{"rendered":"14, FC Liefering gegen SV Mattersburg"},"content":{"rendered":"<div class=\"mw-parser-output\">\n<h3><span class=\"mw-headline\" id=\"Fakten\">Fakten<\/span><a href=\"\/index.php?title=1._Runde,_Saison_2013\/14,_FC_Liefering_gegen_SV_Mattersburg&amp;action=edit&amp;section=1\" title=\"Abschnitt bearbeiten: Fakten\">Bearbeiten<\/a><span class=\"mw-editsection-bracket\">]<\/span><\/span><\/h3>\n<p><b>Heute f\u00fcr Morgen 1. Liga &#8211; 1. Spieltag: 19. Juli 2013, 20.30 Uhr<\/b><br \/>\n\n<\/p>\n<table class=\"wikitable\">\n<caption><big> <b> FC Liefering gegen SV Mattersburg, 3:0<\/b><\/big><br \/>\n<\/caption>\n<tbody>\n<tr>\n<td>Aufstellung:<\/td>\n<td><a href=\"\/Thomas_D%C3%A4hne\" title=\"Thomas D\u00e4hne\">Thomas D\u00e4hne<\/a>\n<\/td>\n<\/tr>\n<tr>\n<td><\/td>\n<td><a href=\"\/Stefan_Lainer\" title=\"Stefan Lainer\">Stefan Lainer<\/a> <a href=\"\/Rene_Aufhauser\" class=\"mw-redirect\" title=\"Rene Aufhauser\">Rene Aufhauser<\/a> <a href=\"\/Andreas_Schrott\" title=\"Andreas Schrott\">Andreas Schrott<\/a> <a href=\"\/Felix_Adjei\" title=\"Felix Adjei\">Felix Adjei<\/a>\n<\/td>\n<\/tr>\n<tr>\n<td><\/td>\n<td><a href=\"\/Robert_V%C3%B6lkl\" title=\"Robert V\u00f6lkl\">Robert V\u00f6lkl<\/a>, <a href=\"\/Sandro_Djuric\" title=\"Sandro Djuric\">Sandro Djuric<\/a>, <a href=\"\/Wolfgang_Mair\" title=\"Wolfgang Mair\">Wolfgang Mair<\/a>, <a href=\"\/Michael_Brandner\" title=\"Michael Brandner\">Michael Brandner<\/a>\n<\/td>\n<\/tr>\n<tr>\n<td><\/td>\n<td><a href=\"\/Bright_Edomwonyi\" title=\"Bright Edomwonyi\">Bright Edomwonyi<\/a> <a href=\"\/Mario_Konrad\" title=\"Mario Konrad\">Mario Konrad<\/a>\n<\/td>\n<\/tr>\n<tr>\n<td>Wechsel:<\/td>\n<td><a href=\"\/Ivan_Kovacec\" title=\"Ivan Kovacec\">Ivan Kovacec<\/a> f\u00fcr Konrad (46.), <a href=\"\/Andreas_Bammer\" title=\"Andreas Bammer\">Andreas Bammer<\/a> f\u00fcr Edomwonyi (56.), <a href=\"\/Nikola_Dovedan\" title=\"Nikola Dovedan\">Nikola Dovedan<\/a> f\u00fcr Mair (79.)\n<\/td>\n<\/tr>\n<tr>\n<td>Endstand:<\/td>\n<td>3:0 (1:0)\n<\/td>\n<\/tr>\n<tr>\n<td>Torsch\u00fctzen:<\/td>\n<td>Djuric (35.), Bammer (71.), Kovacec (74.)\n<\/td>\n<\/tr>\n<tr>\n<td>Gelbe Karten:<\/td>\n<td>Brandner (17.), Lainer (76.); Prietl (29.), Majstorovic (61.), Malic (65.), Spuller (67.), Klemen (69.), Farkas (81.)\n<\/td>\n<\/tr>\n<tr>\n<td>Gelb-rote Karten:<\/td>\n<td>\n<\/td>\n<\/tr>\n<tr>\n<td>Rote Karten:<\/td>\n<td>\n<\/td>\n<\/tr>\n<tr>\n<td>Schiedsrichter:<\/td>\n<td>Dominik Ouschan\n<\/td>\n<\/tr>\n<tr>\n<td>Stadion:<\/td>\n<td>Red Bull Arena, Salzburg\n<\/td>\n<\/tr>\n<tr>\n<td>Zuschauer:<\/td>\n<td>620\n<\/td>\n<\/tr>\n<\/tbody>\n<\/table>\n<h2><span class=\"mw-headline\" id=\"Stimmen_zum_Spiel\">Stimmen zum Spiel<\/span><a href=\"\/index.php?title=1._Runde,_Saison_2013\/14,_FC_Liefering_gegen_SV_Mattersburg&amp;action=edit&amp;section=2\" title=\"Abschnitt bearbeiten: Stimmen zum Spiel\">Bearbeiten<\/a><span class=\"mw-editsection-bracket\">]<\/span><\/span><\/h2>\n<p><b>Peter Zeidler:<\/b> \u201eIch bin sehr zufrieden mit dem Ergebnis. Schlie\u00dflich ging es gegen einen Aufstiegskandidaten. Wir hatten am Anfang Probleme, uns zurechtzufinden. Das haben wir dann aber in den Griff bekommen und sind immer besser geworden. Es macht Spa\u00df, mit dieser Mannschaft zu arbeiten und etwas zu entwickeln. Der Sieg darf aber nicht \u00fcberbewertet werden. Wir m\u00fcssen weiter flei\u00dfig arbeiten, um uns in der Liga zu etablieren.\u201c\n<\/p>\n<p><b>Andreas Bammer:<\/b> \u201eDas war heute ein dickes Ausrufezeichen. Wir haben gegen einen starken Gegner gezeigt, wie viel Qualit\u00e4t wir in der Mannschaft haben.\u201c\n<\/p>\n<p><b>Sandro Djuric:<\/b> \u201eF\u00fcr mich war es heute das erste Zweitliga-Spiel. Und da gleich ein Tor zu machen, ist nat\u00fcrlich ganz toll. Besonders nach der Pause haben wir die R\u00e4ume sehr gut gen\u00fctzt.\u201c\n<\/p>\n<\/div>\n","protected":false},"excerpt":{"rendered":"<p>FaktenBearbeiten] Heute f\u00fcr Morgen 1. Liga &#8211; 1. Spieltag: 19. Juli 2013, 20.30 Uhr FC Liefering gegen SV Mattersburg, 3:0 Aufstellung: Thomas D\u00e4hne Stefan Lainer Rene Aufhauser Andreas Schrott Felix Adjei Robert V\u00f6lkl, Sandro Djuric, Wolfgang Mair, Michael Brandner Bright Edomwonyi Mario Konrad Wechsel: Ivan Kovacec f\u00fcr Konrad (46.), Andreas Bammer f\u00fcr Edomwonyi (56.), Nikola [&hellip;]<\/p>\n","protected":false},"author":1,"featured_media":0,"comment_status":"open","ping_status":"open","sticky":false,"template":"","format":"standard","meta":{"footnotes":""},"categories":[57],"tags":[],"class_list":["post-91","post","type-post","status-publish","format-standard","hentry","category-1-runde-saison-2013"],"_links":{"self":[{"href":"https:\/\/wiki.s12.at\/index.php\/wp-json\/wp\/v2\/posts\/91","targetHints":{"allow":["GET"]}}],"collection":[{"href":"https:\/\/wiki.s12.at\/index.php\/wp-json\/wp\/v2\/posts"}],"about":[{"href":"https:\/\/wiki.s12.at\/index.php\/wp-json\/wp\/v2\/types\/post"}],"author":[{"embeddable":true,"href":"https:\/\/wiki.s12.at\/index.php\/wp-json\/wp\/v2\/users\/1"}],"replies":[{"embeddable":true,"href":"https:\/\/wiki.s12.at\/index.php\/wp-json\/wp\/v2\/comments?post=91"}],"version-history":[{"count":0,"href":"https:\/\/wiki.s12.at\/index.php\/wp-json\/wp\/v2\/posts\/91\/revisions"}],"wp:attachment":[{"href":"https:\/\/wiki.s12.at\/index.php\/wp-json\/wp\/v2\/media?parent=91"}],"wp:term":[{"taxonomy":"category","embeddable":true,"href":"https:\/\/wiki.s12.at\/index.php\/wp-json\/wp\/v2\/categories?post=91"},{"taxonomy":"post_tag","embeddable":true,"href":"https:\/\/wiki.s12.at\/index.php\/wp-json\/wp\/v2\/tags?post=91"}],"curies":[{"name":"wp","href":"https:\/\/api.w.org\/{rel}","templated":true}]}}