{"id":908,"date":"2026-05-06T13:35:40","date_gmt":"2026-05-06T11:35:40","guid":{"rendered":"https:\/\/wiki.s12.at\/index.php\/2026\/05\/06\/18-runde-saison-20223-24-fc-liefering-gegen-skn-st-poelten\/"},"modified":"2026-05-06T13:35:40","modified_gmt":"2026-05-06T11:35:40","slug":"18-runde-saison-20223-24-fc-liefering-gegen-skn-st-poelten","status":"publish","type":"post","link":"https:\/\/wiki.s12.at\/index.php\/2026\/05\/06\/18-runde-saison-20223-24-fc-liefering-gegen-skn-st-poelten\/","title":{"rendered":"24, FC Liefering gegen SKN St. P\u00f6lten"},"content":{"rendered":"<div class=\"mw-parser-output\">\n<table class=\"toptextcells toccolours\">\n<tbody>\n<tr>\n<th colspan=\"2\" style=\"text-align: center; vertical-align: top; padding: 0.3em 0.8em; font-size: 125%; background-color: lightsteelblue;\">FC Liefering  gegen SKN St. P\u00f6lten, 3:1\n<\/th>\n<\/tr>\n<tr>\n<th style=\"text-align:left;\"><b>Spieltag<\/b>\n<\/th>\n<th style=\"text-align:left;\">2. Liga &#8211; 18. Runde\n<\/th>\n<\/tr>\n<tr>\n<th style=\"text-align:left;\"><b>Datum<\/b>\n<\/th>\n<th style=\"text-align:left;\">2. M\u00e4rz 2024\n<\/th>\n<\/tr>\n<tr>\n<th style=\"text-align:left;\"><b>Anpfiff<\/b>\n<\/th>\n<th style=\"text-align:left;\">14:30 Uhr\n<\/th>\n<\/tr>\n<tr>\n<td colspan=\"2\" style=\"text-align:center;\" bgcolor=\"lightgray\"><b>Aufstellung<\/b>\n<\/td>\n<\/tr>\n<tr>\n<th style=\"text-align:left;\"><b>Tor<\/b>\n<\/th>\n<th><a href=\"\/Jonas_Krumrey\" title=\"Jonas Krumrey\">Jonas Krumrey<\/a>\n<\/th>\n<\/tr>\n<tr>\n<th style=\"text-align:left;\"><b>Verteidigung<\/b>\n<\/th>\n<th><a href=\"\/Lawrence_Agyekum\" title=\"Lawrence Agyekum\">Lawrence Agyekum<\/a> &#8211; <a href=\"\/Bryan_Okoh\" title=\"Bryan Okoh\">Bryan Okoh<\/a>  &#8211; <a href=\"\/Lukas_Wallner\" title=\"Lukas Wallner\">Lukas Wallner<\/a> &#8211;  <a href=\"\/Raphael_Hofer\" title=\"Raphael Hofer\">Raphael Hofer<\/a>\n<\/th>\n<\/tr>\n<tr>\n<th style=\"text-align:left;\"><b>Mittelfeld<\/b>\n<\/th>\n<th><a href=\"\/Valentin_Sulzbacher\" title=\"Valentin Sulzbacher\">Valentin Sulzbacher<\/a>&#8211; <a href=\"\/Moussa_Yeo\" class=\"mw-redirect\" title=\"Moussa Yeo\">Moussa Yeo<\/a> &#8211; <a href=\"\/Tim_Trummer\" title=\"Tim Trummer\">Tim Trummer<\/a>  &#8211; <a href=\"\/Oliver_Lukic\" title=\"Oliver Lukic\">Oliver Lukic<\/a>\n<\/th>\n<\/tr>\n<tr>\n<th style=\"text-align:left;\"><b>Sturm<\/b>\n<\/th>\n<th><a href=\"\/Luka_Reischl\" title=\"Luka Reischl\">Luka Reischl<\/a>  &#8211; <a href=\"\/Adam_Daghim\" title=\"Adam Daghim\">Adam Daghim<\/a>\n<\/th>\n<\/tr>\n<tr>\n<td colspan=\"2\" style=\"text-align:center;\" bgcolor=\"lightgray\"><b>Wechsel<\/b>\n<\/td>\n<\/tr>\n<tr>\n<th style=\"text-align:left;\"><b>Wechsel<\/b>\n<\/th>\n<th style=\"text-align:left;\"><a href=\"\/Zeteny_Jano\" title=\"Zeteny Jano\">Zeteny Jano<\/a> f\u00fcr Trummer (46.), <a href=\"\/Gaoussou_Diakite\" title=\"Gaoussou Diakite\">Gaoussou Diakite<\/a> f\u00fcr Lukic (69.), <a href=\"\/John_Mellberg\" title=\"John Mellberg\">John Mellberg<\/a> f\u00fcr Yeo (76.),  <br \/><a href=\"\/Nicolo_Turco\" title=\"Nicolo Turco\">Nicolo Turco<\/a> f\u00fcr Reischl (76.), <a href=\"\/Phillip_Verhounig\" title=\"Phillip Verhounig\">Phillip Verhounig<\/a> f\u00fcr Daghim (86.)\n<\/th>\n<\/tr>\n<tr>\n<td colspan=\"2\" style=\"text-align:center;\" bgcolor=\"lightgray\"><b>Statistik<\/b>\n<\/td>\n<\/tr>\n<tr>\n<th style=\"text-align:left;\"><b>Endstand<\/b>\n<\/th>\n<th style=\"text-align:left;\">2:1 (0:0)\n<\/th>\n<\/tr>\n<tr>\n<th style=\"text-align:left;\"><b>Torsch\u00fctzen<\/b>\n<\/th>\n<th style=\"text-align:left;\">Yeo (10.), Wallner (26.), Reischl (57.); Tadic (29.)\n<\/th>\n<\/tr>\n<tr>\n<th style=\"text-align:left;\"><b>Gelbe Karten<\/b>\n<\/th>\n<th style=\"text-align:left;\">Daghim (36.), Yeo (39.), Hofer (53.), Agyekum (80.); Carlson (25.), Riegler (67.), Messerer (73.),<br \/> Bauer (93.)\n<\/th>\n<\/tr>\n<tr>\n<th style=\"text-align:left;\"><b>Rote Karten<\/b>\n<\/th>\n<th style=\"text-align:left;\">\n<\/th>\n<\/tr>\n<tr>\n<th style=\"text-align:left;\"><b>Schiedsrichter<\/b>\n<\/th>\n<th style=\"text-align:left;\">Markus Greinecker\n<\/th>\n<\/tr>\n<tr>\n<th style=\"text-align:left;\"><b>Stadion<\/b>\n<\/th>\n<th style=\"text-align:left;\">EM Stadion Wals-Siezenheim, Salzburg\n<\/th>\n<\/tr>\n<tr>\n<th style=\"text-align:left;\"><b>Zuschauer<\/b>\n<\/th>\n<th style=\"text-align:left;\">293\n<\/th>\n<\/tr>\n<\/tbody>\n<\/table>\n<h2><span class=\"mw-headline\" id=\"Spielbericht\">Spielbericht<\/span><a href=\"\/index.php?title=18._Runde,_Saison_20223\/24,_FC_Liefering_gegen_SKN_St._P%C3%B6lten&amp;action=edit&amp;section=1\" title=\"Abschnitt bearbeiten: Spielbericht\">Bearbeiten<\/a><span class=\"mw-editsection-bracket\">]<\/span><\/span><\/h2>\n<p><a rel=\"nofollow\" class=\"external text\" href=\"https:\/\/www.fc-liefering.at\/de\/fc-liefering\/news\/saison_2023_24\/ligaspiel-st-poelten-runde-18.html\">Spielbericht Verreinshomepage<\/a>\n<\/p>\n<h2><span class=\"mw-headline\" id=\"Stimmen_zum_Spiel\">Stimmen zum Spiel<\/span><a href=\"\/index.php?title=18._Runde,_Saison_20223\/24,_FC_Liefering_gegen_SKN_St._P%C3%B6lten&amp;action=edit&amp;section=2\" title=\"Abschnitt bearbeiten: Stimmen zum Spiel\">Bearbeiten<\/a><span class=\"mw-editsection-bracket\">]<\/span><\/span><\/h2>\n<p><b>Onur Cinel:<\/b> Es war heute ein intensives Spiel von beiden Seiten. Es ist nicht einfach, gegen eine individuell so stark besetzte Mannschaft \u00fcber 90 Minuten hinweg zu verteidigen. Das haben wir richtig gut gemacht und aufgrund der h\u00f6heren Anzahl an Torchancen auch verdient gewonnen. Das freut uns nat\u00fcrlich sehr, dass wir das vierte Spiel in Folge gewinnen konnten. Trotzdem haben wir in vielen Bereichen ganz viel Luft nach oben und viel Arbeit vor uns. Aber den Prozess, der in der Hinrunde schon losging, verfolgen wir weiter \u2013 auf diesem guten Weg wollen wir bleiben!\n<\/p>\n<\/div>\n","protected":false},"excerpt":{"rendered":"<p>FC Liefering gegen SKN St. P\u00f6lten, 3:1 Spieltag 2. Liga &#8211; 18. Runde Datum 2. M\u00e4rz 2024 Anpfiff 14:30 Uhr Aufstellung Tor Jonas Krumrey Verteidigung Lawrence Agyekum &#8211; Bryan Okoh &#8211; Lukas Wallner &#8211; Raphael Hofer Mittelfeld Valentin Sulzbacher&#8211; Moussa Yeo &#8211; Tim Trummer &#8211; Oliver Lukic Sturm Luka Reischl &#8211; Adam Daghim Wechsel Wechsel [&hellip;]<\/p>\n","protected":false},"author":1,"featured_media":0,"comment_status":"open","ping_status":"open","sticky":false,"template":"","format":"standard","meta":{"footnotes":""},"categories":[701],"tags":[],"class_list":["post-908","post","type-post","status-publish","format-standard","hentry","category-18-runde-saison-20223"],"_links":{"self":[{"href":"https:\/\/wiki.s12.at\/index.php\/wp-json\/wp\/v2\/posts\/908","targetHints":{"allow":["GET"]}}],"collection":[{"href":"https:\/\/wiki.s12.at\/index.php\/wp-json\/wp\/v2\/posts"}],"about":[{"href":"https:\/\/wiki.s12.at\/index.php\/wp-json\/wp\/v2\/types\/post"}],"author":[{"embeddable":true,"href":"https:\/\/wiki.s12.at\/index.php\/wp-json\/wp\/v2\/users\/1"}],"replies":[{"embeddable":true,"href":"https:\/\/wiki.s12.at\/index.php\/wp-json\/wp\/v2\/comments?post=908"}],"version-history":[{"count":0,"href":"https:\/\/wiki.s12.at\/index.php\/wp-json\/wp\/v2\/posts\/908\/revisions"}],"wp:attachment":[{"href":"https:\/\/wiki.s12.at\/index.php\/wp-json\/wp\/v2\/media?parent=908"}],"wp:term":[{"taxonomy":"category","embeddable":true,"href":"https:\/\/wiki.s12.at\/index.php\/wp-json\/wp\/v2\/categories?post=908"},{"taxonomy":"post_tag","embeddable":true,"href":"https:\/\/wiki.s12.at\/index.php\/wp-json\/wp\/v2\/tags?post=908"}],"curies":[{"name":"wp","href":"https:\/\/api.w.org\/{rel}","templated":true}]}}