{"id":879,"date":"2026-05-06T13:32:29","date_gmt":"2026-05-06T11:32:29","guid":{"rendered":"https:\/\/wiki.s12.at\/index.php\/2026\/05\/06\/18-runde-regionalliga-west-saison-1961-62-austria-salzburg-innsbrucker-ac\/"},"modified":"2026-05-06T13:32:29","modified_gmt":"2026-05-06T11:32:29","slug":"18-runde-regionalliga-west-saison-1961-62-austria-salzburg-innsbrucker-ac","status":"publish","type":"post","link":"https:\/\/wiki.s12.at\/index.php\/2026\/05\/06\/18-runde-regionalliga-west-saison-1961-62-austria-salzburg-innsbrucker-ac\/","title":{"rendered":"62, Austria Salzburg &#8211; Innsbrucker AC"},"content":{"rendered":"<div class=\"mw-parser-output\">\n<p><b>Regionalliga West, Saison 1961\/62, 16. Spieltag, 20. Mai 1962<br \/> <\/b>\n<\/p>\n<table class=\"wikitable\">\n<caption><big> SV Austria Salzburg gegen Innsbrucker AC, 8:0<\/big><br \/>\n<\/caption>\n<tbody>\n<tr>\n<td>Aufstellung:<\/td>\n<td><a href=\"\/Franz_Feldinger\" title=\"Franz Feldinger\">Franz Feldinger<\/a>, <a href=\"\/Franz_Kappl\" title=\"Franz Kappl\">Franz Kappl<\/a>, <a href=\"\/G%C3%BCnter_Praschak\" title=\"G\u00fcnter Praschak\">G\u00fcnter Praschak<\/a>, <a href=\"\/Josef_H%C3%B6ckner\" title=\"Josef H\u00f6ckner\">Josef H\u00f6ckner<\/a>, <a href=\"\/Adolf_Macek\" title=\"Adolf Macek\">Adolf Macek<\/a>, <a href=\"\/Karl_Karel\" title=\"Karl Karel\">Karl Karel<\/a>,&#160;?\n<\/td>\n<\/tr>\n<tr>\n<td>Endstand:<\/td>\n<td>8:0(6:0)\n<\/td>\n<\/tr>\n<tr>\n<td>Torsch\u00fctzen:<\/td>\n<td>Feldinger (5., 11.), Kappl (20., 26.), Praschak (35.), H\u00f6ckner (42.), Macek (55.), Karel (83., E.)\n<\/td>\n<\/tr>\n<tr>\n<td>Gelbe Karten:<\/td>\n<td>\n<\/td>\n<\/tr>\n<tr>\n<td>Gelb-Rote Karten:<\/td>\n<td>\n<\/td>\n<\/tr>\n<tr>\n<td>Rote Karten:<\/td>\n<td>\n<\/td>\n<\/tr>\n<tr>\n<td>Schiedsrichter:<\/td>\n<td>Fr\u00fchwirth\n<\/td>\n<\/tr>\n<tr>\n<td>Stadion:<\/td>\n<td>Austria-Platz, Salzburg-Lehen\n<\/td>\n<\/tr>\n<tr>\n<td>Zuschauer:<\/td>\n<td>2 500\n<\/td>\n<\/tr>\n<\/tbody>\n<\/table>\n<\/div>\n","protected":false},"excerpt":{"rendered":"<p>Regionalliga West, Saison 1961\/62, 16. Spieltag, 20. Mai 1962 SV Austria Salzburg gegen Innsbrucker AC, 8:0 Aufstellung: Franz Feldinger, Franz Kappl, G\u00fcnter Praschak, Josef H\u00f6ckner, Adolf Macek, Karl Karel,&#160;? Endstand: 8:0(6:0) Torsch\u00fctzen: Feldinger (5., 11.), Kappl (20., 26.), Praschak (35.), H\u00f6ckner (42.), Macek (55.), Karel (83., E.) Gelbe Karten: Gelb-Rote Karten: Rote Karten: Schiedsrichter: Fr\u00fchwirth [&hellip;]<\/p>\n","protected":false},"author":1,"featured_media":0,"comment_status":"open","ping_status":"open","sticky":false,"template":"","format":"standard","meta":{"footnotes":""},"categories":[678],"tags":[],"class_list":["post-879","post","type-post","status-publish","format-standard","hentry","category-18-runde-regionalliga-west-saison-1961"],"_links":{"self":[{"href":"https:\/\/wiki.s12.at\/index.php\/wp-json\/wp\/v2\/posts\/879","targetHints":{"allow":["GET"]}}],"collection":[{"href":"https:\/\/wiki.s12.at\/index.php\/wp-json\/wp\/v2\/posts"}],"about":[{"href":"https:\/\/wiki.s12.at\/index.php\/wp-json\/wp\/v2\/types\/post"}],"author":[{"embeddable":true,"href":"https:\/\/wiki.s12.at\/index.php\/wp-json\/wp\/v2\/users\/1"}],"replies":[{"embeddable":true,"href":"https:\/\/wiki.s12.at\/index.php\/wp-json\/wp\/v2\/comments?post=879"}],"version-history":[{"count":0,"href":"https:\/\/wiki.s12.at\/index.php\/wp-json\/wp\/v2\/posts\/879\/revisions"}],"wp:attachment":[{"href":"https:\/\/wiki.s12.at\/index.php\/wp-json\/wp\/v2\/media?parent=879"}],"wp:term":[{"taxonomy":"category","embeddable":true,"href":"https:\/\/wiki.s12.at\/index.php\/wp-json\/wp\/v2\/categories?post=879"},{"taxonomy":"post_tag","embeddable":true,"href":"https:\/\/wiki.s12.at\/index.php\/wp-json\/wp\/v2\/tags?post=879"}],"curies":[{"name":"wp","href":"https:\/\/api.w.org\/{rel}","templated":true}]}}