{"id":874,"date":"2026-05-06T13:32:26","date_gmt":"2026-05-06T11:32:26","guid":{"rendered":"https:\/\/wiki.s12.at\/index.php\/2026\/05\/06\/18-runde-nationalliga-saison-1965-66-austria-wien-austria-salzburg\/"},"modified":"2026-05-06T13:32:26","modified_gmt":"2026-05-06T11:32:26","slug":"18-runde-nationalliga-saison-1965-66-austria-wien-austria-salzburg","status":"publish","type":"post","link":"https:\/\/wiki.s12.at\/index.php\/2026\/05\/06\/18-runde-nationalliga-saison-1965-66-austria-wien-austria-salzburg\/","title":{"rendered":"66, Austria Wien &#8211; Austria Salzburg"},"content":{"rendered":"<div class=\"mw-parser-output\">\n<p><b>Nationalliga, 18. Runde 1965\/66, 12. M\u00e4rz 1966<br \/> <\/b>\n<\/p>\n<table class=\"wikitable\">\n<caption><big>FK Austria Wien gegen SV Austria Salzburg, 6:1<\/big><br \/>\n<\/caption>\n<tbody>\n<tr>\n<td>Aufstellung:<\/td>\n<td><a href=\"\/Ersoy_S%C3%BCkr%C3%BC\" title=\"Ersoy S\u00fckr\u00fc\">Ersoy S\u00fckr\u00fc<\/a> (20. <a href=\"\/Alfred_Seidl\" title=\"Alfred Seidl\">Alfred Seidl<\/a> )&#160;; <a href=\"\/Johann_Gegenhuber\" title=\"Johann Gegenhuber\">Johann Gegenhuber<\/a>, <a href=\"\/Werner_Breitenfelder\" title=\"Werner Breitenfelder\">Werner Breitenfelder<\/a>, <a href=\"\/Artur_Kibler\" title=\"Artur Kibler\">Artur Kibler<\/a>, <a href=\"\/Johann_Klopf\" class=\"mw-redirect\" title=\"Johann Klopf\">Johann Klopf<\/a>; <br \/><a href=\"\/Bruno_Kurz\" title=\"Bruno Kurz\">Bruno Kurz<\/a>, <a href=\"\/Reinhard_Jung\" title=\"Reinhard Jung\">Reinhard Jung<\/a>; <a href=\"\/Ern%C3%B6_Frank\" title=\"Ern\u00f6 Frank\">Ern\u00f6 Frank<\/a>, <a href=\"\/Johann_Furthmayer\" title=\"Johann Furthmayer\">Johann Furthmayer<\/a>, <a href=\"\/Roland_Hirscher\" title=\"Roland Hirscher\">Roland Hirscher<\/a>, <a href=\"\/Adolf_Macek\" title=\"Adolf Macek\">Adolf Macek<\/a>\n<\/td>\n<\/tr>\n<tr>\n<td>Endstand:<\/td>\n<td>6:1 (3:0)\n<\/td>\n<\/tr>\n<tr>\n<td>Torsch\u00fctzen:<\/td>\n<td>Parits (33.), Sara (35.), Buzek (43., 86.), Breitenfelder (72., ET.), Fiala (80.); Hirscher (89.)\n<\/td>\n<\/tr>\n<tr>\n<td>Gelbe Karten:<\/td>\n<td>\n<\/td>\n<\/tr>\n<tr>\n<td>Gelb-Rote Karten:<\/td>\n<td>\n<\/td>\n<\/tr>\n<tr>\n<td>Rote Karten:<\/td>\n<td>\n<\/td>\n<\/tr>\n<tr>\n<td>Schiedsrichter:<\/td>\n<td>\n<\/td>\n<\/tr>\n<tr>\n<td>Stadion:<\/td>\n<td>Prater-Stadion (Doppelveranstaltung mit Admira gegen Austria Klagenfurt)\n<\/td>\n<\/tr>\n<tr>\n<td>Zuschauer:<\/td>\n<td>6 000\n<\/td>\n<\/tr>\n<\/tbody>\n<\/table>\n<\/div>\n","protected":false},"excerpt":{"rendered":"<p>Nationalliga, 18. Runde 1965\/66, 12. M\u00e4rz 1966 FK Austria Wien gegen SV Austria Salzburg, 6:1 Aufstellung: Ersoy S\u00fckr\u00fc (20. Alfred Seidl )&#160;; Johann Gegenhuber, Werner Breitenfelder, Artur Kibler, Johann Klopf; Bruno Kurz, Reinhard Jung; Ern\u00f6 Frank, Johann Furthmayer, Roland Hirscher, Adolf Macek Endstand: 6:1 (3:0) Torsch\u00fctzen: Parits (33.), Sara (35.), Buzek (43., 86.), Breitenfelder (72., [&hellip;]<\/p>\n","protected":false},"author":1,"featured_media":0,"comment_status":"open","ping_status":"open","sticky":false,"template":"","format":"standard","meta":{"footnotes":""},"categories":[674],"tags":[],"class_list":["post-874","post","type-post","status-publish","format-standard","hentry","category-18-runde-nationalliga-saison-1965"],"_links":{"self":[{"href":"https:\/\/wiki.s12.at\/index.php\/wp-json\/wp\/v2\/posts\/874","targetHints":{"allow":["GET"]}}],"collection":[{"href":"https:\/\/wiki.s12.at\/index.php\/wp-json\/wp\/v2\/posts"}],"about":[{"href":"https:\/\/wiki.s12.at\/index.php\/wp-json\/wp\/v2\/types\/post"}],"author":[{"embeddable":true,"href":"https:\/\/wiki.s12.at\/index.php\/wp-json\/wp\/v2\/users\/1"}],"replies":[{"embeddable":true,"href":"https:\/\/wiki.s12.at\/index.php\/wp-json\/wp\/v2\/comments?post=874"}],"version-history":[{"count":0,"href":"https:\/\/wiki.s12.at\/index.php\/wp-json\/wp\/v2\/posts\/874\/revisions"}],"wp:attachment":[{"href":"https:\/\/wiki.s12.at\/index.php\/wp-json\/wp\/v2\/media?parent=874"}],"wp:term":[{"taxonomy":"category","embeddable":true,"href":"https:\/\/wiki.s12.at\/index.php\/wp-json\/wp\/v2\/categories?post=874"},{"taxonomy":"post_tag","embeddable":true,"href":"https:\/\/wiki.s12.at\/index.php\/wp-json\/wp\/v2\/tags?post=874"}],"curies":[{"name":"wp","href":"https:\/\/api.w.org\/{rel}","templated":true}]}}