{"id":832,"date":"2026-05-06T13:31:27","date_gmt":"2026-05-06T11:31:27","guid":{"rendered":"https:\/\/wiki.s12.at\/index.php\/2026\/05\/06\/17-runde-saison-20223-24-fc-liefering-gegen-sv-horn\/"},"modified":"2026-05-06T13:31:27","modified_gmt":"2026-05-06T11:31:27","slug":"17-runde-saison-20223-24-fc-liefering-gegen-sv-horn","status":"publish","type":"post","link":"https:\/\/wiki.s12.at\/index.php\/2026\/05\/06\/17-runde-saison-20223-24-fc-liefering-gegen-sv-horn\/","title":{"rendered":"24, FC Liefering gegen SV Horn"},"content":{"rendered":"<div class=\"mw-parser-output\">\n<table class=\"toptextcells toccolours\">\n<tbody>\n<tr>\n<th colspan=\"2\" style=\"text-align: center; vertical-align: top; padding: 0.3em 0.8em; font-size: 125%; background-color: lightsteelblue;\">FC Liefering  gegen SV Horn, 2:1\n<\/th>\n<\/tr>\n<tr>\n<th style=\"text-align:left;\"><b>Spieltag<\/b>\n<\/th>\n<th style=\"text-align:left;\">2. Liga &#8211; 17. Runde\n<\/th>\n<\/tr>\n<tr>\n<th style=\"text-align:left;\"><b>Datum<\/b>\n<\/th>\n<th style=\"text-align:left;\">23. Februar 2024\n<\/th>\n<\/tr>\n<tr>\n<th style=\"text-align:left;\"><b>Anpfiff<\/b>\n<\/th>\n<th style=\"text-align:left;\">18:10 Uhr\n<\/th>\n<\/tr>\n<tr>\n<td colspan=\"2\" style=\"text-align:center;\" bgcolor=\"lightgray\"><b>Aufstellung<\/b>\n<\/td>\n<\/tr>\n<tr>\n<th style=\"text-align:left;\"><b>Tor<\/b>\n<\/th>\n<th><a href=\"\/Jonas_Krumrey\" title=\"Jonas Krumrey\">Jonas Krumrey<\/a>\n<\/th>\n<\/tr>\n<tr>\n<th style=\"text-align:left;\"><b>Verteidigung<\/b>\n<\/th>\n<th><a href=\"\/Lawrence_Agyekum\" title=\"Lawrence Agyekum\">Lawrence Agyekum<\/a> &#8211; <a href=\"\/Bryan_Okoh\" title=\"Bryan Okoh\">Bryan Okoh<\/a>  &#8211; <a href=\"\/Lukas_Wallner\" title=\"Lukas Wallner\">Lukas Wallner<\/a> &#8211;  <a href=\"\/Raphael_Hofer\" title=\"Raphael Hofer\">Raphael Hofer<\/a>\n<\/th>\n<\/tr>\n<tr>\n<th style=\"text-align:left;\"><b>Mittelfeld<\/b>\n<\/th>\n<th><a href=\"\/Tim_Paumgartner\" title=\"Tim Paumgartner\">Tim Paumgartner<\/a>&#8211; <a href=\"\/Justin_Omoregie\" title=\"Justin Omoregie\">Justin Omoregie<\/a> &#8211; <a href=\"\/Tim_Trummer\" title=\"Tim Trummer\">Tim Trummer<\/a>  &#8211; <a href=\"\/Soumaila_Diabate\" title=\"Soumaila Diabate\">Soumaila Diabate<\/a>\n<\/th>\n<\/tr>\n<tr>\n<th style=\"text-align:left;\"><b>Sturm<\/b>\n<\/th>\n<th><a href=\"\/Luka_Reischl\" title=\"Luka Reischl\">Luka Reischl<\/a>  &#8211; <a href=\"\/Adam_Daghim\" title=\"Adam Daghim\">Adam Daghim<\/a>\n<\/th>\n<\/tr>\n<tr>\n<td colspan=\"2\" style=\"text-align:center;\" bgcolor=\"lightgray\"><b>Wechsel<\/b>\n<\/td>\n<\/tr>\n<tr>\n<th style=\"text-align:left;\"><b>Wechsel<\/b>\n<\/th>\n<th style=\"text-align:left;\"><a href=\"\/Philipp_Verhounig\" class=\"mw-redirect\" title=\"Philipp Verhounig\">Philipp Verhounig<\/a> f\u00fcr Daghim (65.), <a href=\"\/Moussa_Yeo\" class=\"mw-redirect\" title=\"Moussa Yeo\">Moussa Yeo<\/a> f\u00fcr Trummer (65.), <a href=\"\/Zeteny_Jano\" title=\"Zeteny Jano\">Zeteny Jano<\/a> f\u00fcr Paumgartner (65.), <br \/><a href=\"\/Benjamin_Atiabou\" title=\"Benjamin Atiabou\">Benjamin Atiabou<\/a> f\u00fcr Agyekum (79.), <a href=\"\/Valentin_Sulzbacher\" title=\"Valentin Sulzbacher\">Valentin Sulzbacher<\/a> f\u00fcr Omoregie (84.)\n<\/th>\n<\/tr>\n<tr>\n<td colspan=\"2\" style=\"text-align:center;\" bgcolor=\"lightgray\"><b>Statistik<\/b>\n<\/td>\n<\/tr>\n<tr>\n<th style=\"text-align:left;\"><b>Endstand<\/b>\n<\/th>\n<th style=\"text-align:left;\">2:1 (0:0)\n<\/th>\n<\/tr>\n<tr>\n<th style=\"text-align:left;\"><b>Torsch\u00fctzen<\/b>\n<\/th>\n<th style=\"text-align:left;\">Wimhofer (48.,ET), Atiabou (85.); Hausjell (68.)\n<\/th>\n<\/tr>\n<tr>\n<th style=\"text-align:left;\"><b>Gelbe Karten<\/b>\n<\/th>\n<th style=\"text-align:left;\">Hofer (16.), Paumgartner (32.), Omoregie (39.); Bauernfeind (25.)\n<\/th>\n<\/tr>\n<tr>\n<th style=\"text-align:left;\"><b>Rote Karten<\/b>\n<\/th>\n<th style=\"text-align:left;\">\n<\/th>\n<\/tr>\n<tr>\n<th style=\"text-align:left;\"><b>Schiedsrichter<\/b>\n<\/th>\n<th style=\"text-align:left;\">Christian-Petru Ciochirca\n<\/th>\n<\/tr>\n<tr>\n<th style=\"text-align:left;\"><b>Stadion<\/b>\n<\/th>\n<th style=\"text-align:left;\">EM Stadion Wals-Siezenheim, Salzburg\n<\/th>\n<\/tr>\n<tr>\n<th style=\"text-align:left;\"><b>Zuschauer<\/b>\n<\/th>\n<th style=\"text-align:left;\">236\n<\/th>\n<\/tr>\n<\/tbody>\n<\/table>\n<h2><span class=\"mw-headline\" id=\"Spielbericht\">Spielbericht<\/span><a href=\"\/index.php?title=17._Runde,_Saison_20223\/24,_FC_Liefering_gegen_SV_Horn&amp;action=edit&amp;section=1\" title=\"Abschnitt bearbeiten: Spielbericht\">Bearbeiten<\/a><span class=\"mw-editsection-bracket\">]<\/span><\/span><\/h2>\n<p><a rel=\"nofollow\" class=\"external text\" href=\"https:\/\/www.fc-liefering.at\/de\/fc-liefering\/news\/saison_2023_24\/ligaspiel-horn-runde-17.html\">Spielbericht Verreinshomepage<\/a>\n<\/p>\n<h2><span class=\"mw-headline\" id=\"Stimmen_zum_Spiel\">Stimmen zum Spiel<\/span><a href=\"\/index.php?title=17._Runde,_Saison_20223\/24,_FC_Liefering_gegen_SV_Horn&amp;action=edit&amp;section=2\" title=\"Abschnitt bearbeiten: Stimmen zum Spiel\">Bearbeiten<\/a><span class=\"mw-editsection-bracket\">]<\/span><\/span><\/h2>\n<p><b>Onur Cinel:<\/b> Grunds\u00e4tzlich freuen wir uns \u00fcber den dritten Sieg in Folge. Man muss aber sagen, dass das heute ein ,Unentschieden-Spiel\u2019 war. Wir haben uns zwar reingebissen und reagieren auf Gegentore \u2013 wie nach dem 1:1 \u2013 insgesamt stabiler als in der Hinrunde, das zeigt unseren Reifeprozess. Allerdings haben wir in der Vorbereitung deutlich besser gespielt als in den beiden Meisterschaftspartien, da spielt der mentale Aspekt eine Rolle. Deshalb freuen wir uns nat\u00fcrlich, wissen gleichzeitig aber auch, dass wir uns in allen Bereichen steigern k\u00f6nnen und m\u00fcssen.\n<\/p>\n<\/div>\n","protected":false},"excerpt":{"rendered":"<p>FC Liefering gegen SV Horn, 2:1 Spieltag 2. Liga &#8211; 17. Runde Datum 23. Februar 2024 Anpfiff 18:10 Uhr Aufstellung Tor Jonas Krumrey Verteidigung Lawrence Agyekum &#8211; Bryan Okoh &#8211; Lukas Wallner &#8211; Raphael Hofer Mittelfeld Tim Paumgartner&#8211; Justin Omoregie &#8211; Tim Trummer &#8211; Soumaila Diabate Sturm Luka Reischl &#8211; Adam Daghim Wechsel Wechsel Philipp [&hellip;]<\/p>\n","protected":false},"author":1,"featured_media":0,"comment_status":"open","ping_status":"open","sticky":false,"template":"","format":"standard","meta":{"footnotes":""},"categories":[637],"tags":[],"class_list":["post-832","post","type-post","status-publish","format-standard","hentry","category-17-runde-saison-20223"],"_links":{"self":[{"href":"https:\/\/wiki.s12.at\/index.php\/wp-json\/wp\/v2\/posts\/832","targetHints":{"allow":["GET"]}}],"collection":[{"href":"https:\/\/wiki.s12.at\/index.php\/wp-json\/wp\/v2\/posts"}],"about":[{"href":"https:\/\/wiki.s12.at\/index.php\/wp-json\/wp\/v2\/types\/post"}],"author":[{"embeddable":true,"href":"https:\/\/wiki.s12.at\/index.php\/wp-json\/wp\/v2\/users\/1"}],"replies":[{"embeddable":true,"href":"https:\/\/wiki.s12.at\/index.php\/wp-json\/wp\/v2\/comments?post=832"}],"version-history":[{"count":0,"href":"https:\/\/wiki.s12.at\/index.php\/wp-json\/wp\/v2\/posts\/832\/revisions"}],"wp:attachment":[{"href":"https:\/\/wiki.s12.at\/index.php\/wp-json\/wp\/v2\/media?parent=832"}],"wp:term":[{"taxonomy":"category","embeddable":true,"href":"https:\/\/wiki.s12.at\/index.php\/wp-json\/wp\/v2\/categories?post=832"},{"taxonomy":"post_tag","embeddable":true,"href":"https:\/\/wiki.s12.at\/index.php\/wp-json\/wp\/v2\/tags?post=832"}],"curies":[{"name":"wp","href":"https:\/\/api.w.org\/{rel}","templated":true}]}}