{"id":822,"date":"2026-05-06T13:31:19","date_gmt":"2026-05-06T11:31:19","guid":{"rendered":"https:\/\/wiki.s12.at\/index.php\/2026\/05\/06\/17-runde-saison-2018-19-admira-wacker-moedling-gegen-fc-red-bull-salzburg\/"},"modified":"2026-05-06T13:31:19","modified_gmt":"2026-05-06T11:31:19","slug":"17-runde-saison-2018-19-admira-wacker-moedling-gegen-fc-red-bull-salzburg","status":"publish","type":"post","link":"https:\/\/wiki.s12.at\/index.php\/2026\/05\/06\/17-runde-saison-2018-19-admira-wacker-moedling-gegen-fc-red-bull-salzburg\/","title":{"rendered":"19, Admira Wacker M\u00f6dling gegen FC Red Bull Salzburg"},"content":{"rendered":"<div class=\"mw-parser-output\">\n<h2><span class=\"mw-headline\" id=\"Fakten\">Fakten<\/span><a href=\"\/index.php?title=17._Runde,_Saison_2018\/19,_Admira_Wacker_M%C3%B6dling_gegen_FC_Red_Bull_Salzburg&amp;action=edit&amp;section=1\" title=\"Abschnitt bearbeiten: Fakten\">Bearbeiten<\/a><span class=\"mw-editsection-bracket\">]<\/span><\/span><\/h2>\n<table class=\"toptextcells toccolours\">\n<tbody>\n<tr>\n<th colspan=\"2\" style=\"text-align: center; vertical-align: top; padding: 0.3em 0.8em; font-size: 125%; background-color: lightsteelblue;\">Admira Wacker M\u00f6dling gegen FC Red Bull Salzburg, 2:2\n<\/th>\n<\/tr>\n<tr>\n<th style=\"text-align:left;\"><b>Spieltag<\/b>\n<\/th>\n<th style=\"text-align:left;\">Bundesliga Grunddurchgang &#8211; 17. Spieltag\n<\/th>\n<\/tr>\n<tr>\n<th style=\"text-align:left;\"><b>Datum<\/b>\n<\/th>\n<th style=\"text-align:left;\">8. Dezember 2018\n<\/th>\n<\/tr>\n<tr>\n<th style=\"text-align:left;\"><b>Anpfiff<\/b>\n<\/th>\n<th style=\"text-align:left;\">17 Uhr\n<\/th>\n<\/tr>\n<tr>\n<td colspan=\"2\" style=\"text-align:center;\" bgcolor=\"lightgray\"><b>Aufstellung<\/b>\n<\/td>\n<\/tr>\n<tr>\n<th style=\"text-align:left;\"><b>Tor<\/b>\n<\/th>\n<th><a href=\"\/Cican_Stankovic\" title=\"Cican Stankovic\">Cican Stankovic<\/a>\n<\/th>\n<\/tr>\n<tr>\n<th style=\"text-align:left;\"><b>Verteidigung<\/b>\n<\/th>\n<th><a href=\"\/Stefan_Lainer\" title=\"Stefan Lainer\">Stefan Lainer<\/a> &#8211; <a href=\"\/Andre_Ramalho\" class=\"mw-redirect\" title=\"Andre Ramalho\">Andre Ramalho<\/a> &#8211; <a href=\"\/Jerome_Onguene\" title=\"Jerome Onguene\">Jerome Onguene<\/a> &#8211; <a href=\"\/Andreas_Ulmer\" title=\"Andreas Ulmer\">Andreas Ulmer<\/a>\n<\/th>\n<\/tr>\n<tr>\n<th style=\"text-align:left;\"><b>Mittelfeld<\/b>\n<\/th>\n<th><a href=\"\/Xaver_Schlager\" title=\"Xaver Schlager\">Xaver Schlager<\/a> &#8211; <a href=\"\/Diadie_Samassekou\" title=\"Diadie Samassekou\">Diadie Samassekou<\/a> &#8211;  <a href=\"\/Zlatko_Junuzovic\" title=\"Zlatko Junuzovic\">Zlatko Junuzovic<\/a> &#8211; <a href=\"\/Hannes_Wolf\" title=\"Hannes Wolf\">Hannes Wolf<\/a>\n<\/th>\n<\/tr>\n<tr>\n<th style=\"text-align:left;\"><b>Sturm<\/b>\n<\/th>\n<th><a href=\"\/Munas_Dabbur\" title=\"Munas Dabbur\">Munas Dabbur<\/a> &#8211; <a href=\"\/Takumi_Minamino\" title=\"Takumi Minamino\">Takumi Minamino<\/a>\n<\/th>\n<\/tr>\n<tr>\n<td colspan=\"2\" style=\"text-align:center;\" bgcolor=\"lightgray\"><b>Wechsel<\/b>\n<\/td>\n<\/tr>\n<tr>\n<th style=\"text-align:left;\"><b>Wechsel<\/b>\n<\/th>\n<th style=\"text-align:left;\"><a href=\"\/Fredrik_Gulbrandsen\" title=\"Fredrik Gulbrandsen\">Fredrik Gulbrandsen<\/a> f\u00fcr Minamino (74.), <a href=\"\/Dominik_Szoboszlai\" title=\"Dominik Szoboszlai\">Dominik Szoboszlai<\/a> f\u00fcr Wolf (90.)\n<\/th>\n<\/tr>\n<tr>\n<td colspan=\"2\" style=\"text-align:center;\" bgcolor=\"lightgray\"><b>Statistik<\/b>\n<\/td>\n<\/tr>\n<tr>\n<th style=\"text-align:left;\"><b>Endstand<\/b>\n<\/th>\n<th style=\"text-align:left;\">2:2 (1:1)\n<\/th>\n<\/tr>\n<tr>\n<th style=\"text-align:left;\"><b>Torsch\u00fctzen<\/b>\n<\/th>\n<th style=\"text-align:left;\">Schmidt (36., 46.);  Dabbur (5.), Wolf (69.)\n<\/th>\n<\/tr>\n<tr>\n<th style=\"text-align:left;\"><b>Gelbe Karten<\/b>\n<\/th>\n<th style=\"text-align:left;\">Maier (53.), Thoelke (61.), Zwierschitz (79.), Vorsager (85.)\n<\/th>\n<\/tr>\n<tr>\n<th style=\"text-align:left;\"><b>Rote Karten<\/b>\n<\/th>\n<th style=\"text-align:left;\">\n<\/th>\n<\/tr>\n<tr>\n<th style=\"text-align:left;\"><b>Schiedsrichter<\/b>\n<\/th>\n<th style=\"text-align:left;\">Christian-Petru Ciochirca\n<\/th>\n<\/tr>\n<tr>\n<th style=\"text-align:left;\"><b>Stadion<\/b>\n<\/th>\n<th style=\"text-align:left;\">BSFZ-Arena\n<\/th>\n<\/tr>\n<tr>\n<th style=\"text-align:left;\"><b>Zuschauer<\/b>\n<\/th>\n<th style=\"text-align:left;\">1 900\n<\/th>\n<\/tr>\n<\/tbody>\n<\/table>\n<p>\n<\/p>\n<h2><span class=\"mw-headline\" id=\"Weblinks\">Weblinks<\/span><a href=\"\/index.php?title=17._Runde,_Saison_2018\/19,_Admira_Wacker_M%C3%B6dling_gegen_FC_Red_Bull_Salzburg&amp;action=edit&amp;section=2\" title=\"Abschnitt bearbeiten: Weblinks\">Bearbeiten<\/a><span class=\"mw-editsection-bracket\">]<\/span><\/span><\/h2>\n<p><a rel=\"nofollow\" class=\"external text\" href=\"https:\/\/www.redbullsalzburg.at\/de\/fc-red-bull-salzburg\/news\/saison_2018_19\/punkteteilung-in-der-suedstadt.html\">Spielbericht Homepage<\/a>\n<\/p>\n<h2><span class=\"mw-headline\" id=\"Stimmen_zum_Spiel\">Stimmen zum Spiel<\/span><a href=\"\/index.php?title=17._Runde,_Saison_2018\/19,_Admira_Wacker_M%C3%B6dling_gegen_FC_Red_Bull_Salzburg&amp;action=edit&amp;section=3\" title=\"Abschnitt bearbeiten: Stimmen zum Spiel\">Bearbeiten<\/a><span class=\"mw-editsection-bracket\">]<\/span><\/span><\/h2>\n<ul>\n<li><b>Marco Rose:<\/b> Meine Jungs wissen heute nat\u00fcrlich selber, dass wir zwar mit der 1:0-F\u00fchrung eigentlich gut ins Spiel gekommen sind, dann aber relativ schnell ein paar grundlegende Dinge vermissen haben lassen. Wir haben unsere Aufgaben zum Ende der ersten Halbzeit gar nicht gut gemacht, in der Pause in Ruhe dar\u00fcber gesprochen und uns viel vorgenommen, dann aber kurz nach der Pause die Best\u00e4tigung daf\u00fcr bekommen, dass da irgendetwas nicht so gut gelaufen ist. Dann haben wir die Kurve bekommen, aber das reicht heute nur f\u00fcr einen Punkt und damit m\u00fcssen wir leben.<\/li>\n<\/ul>\n<ul>\n<li><b>Hannes Wolf:<\/b> Wir haben einen super Start ins Spiel gehabt, wollten dann gleich so weiterspielen, haben dann aber immer mehr nachgelassen, den Gegner kommen lassen und immer weniger Ballbesitz gehabt. Dann bekommen wir zwei Mal gef\u00fchlt das gleiche Tor. Nach dem 1:2 war es nat\u00fcrlich schwer. Ich glaube aber trotzdem, dass wir in der zweiten Halbzeit Chancen hatten, um das Spiel zu gewinnen.<\/li>\n<\/ul>\n<\/div>\n","protected":false},"excerpt":{"rendered":"<p>FaktenBearbeiten] Admira Wacker M\u00f6dling gegen FC Red Bull Salzburg, 2:2 Spieltag Bundesliga Grunddurchgang &#8211; 17. Spieltag Datum 8. Dezember 2018 Anpfiff 17 Uhr Aufstellung Tor Cican Stankovic Verteidigung Stefan Lainer &#8211; Andre Ramalho &#8211; Jerome Onguene &#8211; Andreas Ulmer Mittelfeld Xaver Schlager &#8211; Diadie Samassekou &#8211; Zlatko Junuzovic &#8211; Hannes Wolf Sturm Munas Dabbur &#8211; [&hellip;]<\/p>\n","protected":false},"author":1,"featured_media":0,"comment_status":"open","ping_status":"open","sticky":false,"template":"","format":"standard","meta":{"footnotes":""},"categories":[632],"tags":[],"class_list":["post-822","post","type-post","status-publish","format-standard","hentry","category-17-runde-saison-2018"],"_links":{"self":[{"href":"https:\/\/wiki.s12.at\/index.php\/wp-json\/wp\/v2\/posts\/822","targetHints":{"allow":["GET"]}}],"collection":[{"href":"https:\/\/wiki.s12.at\/index.php\/wp-json\/wp\/v2\/posts"}],"about":[{"href":"https:\/\/wiki.s12.at\/index.php\/wp-json\/wp\/v2\/types\/post"}],"author":[{"embeddable":true,"href":"https:\/\/wiki.s12.at\/index.php\/wp-json\/wp\/v2\/users\/1"}],"replies":[{"embeddable":true,"href":"https:\/\/wiki.s12.at\/index.php\/wp-json\/wp\/v2\/comments?post=822"}],"version-history":[{"count":0,"href":"https:\/\/wiki.s12.at\/index.php\/wp-json\/wp\/v2\/posts\/822\/revisions"}],"wp:attachment":[{"href":"https:\/\/wiki.s12.at\/index.php\/wp-json\/wp\/v2\/media?parent=822"}],"wp:term":[{"taxonomy":"category","embeddable":true,"href":"https:\/\/wiki.s12.at\/index.php\/wp-json\/wp\/v2\/categories?post=822"},{"taxonomy":"post_tag","embeddable":true,"href":"https:\/\/wiki.s12.at\/index.php\/wp-json\/wp\/v2\/tags?post=822"}],"curies":[{"name":"wp","href":"https:\/\/api.w.org\/{rel}","templated":true}]}}