{"id":820,"date":"2026-05-06T13:31:18","date_gmt":"2026-05-06T11:31:18","guid":{"rendered":"https:\/\/wiki.s12.at\/index.php\/2026\/05\/06\/17-runde-saison-2017-18-fc-red-bull-salzburg-gegen-sv-mattersburg\/"},"modified":"2026-05-06T13:31:18","modified_gmt":"2026-05-06T11:31:18","slug":"17-runde-saison-2017-18-fc-red-bull-salzburg-gegen-sv-mattersburg","status":"publish","type":"post","link":"https:\/\/wiki.s12.at\/index.php\/2026\/05\/06\/17-runde-saison-2017-18-fc-red-bull-salzburg-gegen-sv-mattersburg\/","title":{"rendered":"18, FC Red Bull Salzburg gegen SV Mattersburg"},"content":{"rendered":"<div class=\"mw-parser-output\">\n<h2><span class=\"mw-headline\" id=\"Fakten\">Fakten<\/span><a href=\"\/index.php?title=17._Runde,_Saison_2017\/18,_FC_Red_Bull_Salzburg_gegen_SV_Mattersburg&amp;action=edit&amp;section=1\" title=\"Abschnitt bearbeiten: Fakten\">Bearbeiten<\/a><span class=\"mw-editsection-bracket\">]<\/span><\/span><\/h2>\n<table class=\"toptextcells toccolours\">\n<tbody>\n<tr>\n<th colspan=\"2\" style=\"text-align: center; vertical-align: top; padding: 0.3em 0.8em; font-size: 125%; background-color: lightsteelblue;\">FC Red Bull Salzburg gegen SV Mattersburg, 2:0\n<\/th>\n<\/tr>\n<tr>\n<th style=\"text-align:left;\"><b>Spieltag<\/b>\n<\/th>\n<th style=\"text-align:left;\">Bundesliga &#8211; 17. Spieltag\n<\/th>\n<\/tr>\n<tr>\n<th style=\"text-align:left;\"><b>Datum<\/b>\n<\/th>\n<th style=\"text-align:left;\">29. November 2017\n<\/th>\n<\/tr>\n<tr>\n<th style=\"text-align:left;\"><b>Anpfiff<\/b>\n<\/th>\n<th style=\"text-align:left;\">18.30 Uhr\n<\/th>\n<\/tr>\n<tr>\n<td colspan=\"2\" style=\"text-align:center;\" bgcolor=\"lightgray\"><b>Aufstellung<\/b>\n<\/td>\n<\/tr>\n<tr>\n<th style=\"text-align:left;\"><b>Tor<\/b>\n<\/th>\n<th><a href=\"\/Alexander_Walke\" title=\"Alexander Walke\">Alexander Walke<\/a>\n<\/th>\n<\/tr>\n<tr>\n<th style=\"text-align:left;\"><b>Verteidigung<\/b>\n<\/th>\n<th><a href=\"\/Stefan_Lainer\" title=\"Stefan Lainer\">Stefan Lainer<\/a> &#8211; <a href=\"\/Paulo_Miranda\" title=\"Paulo Miranda\">Paulo Miranda<\/a> &#8211; <a href=\"\/Duje_Caleta-Car\" title=\"Duje Caleta-Car\">Duje Caleta-Car<\/a> &#8211; <a href=\"\/Andreas_Ulmer\" title=\"Andreas Ulmer\">Andreas Ulmer<\/a>\n<\/th>\n<\/tr>\n<tr>\n<th style=\"text-align:left;\"><b>Mittelfeld<\/b>\n<\/th>\n<th><a href=\"\/Xaver_Schlager\" title=\"Xaver Schlager\">Xaver Schlager<\/a> &#8211; <a href=\"\/Amadou_Haidara\" title=\"Amadou Haidara\">Amadou Haidara<\/a> &#8211; <a href=\"\/Valon_Berisha\" title=\"Valon Berisha\">Valon Berisha<\/a>&#8211; <a href=\"\/Marc_Rzatkowski\" title=\"Marc Rzatkowski\">Marc Rzatkowski<\/a>\n<\/th>\n<\/tr>\n<tr>\n<th style=\"text-align:left;\"><b>Sturm<\/b>\n<\/th>\n<th><a href=\"\/Fredrik_Gulbrandsen\" title=\"Fredrik Gulbrandsen\">Fredrik Gulbrandsen<\/a> &#8211; <a href=\"\/Munas_Dabbur\" title=\"Munas Dabbur\">Munas Dabbur<\/a>\n<\/th>\n<\/tr>\n<tr>\n<td colspan=\"2\" style=\"text-align:center;\" bgcolor=\"lightgray\"><b>Wechsel<\/b>\n<\/td>\n<\/tr>\n<tr>\n<th style=\"text-align:left;\"><b>Wechsel<\/b>\n<\/th>\n<th style=\"text-align:left;\"><a href=\"\/Hee-Chan_Hwang\" title=\"Hee-Chan Hwang\">Hee-Chan Hwang<\/a> f\u00fcr Gulbrandsen (61.), <a href=\"\/Takumi_Minamino\" title=\"Takumi Minamino\">Takumi Minamino<\/a> f\u00fcr Berisha (71.), <a href=\"\/Reinhold_Yabo\" title=\"Reinhold Yabo\">Reinhold Yabo<\/a> f\u00fcr Haidara (82.)\n<\/th>\n<\/tr>\n<tr>\n<td colspan=\"2\" style=\"text-align:center;\" bgcolor=\"lightgray\"><b>Statistik<\/b>\n<\/td>\n<\/tr>\n<tr>\n<th style=\"text-align:left;\"><b>Endstand<\/b>\n<\/th>\n<th style=\"text-align:left;\">2:0 (0:0)\n<\/th>\n<\/tr>\n<tr>\n<th style=\"text-align:left;\"><b>Torsch\u00fctzen<\/b>\n<\/th>\n<th style=\"text-align:left;\">Dabbur (87.), Minamino (90.+2)\n<\/th>\n<\/tr>\n<tr>\n<th style=\"text-align:left;\"><b>Gelbe Karten<\/b>\n<\/th>\n<th style=\"text-align:left;\">Caleta-Car (69.), Haidara (71.); Rath (2.)\n<\/th>\n<\/tr>\n<tr>\n<th style=\"text-align:left;\"><b>Rote Karten<\/b>\n<\/th>\n<th style=\"text-align:left;\">\n<\/th>\n<\/tr>\n<tr>\n<th style=\"text-align:left;\"><b>Schiedsrichter<\/b>\n<\/th>\n<th style=\"text-align:left;\">Alexander Harkam\n<\/th>\n<\/tr>\n<tr>\n<th style=\"text-align:left;\"><b>Stadion<\/b>\n<\/th>\n<th style=\"text-align:left;\">EM Stadion Wals-Siezenheim, Salzburg\n<\/th>\n<\/tr>\n<tr>\n<th style=\"text-align:left;\"><b>Zuschauer<\/b>\n<\/th>\n<th style=\"text-align:left;\">3 922\n<\/th>\n<\/tr>\n<\/tbody>\n<\/table>\n<h2><span class=\"mw-headline\" id=\"Weblinks\">Weblinks<\/span><a href=\"\/index.php?title=17._Runde,_Saison_2017\/18,_FC_Red_Bull_Salzburg_gegen_SV_Mattersburg&amp;action=edit&amp;section=2\" title=\"Abschnitt bearbeiten: Weblinks\">Bearbeiten<\/a><span class=\"mw-editsection-bracket\">]<\/span><\/span><\/h2>\n<ul>\n<li><a rel=\"nofollow\" class=\"external text\" href=\"http:\/\/www.redbullsalzburg.at\/de\/fc-red-bull-salzburg\/news\/saison_2017_18\/last-minute-sieg-ueber-mattersburg.html\">Spielbericht Vereinshomepage<\/a><\/li>\n<\/ul>\n<h2><span class=\"mw-headline\" id=\"Bilder\">Bilder<\/span><a href=\"\/index.php?title=17._Runde,_Saison_2017\/18,_FC_Red_Bull_Salzburg_gegen_SV_Mattersburg&amp;action=edit&amp;section=3\" title=\"Abschnitt bearbeiten: Bilder\">Bearbeiten<\/a><span class=\"mw-editsection-bracket\">]<\/span><\/span><\/h2>\n<ul class=\"gallery mw-gallery-traditional\">\n<li class=\"gallerybox\" style=\"width: 155px\">\n<div style=\"width: 155px\">\n<div class=\"thumb\" style=\"width: 150px;\">\n<div style=\"margin:15px auto;\"><a href=\"\/Datei:FC_Red_Bull_Salzburg_gegen_SV_Mattersburg_(29._November_2017)_14.jpg\" class=\"image\"><img alt=\"FC Red Bull Salzburg gegen SV Mattersburg (29. November 2017) 14.jpg\" src=\"\/images\/thumb\/0\/07\/FC_Red_Bull_Salzburg_gegen_SV_Mattersburg_%2829._November_2017%29_14.jpg\/120px-FC_Red_Bull_Salzburg_gegen_SV_Mattersburg_%2829._November_2017%29_14.jpg%3Futm_source%3Dcommons.wikimedia.org%26utm_campaign%3Dimageinfo%26utm_content%3Dthumbnail\" decoding=\"async\" width=\"99\" height=\"120\" srcset=\"\/images\/thumb\/0\/07\/FC_Red_Bull_Salzburg_gegen_SV_Mattersburg_%2829._November_2017%29_14.jpg\/250px-FC_Red_Bull_Salzburg_gegen_SV_Mattersburg_%2829._November_2017%29_14.jpg%3Futm_source%3Dcommons.wikimedia.org%26utm_campaign%3Dimageinfo%26utm_content%3Dthumbnail 1.5x\" \/><\/a><\/div>\n<\/div>\n<div class=\"gallerytext\">\n\t\t\t<\/div>\n<\/p><\/div>\n<\/li>\n<li class=\"gallerybox\" style=\"width: 155px\">\n<div style=\"width: 155px\">\n<div class=\"thumb\" style=\"width: 150px;\">\n<div style=\"margin:15px auto;\"><a href=\"\/Datei:FC_Red_Bull_Salzburg_gegen_SV_Mattersburg_(29._November_2017)_43.jpg\" class=\"image\"><img alt=\"FC Red Bull Salzburg gegen SV Mattersburg (29. November 2017) 43.jpg\" src=\"\/images\/thumb\/2\/26\/FC_Red_Bull_Salzburg_gegen_SV_Mattersburg_%2829._November_2017%29_43.jpg\/120px-FC_Red_Bull_Salzburg_gegen_SV_Mattersburg_%2829._November_2017%29_43.jpg%3Futm_source%3Dcommons.wikimedia.org%26utm_campaign%3Dimageinfo%26utm_content%3Dthumbnail\" decoding=\"async\" width=\"103\" height=\"120\" srcset=\"\/images\/thumb\/2\/26\/FC_Red_Bull_Salzburg_gegen_SV_Mattersburg_%2829._November_2017%29_43.jpg\/250px-FC_Red_Bull_Salzburg_gegen_SV_Mattersburg_%2829._November_2017%29_43.jpg%3Futm_source%3Dcommons.wikimedia.org%26utm_campaign%3Dimageinfo%26utm_content%3Dthumbnail 1.5x\" \/><\/a><\/div>\n<\/div>\n<div class=\"gallerytext\">\n\t\t\t<\/div>\n<\/p><\/div>\n<\/li>\n<li class=\"gallerybox\" style=\"width: 155px\">\n<div style=\"width: 155px\">\n<div class=\"thumb\" style=\"width: 150px;\">\n<div style=\"margin:15px auto;\"><a href=\"\/Datei:FC_Red_Bull_Salzburg_versus_SV_Mattersburg_(29._November_2017)_24.jpg\" class=\"image\"><img alt=\"FC Red Bull Salzburg versus SV Mattersburg (29. November 2017) 24.jpg\" src=\"\/images\/thumb\/f\/fd\/FC_Red_Bull_Salzburg_versus_SV_Mattersburg_%2829._November_2017%29_24.jpg\/120px-FC_Red_Bull_Salzburg_versus_SV_Mattersburg_%2829._November_2017%29_24.jpg%3Futm_source%3Dcommons.wikimedia.org%26utm_campaign%3Dimageinfo%26utm_content%3Dthumbnail\" decoding=\"async\" width=\"92\" height=\"120\" srcset=\"\/images\/thumb\/f\/fd\/FC_Red_Bull_Salzburg_versus_SV_Mattersburg_%2829._November_2017%29_24.jpg\/250px-FC_Red_Bull_Salzburg_versus_SV_Mattersburg_%2829._November_2017%29_24.jpg%3Futm_source%3Dcommons.wikimedia.org%26utm_campaign%3Dimageinfo%26utm_content%3Dthumbnail 1.5x\" \/><\/a><\/div>\n<\/div>\n<div class=\"gallerytext\">\n\t\t\t<\/div>\n<\/p><\/div>\n<\/li>\n<\/ul>\n<p><img loading=\"lazy\" alt=\"\" src=\"\/images\/thumb\/4\/4a\/Commons-logo.svg\/langde-20px-Commons-logo.svg.png%3Futm_source%3Dcommons.wikimedia.org%26utm_campaign%3Dimageinfo%26utm_content%3Dthumbnail\" decoding=\"async\" title=\"Commons\" width=\"12\" height=\"16\" srcset=\"\/images\/thumb\/4\/4a\/Commons-logo.svg\/langde-40px-Commons-logo.svg.png%3Futm_source%3Dcommons.wikimedia.org%26utm_campaign%3Dimageinfo%26utm_content%3Dthumbnail 2x\" \/>&#160;<b><a href=\"http:\/\/commons.wikimedia.org\/wiki\/Category:FC_Red_Bull_Salzburg_gegen_SV_Mattersburg_(29._November_2017)\" class=\"extiw\" title=\"commons:Category:FC Red Bull Salzburg gegen SV Mattersburg (29. November 2017)\">17. Runde, Saison 2017\/18, FC Red Bull Salzburg gegen SV Mattersburg<\/a><\/b>&#160;\u2013 Sammlung von Bildern, Videos und Audiodateien auf <a href=\"\/Wikimedia_Commons\" title=\"Wikimedia Commons\">Wikimedia Commons<\/a>\n<\/p>\n<h2><span class=\"mw-headline\" id=\"Stimmen_zum_Spiel\">Stimmen zum Spiel<\/span><a href=\"\/index.php?title=17._Runde,_Saison_2017\/18,_FC_Red_Bull_Salzburg_gegen_SV_Mattersburg&amp;action=edit&amp;section=4\" title=\"Abschnitt bearbeiten: Stimmen zum Spiel\">Bearbeiten<\/a><span class=\"mw-editsection-bracket\">]<\/span><\/span><\/h2>\n<p><b>Marco Rose:<\/b> Schwierige Aufgabe f\u00fcr uns. Am Ende aber auch \u00e4u\u00dferst verdient, wenn man sich die Statistik ansieht. Mattersburg war sehr gef\u00e4hrlich bei Standards, stand gut und hat uns das Leben heute schwer gemacht. Ich bin sehr stolz auf meine Jungs, dass sie bis zum Schluss gek\u00e4mpft haben. Umso mehr freut uns dieser Sieg und die drei Punkte!\n<\/p>\n<p><b>Munas Dabbur:<\/b> Es war nicht leicht f\u00fcr uns heute. Wir haben den Ball kaum in die N\u00e4he des Tores bekommen. Aber am Ende z\u00e4hlt, dass wir Tore machen konnten und einen Sieg eingefahren haben.\n<\/p>\n<\/div>\n","protected":false},"excerpt":{"rendered":"<p>FaktenBearbeiten] FC Red Bull Salzburg gegen SV Mattersburg, 2:0 Spieltag Bundesliga &#8211; 17. Spieltag Datum 29. November 2017 Anpfiff 18.30 Uhr Aufstellung Tor Alexander Walke Verteidigung Stefan Lainer &#8211; Paulo Miranda &#8211; Duje Caleta-Car &#8211; Andreas Ulmer Mittelfeld Xaver Schlager &#8211; Amadou Haidara &#8211; Valon Berisha&#8211; Marc Rzatkowski Sturm Fredrik Gulbrandsen &#8211; Munas Dabbur Wechsel [&hellip;]<\/p>\n","protected":false},"author":1,"featured_media":0,"comment_status":"open","ping_status":"open","sticky":false,"template":"","format":"standard","meta":{"footnotes":""},"categories":[631],"tags":[],"class_list":["post-820","post","type-post","status-publish","format-standard","hentry","category-17-runde-saison-2017"],"_links":{"self":[{"href":"https:\/\/wiki.s12.at\/index.php\/wp-json\/wp\/v2\/posts\/820","targetHints":{"allow":["GET"]}}],"collection":[{"href":"https:\/\/wiki.s12.at\/index.php\/wp-json\/wp\/v2\/posts"}],"about":[{"href":"https:\/\/wiki.s12.at\/index.php\/wp-json\/wp\/v2\/types\/post"}],"author":[{"embeddable":true,"href":"https:\/\/wiki.s12.at\/index.php\/wp-json\/wp\/v2\/users\/1"}],"replies":[{"embeddable":true,"href":"https:\/\/wiki.s12.at\/index.php\/wp-json\/wp\/v2\/comments?post=820"}],"version-history":[{"count":0,"href":"https:\/\/wiki.s12.at\/index.php\/wp-json\/wp\/v2\/posts\/820\/revisions"}],"wp:attachment":[{"href":"https:\/\/wiki.s12.at\/index.php\/wp-json\/wp\/v2\/media?parent=820"}],"wp:term":[{"taxonomy":"category","embeddable":true,"href":"https:\/\/wiki.s12.at\/index.php\/wp-json\/wp\/v2\/categories?post=820"},{"taxonomy":"post_tag","embeddable":true,"href":"https:\/\/wiki.s12.at\/index.php\/wp-json\/wp\/v2\/tags?post=820"}],"curies":[{"name":"wp","href":"https:\/\/api.w.org\/{rel}","templated":true}]}}