{"id":817,"date":"2026-05-06T13:31:11","date_gmt":"2026-05-06T11:31:11","guid":{"rendered":"https:\/\/wiki.s12.at\/index.php\/2026\/05\/06\/17-runde-saison-2015-16-sv-groedig-gegen-fc-red-bull-salzburg\/"},"modified":"2026-05-06T13:31:11","modified_gmt":"2026-05-06T11:31:11","slug":"17-runde-saison-2015-16-sv-groedig-gegen-fc-red-bull-salzburg","status":"publish","type":"post","link":"https:\/\/wiki.s12.at\/index.php\/2026\/05\/06\/17-runde-saison-2015-16-sv-groedig-gegen-fc-red-bull-salzburg\/","title":{"rendered":"16 SV Gr\u00f6dig gegen FC Red Bull Salzburg"},"content":{"rendered":"<div class=\"mw-parser-output\">\n<h2><span class=\"mw-headline\" id=\"Fakten\">Fakten<\/span><a href=\"\/index.php?title=17._Runde,_Saison_2015\/16_SV_Gr%C3%B6dig_gegen_FC_Red_Bull_Salzburg&amp;action=edit&amp;section=1\" title=\"Abschnitt bearbeiten: Fakten\">Bearbeiten<\/a><span class=\"mw-editsection-bracket\">]<\/span><\/span><\/h2>\n<table class=\"toptextcells toccolours\">\n<tbody>\n<tr>\n<th colspan=\"2\" style=\"text-align: center; vertical-align: top; padding: 0.3em 0.8em; font-size: 125%; background-color: lightsteelblue;\">SV Gr\u00f6dig gegen FC Red Bull Salzburg, 1:1\n<\/th>\n<\/tr>\n<tr>\n<th style=\"text-align:left;\"><b>Spieltag<\/b>\n<\/th>\n<th style=\"text-align:left;\">Bundesliga -17. Spieltag\n<\/th>\n<\/tr>\n<tr>\n<th style=\"text-align:left;\"><b>Datum<\/b>\n<\/th>\n<th style=\"text-align:left;\">28. November 2015\n<\/th>\n<\/tr>\n<tr>\n<th style=\"text-align:left;\"><b>Anpfiff<\/b>\n<\/th>\n<th style=\"text-align:left;\">18.30 Uhr\n<\/th>\n<\/tr>\n<tr>\n<td colspan=\"2\" style=\"text-align:center;\" bgcolor=\"lightgray\"><b>Aufstellung<\/b>\n<\/td>\n<\/tr>\n<tr>\n<th style=\"text-align:left;\"><b>Tor<\/b>\n<\/th>\n<th><a href=\"\/Alexander_Walke\" title=\"Alexander Walke\">Alexander Walke<\/a>\n<\/th>\n<\/tr>\n<tr>\n<th style=\"text-align:left;\"><b>Verteidigung<\/b>\n<\/th>\n<th><a href=\"\/Christian_Schwegler\" title=\"Christian Schwegler\">Christian Schwegler<\/a> &#8211; <a href=\"\/Martin_Hinteregger\" title=\"Martin Hinteregger\">Martin Hinteregger<\/a> &#8211; <a href=\"\/Paulo_Miranda\" title=\"Paulo Miranda\">Paulo Miranda<\/a> &#8211; <a href=\"\/Andreas_Ulmer\" title=\"Andreas Ulmer\">Andreas Ulmer<\/a>\n<\/th>\n<\/tr>\n<tr>\n<th style=\"text-align:left;\"><b>Mittelfeld<\/b>\n<\/th>\n<th><a href=\"\/Benno_Schmitz\" title=\"Benno Schmitz\">Benno Schmitz<\/a> &#8211; <a href=\"\/Yasin_Pehlivan\" title=\"Yasin Pehlivan\">Yasin Pehlivan<\/a> &#8211; <a href=\"\/Valon_Berisha\" title=\"Valon Berisha\">Valon Berisha<\/a> &#8211; <a href=\"\/Stefan_Lainer\" title=\"Stefan Lainer\">Stefan Lainer<\/a>\n<\/th>\n<\/tr>\n<tr>\n<th style=\"text-align:left;\"><b>Sturm<\/b>\n<\/th>\n<th><a href=\"\/Jonatan_Soriano\" title=\"Jonatan Soriano\">Jonatan Soriano<\/a> &#8211; <a href=\"\/Omer_Damari\" title=\"Omer Damari\">Omer Damari<\/a>\n<\/th>\n<\/tr>\n<tr>\n<td colspan=\"2\" style=\"text-align:center;\" bgcolor=\"lightgray\"><b>Wechsel<\/b>\n<\/td>\n<\/tr>\n<tr>\n<th style=\"text-align:left;\"><b>Wechsel<\/b>\n<\/th>\n<th style=\"text-align:left;\"><a href=\"\/Takumi_Minamino\" title=\"Takumi Minamino\">Takumi Minamino<\/a> f\u00fcr Lainer (58.), <a href=\"\/Naby_Keita\" title=\"Naby Keita\">Naby Keita<\/a> f\u00fcr Pehlivan (64.), <a href=\"\/Hany_Mukhtar\" title=\"Hany Mukhtar\">Hany Mukhtar<\/a> f\u00fcr Berisha (83.)\n<\/th>\n<\/tr>\n<tr>\n<td colspan=\"2\" style=\"text-align:center;\" bgcolor=\"lightgray\"><b>Statistik<\/b>\n<\/td>\n<\/tr>\n<tr>\n<th style=\"text-align:left;\"><b>Endstand<\/b>\n<\/th>\n<th style=\"text-align:left;\">1:1 (0:1)\n<\/th>\n<\/tr>\n<tr>\n<th style=\"text-align:left;\"><b>Torsch\u00fctzen<\/b>\n<\/th>\n<th style=\"text-align:left;\">Rasner (56.);  Soriano (15.)\n<\/th>\n<\/tr>\n<tr>\n<th style=\"text-align:left;\"><b>Gelbe Karten<\/b>\n<\/th>\n<th style=\"text-align:left;\">Brauer (15.), Rasner (22.), Pichler (92.) &#160;; Schwegler (37.), Schmitz (65.), Hinteregger (90.)\n<\/th>\n<\/tr>\n<tr>\n<th style=\"text-align:left;\"><b>Rote Karten<\/b>\n<\/th>\n<th style=\"text-align:left;\">\n<\/th>\n<\/tr>\n<tr>\n<th style=\"text-align:left;\"><b>Schiedsrichter<\/b>\n<\/th>\n<th style=\"text-align:left;\">Oliver Drachta\n<\/th>\n<\/tr>\n<tr>\n<th style=\"text-align:left;\"><b>Stadion<\/b>\n<\/th>\n<th style=\"text-align:left;\">Untersberg-Arena, Gr\u00f6dig\n<\/th>\n<\/tr>\n<tr>\n<th style=\"text-align:left;\"><b>Zuschauer<\/b>\n<\/th>\n<th style=\"text-align:left;\">2 036\n<\/th>\n<\/tr>\n<\/tbody>\n<\/table>\n<p>\n<\/p>\n<h2><span class=\"mw-headline\" id=\"Bilder\">Bilder<\/span><a href=\"\/index.php?title=17._Runde,_Saison_2015\/16_SV_Gr%C3%B6dig_gegen_FC_Red_Bull_Salzburg&amp;action=edit&amp;section=2\" title=\"Abschnitt bearbeiten: Bilder\">Bearbeiten<\/a><span class=\"mw-editsection-bracket\">]<\/span><\/span><\/h2>\n<ul class=\"gallery mw-gallery-traditional\">\n<li class=\"gallerybox\" style=\"width: 155px\">\n<div style=\"width: 155px\">\n<div class=\"thumb\" style=\"width: 150px;\">\n<div style=\"margin:15px auto;\"><a href=\"\/Datei:SV_Gr%C3%B6dig_gegen_RB_Salzburg_(November_2015)_16.JPG\" class=\"image\"><img alt=\"SV Gr\u00f6dig gegen RB Salzburg (November 2015) 16.JPG\" src=\"\/images\/thumb\/4\/4b\/SV_Gr%C3%B6dig_gegen_RB_Salzburg_%28November_2015%29_16.JPG\/120px-SV_Gr%C3%B6dig_gegen_RB_Salzburg_%28November_2015%29_16.JPG%3Futm_source%3Dcommons.wikimedia.org%26utm_campaign%3Dimageinfo%26utm_content%3Dthumbnail\" decoding=\"async\" width=\"101\" height=\"120\" srcset=\"\/images\/thumb\/4\/4b\/SV_Gr%C3%B6dig_gegen_RB_Salzburg_%28November_2015%29_16.JPG\/250px-SV_Gr%C3%B6dig_gegen_RB_Salzburg_%28November_2015%29_16.JPG%3Futm_source%3Dcommons.wikimedia.org%26utm_campaign%3Dimageinfo%26utm_content%3Dthumbnail 1.5x\" \/><\/a><\/div>\n<\/div>\n<div class=\"gallerytext\">\n\t\t\t<\/div>\n<\/p><\/div>\n<\/li>\n<li class=\"gallerybox\" style=\"width: 155px\">\n<div style=\"width: 155px\">\n<div class=\"thumb\" style=\"width: 150px;\">\n<div style=\"margin:15px auto;\"><a href=\"\/Datei:SV_Gr%C3%B6dig_gegen_RB_Salzburg_(November_2015)_04.JPG\" class=\"image\"><img alt=\"SV Gr\u00f6dig gegen RB Salzburg (November 2015) 04.JPG\" src=\"\/images\/thumb\/1\/1b\/SV_Gr%C3%B6dig_gegen_RB_Salzburg_%28November_2015%29_04.JPG\/120px-SV_Gr%C3%B6dig_gegen_RB_Salzburg_%28November_2015%29_04.JPG%3Futm_source%3Dcommons.wikimedia.org%26utm_campaign%3Dimageinfo%26utm_content%3Dthumbnail\" decoding=\"async\" width=\"88\" height=\"120\" srcset=\"\/images\/thumb\/1\/1b\/SV_Gr%C3%B6dig_gegen_RB_Salzburg_%28November_2015%29_04.JPG\/250px-SV_Gr%C3%B6dig_gegen_RB_Salzburg_%28November_2015%29_04.JPG%3Futm_source%3Dcommons.wikimedia.org%26utm_campaign%3Dimageinfo%26utm_content%3Dthumbnail 1.5x\" \/><\/a><\/div>\n<\/div>\n<div class=\"gallerytext\">\n\t\t\t<\/div>\n<\/p><\/div>\n<\/li>\n<li class=\"gallerybox\" style=\"width: 155px\">\n<div style=\"width: 155px\">\n<div class=\"thumb\" style=\"width: 150px;\">\n<div style=\"margin:15px auto;\"><a href=\"\/Datei:SV_Gr%C3%B6dig_gegen_RB_Salzburg_(November_2015)_03.JPG\" class=\"image\"><img alt=\"SV Gr\u00f6dig gegen RB Salzburg (November 2015) 03.JPG\" src=\"\/images\/thumb\/0\/05\/SV_Gr%C3%B6dig_gegen_RB_Salzburg_%28November_2015%29_03.JPG\/120px-SV_Gr%C3%B6dig_gegen_RB_Salzburg_%28November_2015%29_03.JPG%3Futm_source%3Dcommons.wikimedia.org%26utm_campaign%3Dimageinfo%26utm_content%3Dthumbnail\" decoding=\"async\" width=\"108\" height=\"120\" srcset=\"\/images\/thumb\/0\/05\/SV_Gr%C3%B6dig_gegen_RB_Salzburg_%28November_2015%29_03.JPG\/250px-SV_Gr%C3%B6dig_gegen_RB_Salzburg_%28November_2015%29_03.JPG%3Futm_source%3Dcommons.wikimedia.org%26utm_campaign%3Dimageinfo%26utm_content%3Dthumbnail 1.5x\" \/><\/a><\/div>\n<\/div>\n<div class=\"gallerytext\">\n\t\t\t<\/div>\n<\/p><\/div>\n<\/li>\n<li class=\"gallerybox\" style=\"width: 155px\">\n<div style=\"width: 155px\">\n<div class=\"thumb\" style=\"width: 150px;\">\n<div style=\"margin:21px auto;\"><a href=\"\/Datei:SV_Gr%C3%B6dig_gegen_RB_Salzburg_(November_2015)_01.JPG\" class=\"image\"><img loading=\"lazy\" alt=\"SV Gr\u00f6dig gegen RB Salzburg (November 2015) 01.JPG\" src=\"\/images\/thumb\/8\/8c\/SV_Gr%C3%B6dig_gegen_RB_Salzburg_%28November_2015%29_01.JPG\/120px-SV_Gr%C3%B6dig_gegen_RB_Salzburg_%28November_2015%29_01.JPG%3Futm_source%3Dcommons.wikimedia.org%26utm_campaign%3Dimageinfo%26utm_content%3Dthumbnail\" decoding=\"async\" width=\"120\" height=\"108\" srcset=\"\/images\/thumb\/8\/8c\/SV_Gr%C3%B6dig_gegen_RB_Salzburg_%28November_2015%29_01.JPG\/250px-SV_Gr%C3%B6dig_gegen_RB_Salzburg_%28November_2015%29_01.JPG%3Futm_source%3Dcommons.wikimedia.org%26utm_campaign%3Dimageinfo%26utm_content%3Dthumbnail 1.5x\" \/><\/a><\/div>\n<\/div>\n<div class=\"gallerytext\">\n\t\t\t<\/div>\n<\/p><\/div>\n<\/li>\n<\/ul>\n<p><img loading=\"lazy\" alt=\"\" src=\"\/images\/thumb\/4\/4a\/Commons-logo.svg\/langde-20px-Commons-logo.svg.png%3Futm_source%3Dcommons.wikimedia.org%26utm_campaign%3Dimageinfo%26utm_content%3Dthumbnail\" decoding=\"async\" title=\"Commons\" width=\"12\" height=\"16\" srcset=\"\/images\/thumb\/4\/4a\/Commons-logo.svg\/langde-40px-Commons-logo.svg.png%3Futm_source%3Dcommons.wikimedia.org%26utm_campaign%3Dimageinfo%26utm_content%3Dthumbnail 2x\" \/>&#160;<b><a href=\"http:\/\/commons.wikimedia.org\/wiki\/Category:SV_Gr%C3%B6dig_gegen_FC_Red_Bull_Salzburg_(29._November_2015)\" class=\"extiw\" title=\"commons:Category:SV Gr\u00f6dig gegen FC Red Bull Salzburg (29. November 2015)\">17. Runde, Saison 2015\/16 SV Gr\u00f6dig gegen FC Red Bull Salzburg<\/a><\/b>&#160;\u2013 Sammlung von Bildern, Videos und Audiodateien auf <a href=\"\/Wikimedia_Commons\" title=\"Wikimedia Commons\">Wikimedia Commons<\/a>\n<\/p>\n<h2><span class=\"mw-headline\" id=\"Weblinks\">Weblinks<\/span><a href=\"\/index.php?title=17._Runde,_Saison_2015\/16_SV_Gr%C3%B6dig_gegen_FC_Red_Bull_Salzburg&amp;action=edit&amp;section=3\" title=\"Abschnitt bearbeiten: Weblinks\">Bearbeiten<\/a><span class=\"mw-editsection-bracket\">]<\/span><\/span><\/h2>\n<ul>\n<li><a rel=\"nofollow\" class=\"external text\" href=\"http:\/\/www.redbullsalzburg.at\/de\/fc-red-bull-salzburg\/news\/saison_2015_16\/rote-bullen-und-groedig-trennen-sich-1-2.htmlSpielbericht\">Vereinshomepage<\/a><\/li>\n<\/ul>\n<h2><span class=\"mw-headline\" id=\"Stimmen_zum_Spiel\">Stimmen zum Spiel<\/span><a href=\"\/index.php?title=17._Runde,_Saison_2015\/16_SV_Gr%C3%B6dig_gegen_FC_Red_Bull_Salzburg&amp;action=edit&amp;section=4\" title=\"Abschnitt bearbeiten: Stimmen zum Spiel\">Bearbeiten<\/a><span class=\"mw-editsection-bracket\">]<\/span><\/span><\/h2>\n<ul>\n<li><b>Peter Zeidler:<\/b> Wir haben unsere Ziele, heute gut zu spielen und zu gewinnen, nicht erreicht, von daher sind wir nat\u00fcrlich nicht zufrieden. Es ist uns nicht gelungen, den Ausgleichstreffer zu verteidigen, und auch der Gr\u00f6diger Tormann hat heute seiner Mannschaft diesen Punkt gerettet.<\/li>\n<li><b>Andreas Ulmer:<\/b>Wir hatten mehr Torchancen und h\u00e4tten schon in der ersten Halbzeit noch ein Tor schie\u00dfen m\u00fcssen. Gr\u00f6dig hat es heute taktisch gut angelegt und wir haben unsere M\u00f6glichkeiten nicht konsequent genutzt.<\/li>\n<\/ul>\n<\/div>\n","protected":false},"excerpt":{"rendered":"<p>FaktenBearbeiten] SV Gr\u00f6dig gegen FC Red Bull Salzburg, 1:1 Spieltag Bundesliga -17. Spieltag Datum 28. November 2015 Anpfiff 18.30 Uhr Aufstellung Tor Alexander Walke Verteidigung Christian Schwegler &#8211; Martin Hinteregger &#8211; Paulo Miranda &#8211; Andreas Ulmer Mittelfeld Benno Schmitz &#8211; Yasin Pehlivan &#8211; Valon Berisha &#8211; Stefan Lainer Sturm Jonatan Soriano &#8211; Omer Damari Wechsel [&hellip;]<\/p>\n","protected":false},"author":1,"featured_media":0,"comment_status":"open","ping_status":"open","sticky":false,"template":"","format":"standard","meta":{"footnotes":""},"categories":[629],"tags":[],"class_list":["post-817","post","type-post","status-publish","format-standard","hentry","category-17-runde-saison-2015"],"_links":{"self":[{"href":"https:\/\/wiki.s12.at\/index.php\/wp-json\/wp\/v2\/posts\/817","targetHints":{"allow":["GET"]}}],"collection":[{"href":"https:\/\/wiki.s12.at\/index.php\/wp-json\/wp\/v2\/posts"}],"about":[{"href":"https:\/\/wiki.s12.at\/index.php\/wp-json\/wp\/v2\/types\/post"}],"author":[{"embeddable":true,"href":"https:\/\/wiki.s12.at\/index.php\/wp-json\/wp\/v2\/users\/1"}],"replies":[{"embeddable":true,"href":"https:\/\/wiki.s12.at\/index.php\/wp-json\/wp\/v2\/comments?post=817"}],"version-history":[{"count":0,"href":"https:\/\/wiki.s12.at\/index.php\/wp-json\/wp\/v2\/posts\/817\/revisions"}],"wp:attachment":[{"href":"https:\/\/wiki.s12.at\/index.php\/wp-json\/wp\/v2\/media?parent=817"}],"wp:term":[{"taxonomy":"category","embeddable":true,"href":"https:\/\/wiki.s12.at\/index.php\/wp-json\/wp\/v2\/categories?post=817"},{"taxonomy":"post_tag","embeddable":true,"href":"https:\/\/wiki.s12.at\/index.php\/wp-json\/wp\/v2\/tags?post=817"}],"curies":[{"name":"wp","href":"https:\/\/api.w.org\/{rel}","templated":true}]}}