{"id":812,"date":"2026-05-06T13:30:44","date_gmt":"2026-05-06T11:30:44","guid":{"rendered":"https:\/\/wiki.s12.at\/index.php\/2026\/05\/06\/17-runde-saison-2013-14fc-liefering-gegen-skn-st-poelten\/"},"modified":"2026-05-06T13:30:44","modified_gmt":"2026-05-06T11:30:44","slug":"17-runde-saison-2013-14fc-liefering-gegen-skn-st-poelten","status":"publish","type":"post","link":"https:\/\/wiki.s12.at\/index.php\/2026\/05\/06\/17-runde-saison-2013-14fc-liefering-gegen-skn-st-poelten\/","title":{"rendered":"14,FC Liefering gegen SKN St.P\u00f6lten"},"content":{"rendered":"<div class=\"mw-parser-output\">\n<h2><span class=\"mw-headline\" id=\"Fakten\">Fakten<\/span><a href=\"\/index.php?title=17._Runde,_Saison_2013\/14,FC_Liefering_gegen_SKN_St.P%C3%B6lten&amp;action=edit&amp;section=1\" title=\"Abschnitt bearbeiten: Fakten\">Bearbeiten<\/a><span class=\"mw-editsection-bracket\">]<\/span><\/span><\/h2>\n<table class=\"toptextcells toccolours\">\n<tbody>\n<tr>\n<th colspan=\"2\" style=\"text-align: center; vertical-align: top; padding: 0.3em 0.8em; font-size: 125%; background-color: lightsteelblue;\">FC Liefering gegen SKN St. P\u00f6lten, 0:1\n<\/th>\n<\/tr>\n<tr>\n<th style=\"text-align:left;\"><b>Spieltag<\/b>\n<\/th>\n<th style=\"text-align:left;\">Heute f\u00fcr Morgen Erste Liga- 17. Spieltag\n<\/th>\n<\/tr>\n<tr>\n<th style=\"text-align:left;\"><b>Datum<\/b>\n<\/th>\n<th style=\"text-align:left;\">8. November 2013\n<\/th>\n<\/tr>\n<tr>\n<th style=\"text-align:left;\"><b>Anpfiff<\/b>\n<\/th>\n<th style=\"text-align:left;\">18.30 Uhr\n<\/th>\n<\/tr>\n<tr>\n<td colspan=\"2\" style=\"text-align:center;\" bgcolor=\"lightgray\"><b>Aufstellung<\/b>\n<\/td>\n<\/tr>\n<tr>\n<th style=\"text-align:left;\"><b>Tor<\/b>\n<\/th>\n<th><a href=\"\/Thomas_D%C3%A4hne\" title=\"Thomas D\u00e4hne\">Thomas D\u00e4hne<\/a>\n<\/th>\n<\/tr>\n<tr>\n<th style=\"text-align:left;\"><b>Verteidigung<\/b>\n<\/th>\n<th><a href=\"\/Stefan_Lainer\" title=\"Stefan Lainer\">Stefan Lainer<\/a> <a href=\"\/Rene_Aufhauser\" class=\"mw-redirect\" title=\"Rene Aufhauser\">Rene Aufhauser<\/a> <a href=\"\/Stefan_Schwendinger\" title=\"Stefan Schwendinger\">Stefan Schwendinger<\/a> <a href=\"\/Philipp_Wiesinger\" title=\"Philipp Wiesinger\">Philipp Wiesinger<\/a>\n<\/th>\n<\/tr>\n<tr>\n<th style=\"text-align:left;\"><b>Mittelfeld<\/b>\n<\/th>\n<th><a href=\"\/Robert_V%C3%B6lkl\" title=\"Robert V\u00f6lkl\">Robert V\u00f6lkl<\/a> <a href=\"\/Michael_Brandner\" title=\"Michael Brandner\">Michael Brandner<\/a> <a href=\"\/Wolfgang_Mair\" title=\"Wolfgang Mair\">Wolfgang Mair<\/a>\n<\/th>\n<\/tr>\n<tr>\n<th style=\"text-align:left;\"><b>Sturm<\/b>\n<\/th>\n<th><a href=\"\/Sandro_Djuric\" title=\"Sandro Djuric\">Sandro Djuric<\/a> <a href=\"\/Nils_Quaschner\" title=\"Nils Quaschner\">Nils Quaschner<\/a>  <a href=\"\/Ivan_Kovacec\" title=\"Ivan Kovacec\">Ivan Kovacec<\/a>\n<\/th>\n<\/tr>\n<tr>\n<td colspan=\"2\" style=\"text-align:center;\" bgcolor=\"lightgray\"><b>Wechsel<\/b>\n<\/td>\n<\/tr>\n<tr>\n<th style=\"text-align:left;\"><b>Wechsel<\/b>\n<\/th>\n<th style=\"text-align:left;\"><a href=\"\/Martin_Rasner\" title=\"Martin Rasner\">Martin Rasner<\/a> f\u00fcr Brandner (46.) <a href=\"\/Andreas_Bammer\" title=\"Andreas Bammer\">Andreas Bammer<\/a> f\u00fcr Djuric (46.) <a href=\"\/Mario_Konrad\" title=\"Mario Konrad\">Mario Konrad<\/a> f\u00fcr Schwendinger (79.)\n<\/th>\n<\/tr>\n<tr>\n<td colspan=\"2\" style=\"text-align:center;\" bgcolor=\"lightgray\"><b>Statistik<\/b>\n<\/td>\n<\/tr>\n<tr>\n<th style=\"text-align:left;\"><b>Endstand<\/b>\n<\/th>\n<th style=\"text-align:left;\">0:1 (0:0)\n<\/th>\n<\/tr>\n<tr>\n<th style=\"text-align:left;\"><b>Torsch\u00fctzen<\/b>\n<\/th>\n<th style=\"text-align:left;\">Schibany (76.)\n<\/th>\n<\/tr>\n<tr>\n<th style=\"text-align:left;\"><b>Gelbe Karten<\/b>\n<\/th>\n<th style=\"text-align:left;\">V\u00f6lkl (50.), Quaschner (85.); Brandl (66.), Ambichl (86.)\n<\/th>\n<\/tr>\n<tr>\n<th style=\"text-align:left;\"><b>Rote Karten<\/b>\n<\/th>\n<th style=\"text-align:left;\">Quaschner (89. gelb-rot)\n<\/th>\n<\/tr>\n<tr>\n<th style=\"text-align:left;\"><b>Schiedsrichter<\/b>\n<\/th>\n<th style=\"text-align:left;\">Dieter Muckenhammer\n<\/th>\n<\/tr>\n<tr>\n<th style=\"text-align:left;\"><b>Stadion<\/b>\n<\/th>\n<th style=\"text-align:left;\">Red Bull Arena, Salzburg\n<\/th>\n<\/tr>\n<tr>\n<th style=\"text-align:left;\"><b>Zuschauer<\/b>\n<\/th>\n<th style=\"text-align:left;\">310\n<\/th>\n<\/tr>\n<\/tbody>\n<\/table>\n<p>\n<\/p>\n<h2><span class=\"mw-headline\" id=\"Weblinks\">Weblinks<\/span><a href=\"\/index.php?title=17._Runde,_Saison_2013\/14,FC_Liefering_gegen_SKN_St.P%C3%B6lten&amp;action=edit&amp;section=2\" title=\"Abschnitt bearbeiten: Weblinks\">Bearbeiten<\/a><span class=\"mw-editsection-bracket\">]<\/span><\/span><\/h2>\n<ul>\n<li><a rel=\"nofollow\" class=\"external text\" href=\"http:\/\/redbulls.com\/soccer\/salzburg\/de\/juniors-news-detail_6736.html\">Spielbericht Vereinshomepage<\/a><\/li>\n<\/ul>\n<h2><span class=\"mw-headline\" id=\"Stimmen_zum_Spiel\">Stimmen zum Spiel<\/span><a href=\"\/index.php?title=17._Runde,_Saison_2013\/14,FC_Liefering_gegen_SKN_St.P%C3%B6lten&amp;action=edit&amp;section=3\" title=\"Abschnitt bearbeiten: Stimmen zum Spiel\">Bearbeiten<\/a><span class=\"mw-editsection-bracket\">]<\/span><\/span><\/h2>\n<p><b>Peter Zeidler:<\/b> &#8222;In der ersten H\u00e4lfte haben wir zu verkrampft agiert und nicht zu unserem Spiel gefunden. Nach der Pause haben wir besser gespielt und ein \u00dcbergewicht bekommen. In dieser Phase haben wir gehofft, auch einen wichtigen Akzent nach vorne setzen zu k\u00f6nnen. Leider hat sich die Partie anders entwickelt &#8211; und St. P\u00f6lten das Tor erzielt. Jetzt gilt es schnell zu regenerieren und die L\u00e4nderspielpause gut zu n\u00fctzen.&#8220;\n<\/p>\n<p><b>Rene Aufhauser:<\/b> &#8222;Wir haben heute einfach zu wenig Zweik\u00e4mpfe gewonnen. Speziell in der ersten Halbzeit waren wir zu zaghaft. Wir haben heute leider nicht so viele Chancen herausgespielt wie gewohnt. Beim Gegentor habe ich das lange Eck abgedeckt. Leider ging der Schuss genau zwischen Stange und Thomas D\u00e4hne ins Tor.&#8220;\n<\/p>\n<\/div>\n","protected":false},"excerpt":{"rendered":"<p>FaktenBearbeiten] FC Liefering gegen SKN St. P\u00f6lten, 0:1 Spieltag Heute f\u00fcr Morgen Erste Liga- 17. Spieltag Datum 8. November 2013 Anpfiff 18.30 Uhr Aufstellung Tor Thomas D\u00e4hne Verteidigung Stefan Lainer Rene Aufhauser Stefan Schwendinger Philipp Wiesinger Mittelfeld Robert V\u00f6lkl Michael Brandner Wolfgang Mair Sturm Sandro Djuric Nils Quaschner Ivan Kovacec Wechsel Wechsel Martin Rasner f\u00fcr [&hellip;]<\/p>\n","protected":false},"author":1,"featured_media":0,"comment_status":"open","ping_status":"open","sticky":false,"template":"","format":"standard","meta":{"footnotes":""},"categories":[627],"tags":[],"class_list":["post-812","post","type-post","status-publish","format-standard","hentry","category-17-runde-saison-2013"],"_links":{"self":[{"href":"https:\/\/wiki.s12.at\/index.php\/wp-json\/wp\/v2\/posts\/812","targetHints":{"allow":["GET"]}}],"collection":[{"href":"https:\/\/wiki.s12.at\/index.php\/wp-json\/wp\/v2\/posts"}],"about":[{"href":"https:\/\/wiki.s12.at\/index.php\/wp-json\/wp\/v2\/types\/post"}],"author":[{"embeddable":true,"href":"https:\/\/wiki.s12.at\/index.php\/wp-json\/wp\/v2\/users\/1"}],"replies":[{"embeddable":true,"href":"https:\/\/wiki.s12.at\/index.php\/wp-json\/wp\/v2\/comments?post=812"}],"version-history":[{"count":0,"href":"https:\/\/wiki.s12.at\/index.php\/wp-json\/wp\/v2\/posts\/812\/revisions"}],"wp:attachment":[{"href":"https:\/\/wiki.s12.at\/index.php\/wp-json\/wp\/v2\/media?parent=812"}],"wp:term":[{"taxonomy":"category","embeddable":true,"href":"https:\/\/wiki.s12.at\/index.php\/wp-json\/wp\/v2\/categories?post=812"},{"taxonomy":"post_tag","embeddable":true,"href":"https:\/\/wiki.s12.at\/index.php\/wp-json\/wp\/v2\/tags?post=812"}],"curies":[{"name":"wp","href":"https:\/\/api.w.org\/{rel}","templated":true}]}}