{"id":805,"date":"2026-05-06T13:30:32","date_gmt":"2026-05-06T11:30:32","guid":{"rendered":"https:\/\/wiki.s12.at\/index.php\/2026\/05\/06\/17-runde-saison-2006-07-fcw-vs-rbs\/"},"modified":"2026-05-06T13:30:32","modified_gmt":"2026-05-06T11:30:32","slug":"17-runde-saison-2006-07-fcw-vs-rbs","status":"publish","type":"post","link":"https:\/\/wiki.s12.at\/index.php\/2026\/05\/06\/17-runde-saison-2006-07-fcw-vs-rbs\/","title":{"rendered":"07, FCW vs. RBS"},"content":{"rendered":"<div class=\"mw-parser-output\">\n<h3><span class=\"mw-headline\" id=\"Fakten\">Fakten<\/span><a href=\"\/index.php?title=17._Runde,_Saison_2006\/07,_FCW_vs._RBS&amp;action=edit&amp;section=1\" title=\"Abschnitt bearbeiten: Fakten\">Bearbeiten<\/a><span class=\"mw-editsection-bracket\">]<\/span><\/span><\/h3>\n<p><b>Bundesliga &#8211; 17. Spieltag: 12. November 2006, 15.30 Uhr<\/b><br \/>\n\n<\/p>\n<table class=\"wikitable\">\n<caption><big> FC Wacker Innsbruck gegen FC Red Bull Salzburg , 2:1<\/big><br \/>\n<\/caption>\n<tbody>\n<tr>\n<td>Aufstellung:<\/td>\n<td><a href=\"\/Timo_Ochs\" title=\"Timo Ochs\">Timo Ochs<\/a>, <a href=\"\/Laszlo_Bodnar\" title=\"Laszlo Bodnar\">Laszlo Bodnar<\/a>, <a href=\"\/Jorge_Vargas\" title=\"Jorge Vargas\">Jorge Vargas<\/a>, <a href=\"\/Thomas_Linke\" title=\"Thomas Linke\">Thomas Linke<\/a>, <a href=\"\/Milan_Dudic\" class=\"mw-redirect\" title=\"Milan Dudic\">Milan Dudic<\/a>, <a href=\"\/Christian_Tiffert\" title=\"Christian Tiffert\">Christian Tiffert<\/a> <a href=\"\/Ezequiel_Carboni\" class=\"mw-redirect\" title=\"Ezequiel Carboni\">Ezequiel Carboni<\/a>, <a href=\"\/Niko_Kovac\" class=\"mw-redirect\" title=\"Niko Kovac\">Niko Kovac<\/a>, <a href=\"\/Patrik_Je%C5%BEek\" title=\"Patrik Je\u017eek\">Patrik Je\u017eek<\/a>, <a href=\"\/Vladimir_Janocko\" class=\"mw-redirect\" title=\"Vladimir Janocko\">Vladimir  Janocko<\/a>, <a href=\"\/Alexander_Zickler\" title=\"Alexander Zickler\">Alexander Zickler<\/a>\n<\/td>\n<\/tr>\n<tr>\n<td>Wechsel:<\/td>\n<td><a href=\"\/Vratislav_Lokvenc\" title=\"Vratislav Lokvenc\">Vratislav Lokvenc<\/a> f\u00fcr Janocko (47.), <a href=\"\/Remo_Meyer\" class=\"mw-redirect\" title=\"Remo Meyer\">Remo Meyer<\/a> f\u00fcr Jezek (61.), <a href=\"\/Johan_Vonlanthen\" title=\"Johan Vonlanthen\">Johan Vonlanthen<\/a> f\u00fcr Kovac (73.)\n<\/td>\n<\/tr>\n<tr>\n<td>Endstand:<\/td>\n<td>2:1 (1:0)\n<\/td>\n<\/tr>\n<tr>\n<td>Torsch\u00fctzen:<\/td>\n<td>Dollinger (19.), Windisch (69.); Zickler (59.)\n<\/td>\n<\/tr>\n<tr>\n<td>Gelbe Karten:<\/td>\n<td>Lokvenc (55.), Tiffert (84.); Mimm (16.), Hattenberger (77.), Brzeczek (79.)\n<\/td>\n<\/tr>\n<tr>\n<td>Gelb-rote Karten:<\/td>\n<td>\n<\/td>\n<\/tr>\n<tr>\n<td>Rote Karten:<\/td>\n<td>Vargas (55.)\n<\/td>\n<\/tr>\n<tr>\n<td>Schiedsrichter:<\/td>\n<td>Dietmar Drabek\n<\/td>\n<\/tr>\n<tr>\n<td>Stadion:<\/td>\n<td>Tivoli, Innsbruck\n<\/td>\n<\/tr>\n<tr>\n<td>Zuschauer:<\/td>\n<td>9 187\n<\/td>\n<\/tr>\n<\/tbody>\n<\/table>\n<\/div>\n","protected":false},"excerpt":{"rendered":"<p>FaktenBearbeiten] Bundesliga &#8211; 17. Spieltag: 12. November 2006, 15.30 Uhr FC Wacker Innsbruck gegen FC Red Bull Salzburg , 2:1 Aufstellung: Timo Ochs, Laszlo Bodnar, Jorge Vargas, Thomas Linke, Milan Dudic, Christian Tiffert Ezequiel Carboni, Niko Kovac, Patrik Je\u017eek, Vladimir Janocko, Alexander Zickler Wechsel: Vratislav Lokvenc f\u00fcr Janocko (47.), Remo Meyer f\u00fcr Jezek (61.), Johan [&hellip;]<\/p>\n","protected":false},"author":1,"featured_media":0,"comment_status":"open","ping_status":"open","sticky":false,"template":"","format":"standard","meta":{"footnotes":""},"categories":[620],"tags":[],"class_list":["post-805","post","type-post","status-publish","format-standard","hentry","category-17-runde-saison-2006"],"_links":{"self":[{"href":"https:\/\/wiki.s12.at\/index.php\/wp-json\/wp\/v2\/posts\/805","targetHints":{"allow":["GET"]}}],"collection":[{"href":"https:\/\/wiki.s12.at\/index.php\/wp-json\/wp\/v2\/posts"}],"about":[{"href":"https:\/\/wiki.s12.at\/index.php\/wp-json\/wp\/v2\/types\/post"}],"author":[{"embeddable":true,"href":"https:\/\/wiki.s12.at\/index.php\/wp-json\/wp\/v2\/users\/1"}],"replies":[{"embeddable":true,"href":"https:\/\/wiki.s12.at\/index.php\/wp-json\/wp\/v2\/comments?post=805"}],"version-history":[{"count":0,"href":"https:\/\/wiki.s12.at\/index.php\/wp-json\/wp\/v2\/posts\/805\/revisions"}],"wp:attachment":[{"href":"https:\/\/wiki.s12.at\/index.php\/wp-json\/wp\/v2\/media?parent=805"}],"wp:term":[{"taxonomy":"category","embeddable":true,"href":"https:\/\/wiki.s12.at\/index.php\/wp-json\/wp\/v2\/categories?post=805"},{"taxonomy":"post_tag","embeddable":true,"href":"https:\/\/wiki.s12.at\/index.php\/wp-json\/wp\/v2\/tags?post=805"}],"curies":[{"name":"wp","href":"https:\/\/api.w.org\/{rel}","templated":true}]}}