{"id":755,"date":"2026-05-06T13:29:36","date_gmt":"2026-05-06T11:29:36","guid":{"rendered":"https:\/\/wiki.s12.at\/index.php\/2026\/05\/06\/16-runde-bundesliga-saison-1996-97-austria-salzburg-sv-ried\/"},"modified":"2026-05-06T13:29:36","modified_gmt":"2026-05-06T11:29:36","slug":"16-runde-bundesliga-saison-1996-97-austria-salzburg-sv-ried","status":"publish","type":"post","link":"https:\/\/wiki.s12.at\/index.php\/2026\/05\/06\/16-runde-bundesliga-saison-1996-97-austria-salzburg-sv-ried\/","title":{"rendered":"97, Austria Salzburg &#8211; SV Ried"},"content":{"rendered":"<div class=\"mw-parser-output\">\n<h3><span class=\"mw-headline\" id=\"Fakten\">Fakten<\/span><a href=\"\/index.php?title=16._Runde:_Bundesliga,_Saison_1996\/97,_Austria_Salzburg_-_SV_Ried&amp;action=edit&amp;section=1\" title=\"Abschnitt bearbeiten: Fakten\">Bearbeiten<\/a><span class=\"mw-editsection-bracket\">]<\/span><\/span><\/h3>\n<p><b>Bundesliga &#8211; 16. Spieltag: 5. November 1996, 19  Uhr<\/b><br \/>\n\n<\/p>\n<table class=\"wikitable\">\n<caption><b> <big> SV Austria Salzburg gegen SV Ried , 3:0<\/big><\/b><br \/>\n<\/caption>\n<tbody>\n<tr>\n<td>Aufstellung:<\/td>\n<td><a href=\"\/Otto_Konrad\" title=\"Otto Konrad\">Otto Konrad<\/a>\n<\/td>\n<\/tr>\n<tr>\n<td><\/td>\n<td><a href=\"\/Walter_Kogler\" title=\"Walter Kogler\">Walter Kogler<\/a>, <a href=\"\/Thomas_Winklhofer\" title=\"Thomas Winklhofer\">Thomas Winklhofer<\/a>, <a href=\"\/Roman_Szewczyk\" title=\"Roman Szewczyk\">Roman Szewczyk<\/a>, <a href=\"\/Franz_Aigner\" title=\"Franz Aigner\">Franz Aigner<\/a>\n<\/td>\n<\/tr>\n<tr>\n<td><\/td>\n<td><a href=\"\/Walter_H%C3%B6rmann\" title=\"Walter H\u00f6rmann\">Walter H\u00f6rmann<\/a>, <a href=\"\/Tomislav_Kocijan\" title=\"Tomislav Kocijan\">Tomislav Kocijan<\/a>, <a href=\"\/Adolf_H%C3%BCtter\" title=\"Adolf H\u00fctter\">Adolf H\u00fctter<\/a>,  <a href=\"\/Martin_Amerhauser\" title=\"Martin Amerhauser\">Martin Amerhauser<\/a>\n<\/td>\n<\/tr>\n<tr>\n<td><\/td>\n<td><a href=\"\/Laszlo_Klaus\" class=\"mw-redirect\" title=\"Laszlo Klaus\">Laszlo Klaus<\/a>, <a href=\"\/Eduard_Glieder\" title=\"Eduard Glieder\">Eduard Glieder<\/a>\n<\/td>\n<\/tr>\n<tr>\n<td>Wechsel:<\/td>\n<td><a href=\"\/index.php?title=Drazan_Besek&amp;action=edit&amp;redlink=1\" class=\"new\" title=\"Drazan Besek (Seite nicht vorhanden)\">Drazan Besek<\/a> f\u00fcr Kocijan (73.), <a href=\"\/Bica\" class=\"mw-redirect\" title=\"Bica\">Bica <\/a> f\u00fcr Klaus (73.)\n<\/td>\n<\/tr>\n<tr>\n<td>Endstand:<\/td>\n<td>3:0 (3:0)\n<\/td>\n<\/tr>\n<tr>\n<td>Torsch\u00fctzen:<\/td>\n<td>Thomas Winklhofer (5.),  Franz Aigner (40.),  Adolf H\u00fctter (42. E.)\n<\/td>\n<\/tr>\n<tr>\n<td>Gelbe Karten:<\/td>\n<td>Winklhofer (67.), H\u00f6rmann (30.); Krammer (36.), Unger (42.)\n<\/td>\n<\/tr>\n<tr>\n<td>Gelb-rote Karten:<\/td>\n<td>\n<\/td>\n<\/tr>\n<tr>\n<td>Rote Karten:<\/td>\n<td>\n<\/td>\n<\/tr>\n<tr>\n<td>Schiedsrichter:<\/td>\n<td>Johann Liebert\n<\/td>\n<\/tr>\n<tr>\n<td>Stadion:<\/td>\n<td>Stadion Lehen, Salzburg\n<\/td>\n<\/tr>\n<tr>\n<td>Zuschauer:<\/td>\n<td>9 000\n<\/td>\n<\/tr>\n<\/tbody>\n<\/table>\n<\/div>\n","protected":false},"excerpt":{"rendered":"<p>FaktenBearbeiten] Bundesliga &#8211; 16. Spieltag: 5. November 1996, 19 Uhr SV Austria Salzburg gegen SV Ried , 3:0 Aufstellung: Otto Konrad Walter Kogler, Thomas Winklhofer, Roman Szewczyk, Franz Aigner Walter H\u00f6rmann, Tomislav Kocijan, Adolf H\u00fctter, Martin Amerhauser Laszlo Klaus, Eduard Glieder Wechsel: Drazan Besek f\u00fcr Kocijan (73.), Bica f\u00fcr Klaus (73.) Endstand: 3:0 (3:0) Torsch\u00fctzen: [&hellip;]<\/p>\n","protected":false},"author":1,"featured_media":0,"comment_status":"open","ping_status":"open","sticky":false,"template":"","format":"standard","meta":{"footnotes":""},"categories":[574],"tags":[],"class_list":["post-755","post","type-post","status-publish","format-standard","hentry","category-16-runde-bundesliga-saison-1996"],"_links":{"self":[{"href":"https:\/\/wiki.s12.at\/index.php\/wp-json\/wp\/v2\/posts\/755","targetHints":{"allow":["GET"]}}],"collection":[{"href":"https:\/\/wiki.s12.at\/index.php\/wp-json\/wp\/v2\/posts"}],"about":[{"href":"https:\/\/wiki.s12.at\/index.php\/wp-json\/wp\/v2\/types\/post"}],"author":[{"embeddable":true,"href":"https:\/\/wiki.s12.at\/index.php\/wp-json\/wp\/v2\/users\/1"}],"replies":[{"embeddable":true,"href":"https:\/\/wiki.s12.at\/index.php\/wp-json\/wp\/v2\/comments?post=755"}],"version-history":[{"count":0,"href":"https:\/\/wiki.s12.at\/index.php\/wp-json\/wp\/v2\/posts\/755\/revisions"}],"wp:attachment":[{"href":"https:\/\/wiki.s12.at\/index.php\/wp-json\/wp\/v2\/media?parent=755"}],"wp:term":[{"taxonomy":"category","embeddable":true,"href":"https:\/\/wiki.s12.at\/index.php\/wp-json\/wp\/v2\/categories?post=755"},{"taxonomy":"post_tag","embeddable":true,"href":"https:\/\/wiki.s12.at\/index.php\/wp-json\/wp\/v2\/tags?post=755"}],"curies":[{"name":"wp","href":"https:\/\/api.w.org\/{rel}","templated":true}]}}