{"id":735,"date":"2026-05-06T13:29:18","date_gmt":"2026-05-06T11:29:18","guid":{"rendered":"https:\/\/wiki.s12.at\/index.php\/2026\/05\/06\/16-runde-saison-2016-17-fc-red-bull-salzburg-gegen-admira-wacker-moedling\/"},"modified":"2026-05-06T13:29:18","modified_gmt":"2026-05-06T11:29:18","slug":"16-runde-saison-2016-17-fc-red-bull-salzburg-gegen-admira-wacker-moedling","status":"publish","type":"post","link":"https:\/\/wiki.s12.at\/index.php\/2026\/05\/06\/16-runde-saison-2016-17-fc-red-bull-salzburg-gegen-admira-wacker-moedling\/","title":{"rendered":"17, FC Red Bull Salzburg gegen Admira Wacker M\u00f6dling"},"content":{"rendered":"<div class=\"mw-parser-output\">\n<h2><span class=\"mw-headline\" id=\"Fakten\">Fakten<\/span><a href=\"\/index.php?title=16._Runde,_Saison_2016\/17,_FC_Red_Bull_Salzburg_gegen_Admira_Wacker_M%C3%B6dling&amp;action=edit&amp;section=1\" title=\"Abschnitt bearbeiten: Fakten\">Bearbeiten<\/a><span class=\"mw-editsection-bracket\">]<\/span><\/span><\/h2>\n<table class=\"toptextcells toccolours\">\n<tbody>\n<tr>\n<th colspan=\"2\" style=\"text-align: center; vertical-align: top; padding: 0.3em 0.8em; font-size: 125%; background-color: lightsteelblue;\">FC Red Bull Salzburg gegen Admira Wacker M\u00f6dling, 0:1\n<\/th>\n<\/tr>\n<tr>\n<th style=\"text-align:left;\"><b>Spieltag<\/b>\n<\/th>\n<th style=\"text-align:left;\">Bundesliga &#8211; 16. Spieltag\n<\/th>\n<\/tr>\n<tr>\n<th style=\"text-align:left;\"><b>Datum<\/b>\n<\/th>\n<th style=\"text-align:left;\">27. November 2016\n<\/th>\n<\/tr>\n<tr>\n<th style=\"text-align:left;\"><b>Anpfiff<\/b>\n<\/th>\n<th style=\"text-align:left;\">16.30 Uhr\n<\/th>\n<\/tr>\n<tr>\n<td colspan=\"2\" style=\"text-align:center;\" bgcolor=\"lightgray\"><b>Aufstellung<\/b>\n<\/td>\n<\/tr>\n<tr>\n<th style=\"text-align:left;\"><b>Tor<\/b>\n<\/th>\n<th><a href=\"\/Alexander_Walke\" title=\"Alexander Walke\">Alexander Walke<\/a>\n<\/th>\n<\/tr>\n<tr>\n<th style=\"text-align:left;\"><b>Verteidigung<\/b>\n<\/th>\n<th><a href=\"\/Stefan_Lainer\" title=\"Stefan Lainer\">Stefan Lainer<\/a> &#8211; <a href=\"\/Dayot_Upamecano\" title=\"Dayot Upamecano\">Dayot Upamecano<\/a> &#8211; <a href=\"\/Andre_Wisdom\" title=\"Andre Wisdom\">Andre Wisdom<\/a> &#8211; <a href=\"\/Andreas_Ulmer\" title=\"Andreas Ulmer\">Andreas Ulmer<\/a>\n<\/th>\n<\/tr>\n<tr>\n<th style=\"text-align:left;\"><b>Mittelfeld<\/b>\n<\/th>\n<th><a href=\"\/Josip_Radosevic\" title=\"Josip Radosevic\">Josip Radosevic<\/a> &#8211; <a href=\"\/Konrad_Laimer\" title=\"Konrad Laimer\">Konrad Laimer<\/a> &#8211; <a href=\"\/Marc_Rzatkowski\" title=\"Marc Rzatkowski\">Marc Rzatkowski<\/a> &#8211; <a href=\"\/Valon_Berisha\" title=\"Valon Berisha\">Valon Berisha<\/a>\n<\/th>\n<\/tr>\n<tr>\n<th style=\"text-align:left;\"><b>Sturm<\/b>\n<\/th>\n<th><a href=\"\/Munas_Dabbur\" title=\"Munas Dabbur\">Munas Dabbur<\/a> &#8211; <a href=\"\/Hee-Chan_Hwang\" title=\"Hee-Chan Hwang\">Hee-Chan Hwang<\/a>\n<\/th>\n<\/tr>\n<tr>\n<td colspan=\"2\" style=\"text-align:center;\" bgcolor=\"lightgray\"><b>Wechsel<\/b>\n<\/td>\n<\/tr>\n<tr>\n<th style=\"text-align:left;\"><b>Wechsel<\/b>\n<\/th>\n<th style=\"text-align:left;\"><a href=\"\/Xaver_Schlager\" title=\"Xaver Schlager\">Xaver Schlager<\/a> f\u00fcr Rzatkowski (54.), <a href=\"\/Reinhold_Yabo\" title=\"Reinhold Yabo\">Reinhold Yabo<\/a> f\u00fcr Laimer (65.), <a href=\"\/Takumi_Minamino\" title=\"Takumi Minamino\">Takumi Minamino<\/a> f\u00fcr Hwang (73.)\n<\/th>\n<\/tr>\n<tr>\n<td colspan=\"2\" style=\"text-align:center;\" bgcolor=\"lightgray\"><b>Statistik<\/b>\n<\/td>\n<\/tr>\n<tr>\n<th style=\"text-align:left;\"><b>Endstand<\/b>\n<\/th>\n<th style=\"text-align:left;\">0:1 (0:1)\n<\/th>\n<\/tr>\n<tr>\n<th style=\"text-align:left;\"><b>Torsch\u00fctzen<\/b>\n<\/th>\n<th style=\"text-align:left;\">Monschein (14.)\n<\/th>\n<\/tr>\n<tr>\n<th style=\"text-align:left;\"><b>Gelbe Karten<\/b>\n<\/th>\n<th style=\"text-align:left;\">Laimer (53.), Dabbur (56.), Lainer (75.)\n<\/th>\n<\/tr>\n<tr>\n<th style=\"text-align:left;\"><b>Rote Karten<\/b>\n<\/th>\n<th style=\"text-align:left;\">\n<\/th>\n<\/tr>\n<tr>\n<th style=\"text-align:left;\"><b>Schiedsrichter<\/b>\n<\/th>\n<th style=\"text-align:left;\">Dieter Muckenhammer\n<\/th>\n<\/tr>\n<tr>\n<th style=\"text-align:left;\"><b>Stadion<\/b>\n<\/th>\n<th style=\"text-align:left;\">EM-Stadion, Wals-Siezenheim\n<\/th>\n<\/tr>\n<tr>\n<th style=\"text-align:left;\"><b>Zuschauer<\/b>\n<\/th>\n<th style=\"text-align:left;\">5 100\n<\/th>\n<\/tr>\n<\/tbody>\n<\/table>\n<h2><span class=\"mw-headline\" id=\"Bilder\">Bilder<\/span><a href=\"\/index.php?title=16._Runde,_Saison_2016\/17,_FC_Red_Bull_Salzburg_gegen_Admira_Wacker_M%C3%B6dling&amp;action=edit&amp;section=2\" title=\"Abschnitt bearbeiten: Bilder\">Bearbeiten<\/a><span class=\"mw-editsection-bracket\">]<\/span><\/span><\/h2>\n<ul>\n<li>(c)GEPA<\/li>\n<\/ul>\n<ul class=\"gallery mw-gallery-traditional\">\n<li class=\"gallerybox\" style=\"width: 155px\">\n<div style=\"width: 155px\">\n<div class=\"thumb\" style=\"width: 150px;\">\n<div style=\"margin:35px auto;\"><a href=\"\/Datei:SBGM%C3%B6d_(1).jpg\" class=\"image\"><img alt=\"SBGM\u00f6d (1).jpg\" src=\"\/images\/thumb\/5\/55\/SBGM%C3%B6d_%281%29.jpg\/120px-SBGM%C3%B6d_%281%29.jpg\" decoding=\"async\" width=\"120\" height=\"80\" srcset=\"\/images\/thumb\/5\/55\/SBGM%C3%B6d_%281%29.jpg\/180px-SBGM%C3%B6d_%281%29.jpg 1.5x, \/images\/thumb\/5\/55\/SBGM%C3%B6d_%281%29.jpg\/240px-SBGM%C3%B6d_%281%29.jpg 2x\" \/><\/a><\/div>\n<\/div>\n<div class=\"gallerytext\">\n\t\t\t<\/div>\n<\/p><\/div>\n<\/li>\n<li class=\"gallerybox\" style=\"width: 155px\">\n<div style=\"width: 155px\">\n<div class=\"thumb\" style=\"width: 150px;\">\n<div style=\"margin:35px auto;\"><a href=\"\/Datei:SBGM%C3%B6d_(2).jpg\" class=\"image\"><img alt=\"SBGM\u00f6d (2).jpg\" src=\"\/images\/thumb\/e\/ed\/SBGM%C3%B6d_%282%29.jpg\/120px-SBGM%C3%B6d_%282%29.jpg\" decoding=\"async\" width=\"120\" height=\"80\" srcset=\"\/images\/thumb\/e\/ed\/SBGM%C3%B6d_%282%29.jpg\/180px-SBGM%C3%B6d_%282%29.jpg 1.5x, \/images\/thumb\/e\/ed\/SBGM%C3%B6d_%282%29.jpg\/240px-SBGM%C3%B6d_%282%29.jpg 2x\" \/><\/a><\/div>\n<\/div>\n<div class=\"gallerytext\">\n\t\t\t<\/div>\n<\/p><\/div>\n<\/li>\n<li class=\"gallerybox\" style=\"width: 155px\">\n<div style=\"width: 155px\">\n<div class=\"thumb\" style=\"width: 150px;\">\n<div style=\"margin:35px auto;\"><a href=\"\/Datei:SBGM%C3%B6d_(3).jpg\" class=\"image\"><img alt=\"SBGM\u00f6d (3).jpg\" src=\"\/images\/thumb\/4\/48\/SBGM%C3%B6d_%283%29.jpg\/120px-SBGM%C3%B6d_%283%29.jpg\" decoding=\"async\" width=\"120\" height=\"80\" srcset=\"\/images\/thumb\/4\/48\/SBGM%C3%B6d_%283%29.jpg\/180px-SBGM%C3%B6d_%283%29.jpg 1.5x, \/images\/thumb\/4\/48\/SBGM%C3%B6d_%283%29.jpg\/240px-SBGM%C3%B6d_%283%29.jpg 2x\" \/><\/a><\/div>\n<\/div>\n<div class=\"gallerytext\">\n\t\t\t<\/div>\n<\/p><\/div>\n<\/li>\n<\/ul>\n<h2><span class=\"mw-headline\" id=\"Weblinks\">Weblinks<\/span><a href=\"\/index.php?title=16._Runde,_Saison_2016\/17,_FC_Red_Bull_Salzburg_gegen_Admira_Wacker_M%C3%B6dling&amp;action=edit&amp;section=3\" title=\"Abschnitt bearbeiten: Weblinks\">Bearbeiten<\/a><span class=\"mw-editsection-bracket\">]<\/span><\/span><\/h2>\n<p><a rel=\"nofollow\" class=\"external text\" href=\"http:\/\/www.redbullsalzburg.at\/de\/fc-red-bull-salzburg\/news\/saison_2016_17\/unglueckliche-0-1-niederlage-der-roten-bullen-gegen-die-admira.html\">Spielbericht Vereinshomepage<\/a>\n<\/p>\n<h2><span class=\"mw-headline\" id=\"Stimmen_zum_Spiel\">Stimmen zum Spiel<\/span><a href=\"\/index.php?title=16._Runde,_Saison_2016\/17,_FC_Red_Bull_Salzburg_gegen_Admira_Wacker_M%C3%B6dling&amp;action=edit&amp;section=4\" title=\"Abschnitt bearbeiten: Stimmen zum Spiel\">Bearbeiten<\/a><span class=\"mw-editsection-bracket\">]<\/span><\/span><\/h2>\n<ul>\n<li><b>Oscar Garcia:<\/b> Wir haben unsere M\u00f6glichkeiten nicht genutzt. Ich denke, dass die erste H\u00e4lfte heute unsererseits nichts war, wir haben nur 45 Minuten gespielt. Das Problem war wieder die Chancenverwertung &#8211; damit k\u00e4mpfen wir schon l\u00e4nger. Wir spielen uns viele Chancen heraus, k\u00f6nnen diese aber nicht nutzen, und der Gegner hat wenige Chancen und nutzt diese.<\/li>\n<li><b>Stefan Lainer:<\/b> Es war heute sehr schwierig f\u00fcr uns, wir sind gegen eine sehr kompakte Mannschaft angelaufen. Wir haben zwei Chancen zugelassen und daraus hat die Admira gleich ein Tor gemacht. Deshalb sind wir heute der Verlierer. Wir m\u00fcssen deshalb in Zukunft von Beginn an 100&#160;% konzentriert sein.<\/li>\n<\/ul>\n<\/div>\n","protected":false},"excerpt":{"rendered":"<p>FaktenBearbeiten] FC Red Bull Salzburg gegen Admira Wacker M\u00f6dling, 0:1 Spieltag Bundesliga &#8211; 16. Spieltag Datum 27. November 2016 Anpfiff 16.30 Uhr Aufstellung Tor Alexander Walke Verteidigung Stefan Lainer &#8211; Dayot Upamecano &#8211; Andre Wisdom &#8211; Andreas Ulmer Mittelfeld Josip Radosevic &#8211; Konrad Laimer &#8211; Marc Rzatkowski &#8211; Valon Berisha Sturm Munas Dabbur &#8211; Hee-Chan [&hellip;]<\/p>\n","protected":false},"author":1,"featured_media":0,"comment_status":"open","ping_status":"open","sticky":false,"template":"","format":"standard","meta":{"footnotes":""},"categories":[562],"tags":[],"class_list":["post-735","post","type-post","status-publish","format-standard","hentry","category-16-runde-saison-2016"],"_links":{"self":[{"href":"https:\/\/wiki.s12.at\/index.php\/wp-json\/wp\/v2\/posts\/735","targetHints":{"allow":["GET"]}}],"collection":[{"href":"https:\/\/wiki.s12.at\/index.php\/wp-json\/wp\/v2\/posts"}],"about":[{"href":"https:\/\/wiki.s12.at\/index.php\/wp-json\/wp\/v2\/types\/post"}],"author":[{"embeddable":true,"href":"https:\/\/wiki.s12.at\/index.php\/wp-json\/wp\/v2\/users\/1"}],"replies":[{"embeddable":true,"href":"https:\/\/wiki.s12.at\/index.php\/wp-json\/wp\/v2\/comments?post=735"}],"version-history":[{"count":0,"href":"https:\/\/wiki.s12.at\/index.php\/wp-json\/wp\/v2\/posts\/735\/revisions"}],"wp:attachment":[{"href":"https:\/\/wiki.s12.at\/index.php\/wp-json\/wp\/v2\/media?parent=735"}],"wp:term":[{"taxonomy":"category","embeddable":true,"href":"https:\/\/wiki.s12.at\/index.php\/wp-json\/wp\/v2\/categories?post=735"},{"taxonomy":"post_tag","embeddable":true,"href":"https:\/\/wiki.s12.at\/index.php\/wp-json\/wp\/v2\/tags?post=735"}],"curies":[{"name":"wp","href":"https:\/\/api.w.org\/{rel}","templated":true}]}}