{"id":733,"date":"2026-05-06T13:29:16","date_gmt":"2026-05-06T11:29:16","guid":{"rendered":"https:\/\/wiki.s12.at\/index.php\/2026\/05\/06\/16-runde-saison-2015-16-fc-red-bull-salzburg-gegen-sk-sturm-graz\/"},"modified":"2026-05-06T13:29:16","modified_gmt":"2026-05-06T11:29:16","slug":"16-runde-saison-2015-16-fc-red-bull-salzburg-gegen-sk-sturm-graz","status":"publish","type":"post","link":"https:\/\/wiki.s12.at\/index.php\/2026\/05\/06\/16-runde-saison-2015-16-fc-red-bull-salzburg-gegen-sk-sturm-graz\/","title":{"rendered":"16 FC Red Bull Salzburg gegen SK Sturm Graz"},"content":{"rendered":"<div class=\"mw-parser-output\">\n<h2><span class=\"mw-headline\" id=\"Fakten\">Fakten<\/span><a href=\"\/index.php?title=16._Runde,_Saison_2015\/16_FC_Red_Bull_Salzburg_gegen_SK_Sturm_Graz&amp;action=edit&amp;section=1\" title=\"Abschnitt bearbeiten: Fakten\">Bearbeiten<\/a><span class=\"mw-editsection-bracket\">]<\/span><\/span><\/h2>\n<table class=\"toptextcells toccolours\">\n<tbody>\n<tr>\n<th colspan=\"2\" style=\"text-align: center; vertical-align: top; padding: 0.3em 0.8em; font-size: 125%; background-color: lightsteelblue;\">FC Red Bull Salzburg gegen SK Sturm Graz, 3:1\n<\/th>\n<\/tr>\n<tr>\n<th style=\"text-align:left;\"><b>Spieltag<\/b>\n<\/th>\n<th style=\"text-align:left;\">Bundesliga &#8211; 16. Spieltag\n<\/th>\n<\/tr>\n<tr>\n<th style=\"text-align:left;\"><b>Datum<\/b>\n<\/th>\n<th style=\"text-align:left;\">22. November 2015\n<\/th>\n<\/tr>\n<tr>\n<th style=\"text-align:left;\"><b>Anpfiff<\/b>\n<\/th>\n<th style=\"text-align:left;\">16.30 Uhr\n<\/th>\n<\/tr>\n<tr>\n<td colspan=\"2\" style=\"text-align:center;\" bgcolor=\"lightgray\"><b>Aufstellung<\/b>\n<\/td>\n<\/tr>\n<tr>\n<th style=\"text-align:left;\"><b>Tor<\/b>\n<\/th>\n<th><a href=\"\/Alexander_Walke\" title=\"Alexander Walke\">Alexander Walke<\/a>\n<\/th>\n<\/tr>\n<tr>\n<th style=\"text-align:left;\"><b>Verteidigung<\/b>\n<\/th>\n<th><a href=\"\/Christian_Schwegler\" title=\"Christian Schwegler\">Christian Schwegler<\/a> &#8211; <a href=\"\/Paulo_Miranda\" title=\"Paulo Miranda\">Paulo Miranda<\/a> &#8211; <a href=\"\/Martin_Hinteregger\" title=\"Martin Hinteregger\">Martin Hinteregger<\/a> &#8211; <a href=\"\/Andreas_Ulmer\" title=\"Andreas Ulmer\">Andreas Ulmer<\/a>\n<\/th>\n<\/tr>\n<tr>\n<th style=\"text-align:left;\"><b>Mittelfeld<\/b>\n<\/th>\n<th><a href=\"\/Benno_Schmitz\" title=\"Benno Schmitz\">Benno Schmitz<\/a> &#8211; <a href=\"\/Valon_Berisha\" title=\"Valon Berisha\">Valon Berisha<\/a> &#8211; <a href=\"\/Naby_Keita\" title=\"Naby Keita\">Naby Keita<\/a> &#8211; <a href=\"\/Takumi_Minamino\" title=\"Takumi Minamino\">Takumi Minamino<\/a>\n<\/th>\n<\/tr>\n<tr>\n<th style=\"text-align:left;\"><b>Sturm<\/b>\n<\/th>\n<th><a href=\"\/Omer_Damari\" title=\"Omer Damari\">Omer Damari<\/a> &#8211; <a href=\"\/Jonatan_Soriano\" title=\"Jonatan Soriano\">Jonatan Soriano<\/a>\n<\/th>\n<\/tr>\n<tr>\n<td colspan=\"2\" style=\"text-align:center;\" bgcolor=\"lightgray\"><b>Wechsel<\/b>\n<\/td>\n<\/tr>\n<tr>\n<th style=\"text-align:left;\"><b>Wechsel<\/b>\n<\/th>\n<th style=\"text-align:left;\"><a href=\"\/Stefan_Lainer\" title=\"Stefan Lainer\">Stefan Lainer<\/a> f\u00fcr Minamino (66.), <a href=\"\/Yasin_Pehlivan\" title=\"Yasin Pehlivan\">Yasin Pehlivan<\/a> f\u00fcr Berisha (80.), <a href=\"\/Hany_Mukhtar\" title=\"Hany Mukhtar\">Hany Mukhtar<\/a> f\u00fcr Damari (90.)\n<\/th>\n<\/tr>\n<tr>\n<td colspan=\"2\" style=\"text-align:center;\" bgcolor=\"lightgray\"><b>Statistik<\/b>\n<\/td>\n<\/tr>\n<tr>\n<th style=\"text-align:left;\"><b>Endstand<\/b>\n<\/th>\n<th style=\"text-align:left;\">3:1 (1:0)\n<\/th>\n<\/tr>\n<tr>\n<th style=\"text-align:left;\"><b>Torsch\u00fctzen<\/b>\n<\/th>\n<th style=\"text-align:left;\">Soriano (21.\/90.), Keita (87.); Lykogiannis (77.)\n<\/th>\n<\/tr>\n<tr>\n<th style=\"text-align:left;\"><b>Gelbe Karten<\/b>\n<\/th>\n<th style=\"text-align:left;\">Hinteregger (28.), Schmitz (69.), Damari (76.);   Esser (21.), Kamavuaka (52.)\n<\/th>\n<\/tr>\n<tr>\n<th style=\"text-align:left;\"><b>Rote Karten<\/b>\n<\/th>\n<th style=\"text-align:left;\">\n<\/th>\n<\/tr>\n<tr>\n<th style=\"text-align:left;\"><b>Schiedsrichter<\/b>\n<\/th>\n<th style=\"text-align:left;\">Alain Bieri\n<\/th>\n<\/tr>\n<tr>\n<th style=\"text-align:left;\"><b>Stadion<\/b>\n<\/th>\n<th style=\"text-align:left;\">Red Bull Arena, Salzburg\n<\/th>\n<\/tr>\n<tr>\n<th style=\"text-align:left;\"><b>Zuschauer<\/b>\n<\/th>\n<th style=\"text-align:left;\">9 623\n<\/th>\n<\/tr>\n<\/tbody>\n<\/table>\n<p> \n<\/p>\n<h2><span class=\"mw-headline\" id=\"Weblinks\">Weblinks<\/span><a href=\"\/index.php?title=16._Runde,_Saison_2015\/16_FC_Red_Bull_Salzburg_gegen_SK_Sturm_Graz&amp;action=edit&amp;section=2\" title=\"Abschnitt bearbeiten: Weblinks\">Bearbeiten<\/a><span class=\"mw-editsection-bracket\">]<\/span><\/span><\/h2>\n<ul>\n<li><a rel=\"nofollow\" class=\"external text\" href=\"http:\/\/www.redbullsalzburg.at\/de\/fc-red-bull-salzburg\/news\/saison_2015_16\/rote-bullen-feiern-3-1-erfolg-gegen-sturm-graz.html\">Spielbericht Vereinshomepage<\/a><\/li>\n<\/ul>\n<h2><span class=\"mw-headline\" id=\"Bilder\">Bilder<\/span><a href=\"\/index.php?title=16._Runde,_Saison_2015\/16_FC_Red_Bull_Salzburg_gegen_SK_Sturm_Graz&amp;action=edit&amp;section=3\" title=\"Abschnitt bearbeiten: Bilder\">Bearbeiten<\/a><span class=\"mw-editsection-bracket\">]<\/span><\/span><\/h2>\n<p><img alt=\"\" src=\"\/images\/thumb\/4\/4a\/Commons-logo.svg\/langde-20px-Commons-logo.svg.png%3Futm_source%3Dcommons.wikimedia.org%26utm_campaign%3Dimageinfo%26utm_content%3Dthumbnail\" decoding=\"async\" title=\"Commons\" width=\"12\" height=\"16\" srcset=\"\/images\/thumb\/4\/4a\/Commons-logo.svg\/langde-40px-Commons-logo.svg.png%3Futm_source%3Dcommons.wikimedia.org%26utm_campaign%3Dimageinfo%26utm_content%3Dthumbnail 2x\" \/>&#160;<b><a href=\"http:\/\/commons.wikimedia.org\/wiki\/Category:FC_Red_Bull_Salzburg_gegen_Sturm_Graz_(22._November_2015)\" class=\"extiw\" title=\"commons:Category:FC Red Bull Salzburg gegen Sturm Graz (22. November 2015)\">16. Runde, Saison 2015\/16 FC Red Bull Salzburg gegen SK Sturm Graz<\/a><\/b>&#160;\u2013 Sammlung von Bildern, Videos und Audiodateien auf <a href=\"\/Wikimedia_Commons\" title=\"Wikimedia Commons\">Wikimedia Commons<\/a>\n<\/p>\n<h2><span class=\"mw-headline\" id=\"Stimmen_zum_Spiel\">Stimmen zum Spiel<\/span><a href=\"\/index.php?title=16._Runde,_Saison_2015\/16_FC_Red_Bull_Salzburg_gegen_SK_Sturm_Graz&amp;action=edit&amp;section=4\" title=\"Abschnitt bearbeiten: Stimmen zum Spiel\">Bearbeiten<\/a><span class=\"mw-editsection-bracket\">]<\/span><\/span><\/h2>\n<ul>\n<li><b>Jonatan Soriano:<\/b>Wir haben uns heute sehr schwergetan. Sturm Graz hat sehr gut gespielt und k\u00f6rperlich dagegengehalten. Betrachtet man die 90 Minuten, geht der Dreier aber in Ordnung. Durch den Sieg sind wir unserem Ziel, dem ersten Platz, wieder ein St\u00fcck n\u00e4her gekommen. Damit k\u00f6nnen wir zufrieden sein.<\/li>\n<\/ul>\n<ul>\n<li><b>Christian Schwegler:<\/b>Wir haben heute nicht unser bestes Spiel gezeigt und sind schwer in die Partie gekommen. Trotzdem waren wir lange verdient in F\u00fchrung. Nach dem Ausgleich konnten wir Gott sei Dank noch einmal den Schalter umlegen und in der Schlussphase den wichtigen Sieg einfahren. Unser oberstes Ziel war es, heute zu gewinnen \u2013 das haben wir erreicht.<\/li>\n<\/ul>\n<ul>\n<li><b>Peter Zeidler:<\/b>Unser Gegner war heute sehr stark und hervorragend auf uns eingestellt. Bei uns haben wichtige Teilbereiche nicht optimal funktioniert, da haben wir noch Verbesserungspotenzial. Im Laufe der Partie haben wir einige herrliche Kombinationen gezeigt und uns tolle Chancen erarbeitet. Die m\u00fcssen wir besser nutzen. Ich bin sehr froh \u00fcber diesen Sieg, auch wenn er schlussendlich gl\u00fccklich war.<\/li>\n<\/ul>\n<\/div>\n","protected":false},"excerpt":{"rendered":"<p>FaktenBearbeiten] FC Red Bull Salzburg gegen SK Sturm Graz, 3:1 Spieltag Bundesliga &#8211; 16. Spieltag Datum 22. November 2015 Anpfiff 16.30 Uhr Aufstellung Tor Alexander Walke Verteidigung Christian Schwegler &#8211; Paulo Miranda &#8211; Martin Hinteregger &#8211; Andreas Ulmer Mittelfeld Benno Schmitz &#8211; Valon Berisha &#8211; Naby Keita &#8211; Takumi Minamino Sturm Omer Damari &#8211; Jonatan [&hellip;]<\/p>\n","protected":false},"author":1,"featured_media":0,"comment_status":"open","ping_status":"open","sticky":false,"template":"","format":"standard","meta":{"footnotes":""},"categories":[561],"tags":[],"class_list":["post-733","post","type-post","status-publish","format-standard","hentry","category-16-runde-saison-2015"],"_links":{"self":[{"href":"https:\/\/wiki.s12.at\/index.php\/wp-json\/wp\/v2\/posts\/733","targetHints":{"allow":["GET"]}}],"collection":[{"href":"https:\/\/wiki.s12.at\/index.php\/wp-json\/wp\/v2\/posts"}],"about":[{"href":"https:\/\/wiki.s12.at\/index.php\/wp-json\/wp\/v2\/types\/post"}],"author":[{"embeddable":true,"href":"https:\/\/wiki.s12.at\/index.php\/wp-json\/wp\/v2\/users\/1"}],"replies":[{"embeddable":true,"href":"https:\/\/wiki.s12.at\/index.php\/wp-json\/wp\/v2\/comments?post=733"}],"version-history":[{"count":0,"href":"https:\/\/wiki.s12.at\/index.php\/wp-json\/wp\/v2\/posts\/733\/revisions"}],"wp:attachment":[{"href":"https:\/\/wiki.s12.at\/index.php\/wp-json\/wp\/v2\/media?parent=733"}],"wp:term":[{"taxonomy":"category","embeddable":true,"href":"https:\/\/wiki.s12.at\/index.php\/wp-json\/wp\/v2\/categories?post=733"},{"taxonomy":"post_tag","embeddable":true,"href":"https:\/\/wiki.s12.at\/index.php\/wp-json\/wp\/v2\/tags?post=733"}],"curies":[{"name":"wp","href":"https:\/\/api.w.org\/{rel}","templated":true}]}}