{"id":728,"date":"2026-05-06T13:28:41","date_gmt":"2026-05-06T11:28:41","guid":{"rendered":"https:\/\/wiki.s12.at\/index.php\/2026\/05\/06\/16-runde-saison-2012-13-rbs-vs-fcw\/"},"modified":"2026-05-06T13:28:41","modified_gmt":"2026-05-06T11:28:41","slug":"16-runde-saison-2012-13-rbs-vs-fcw","status":"publish","type":"post","link":"https:\/\/wiki.s12.at\/index.php\/2026\/05\/06\/16-runde-saison-2012-13-rbs-vs-fcw\/","title":{"rendered":"13, RBS vs FCW"},"content":{"rendered":"<div class=\"mw-parser-output\">\n<h3><span class=\"mw-headline\" id=\"Fakten\">Fakten<\/span><a href=\"\/index.php?title=16._Runde,_Saison_2012\/13,_RBS_vs_FCW&amp;action=edit&amp;section=1\" title=\"Abschnitt bearbeiten: Fakten\">Bearbeiten<\/a><span class=\"mw-editsection-bracket\">]<\/span><\/span><\/h3>\n<p><b>Bundesliga &#8211; 16. Spieltag: 18. November 2012, 16 Uhr<\/b><br \/>\n\n<\/p>\n<table class=\"wikitable\">\n<caption><b><big>FC Red Bull Salzburg gegen FC Wacker Innsbruck, 2:0 <\/big><\/b><br \/>\n<\/caption>\n<tbody>\n<tr>\n<td>Aufstellung:<\/td>\n<td><a href=\"\/Alexander_Walke\" title=\"Alexander Walke\">Alexander Walke<\/a>\n<\/td>\n<\/tr>\n<tr>\n<td><\/td>\n<td><a href=\"\/Florian_Klein\" title=\"Florian Klein\">Florian Klein<\/a> <a href=\"\/Franz_Schiemer\" title=\"Franz Schiemer\">Franz Schiemer<\/a> <a href=\"\/Rodnei\" title=\"Rodnei\">Rodnei<\/a> <a href=\"\/Andreas_Ulmer\" title=\"Andreas Ulmer\">Andreas Ulmer<\/a>\n<\/td>\n<\/tr>\n<tr>\n<td><\/td>\n<td><a href=\"\/Christoph_Leitgeb\" title=\"Christoph Leitgeb\">Christoph Leitgeb<\/a> <a href=\"\/Stefan_Ilsanker\" title=\"Stefan Ilsanker\">Stefan Ilsanker<\/a> <a href=\"\/Valon_Berisha\" title=\"Valon Berisha\">Valon Berisha<\/a> <a href=\"\/Sadio_Man%C3%A9\" title=\"Sadio Man\u00e9\">Sadio Man\u00e9<\/a> <a href=\"\/Kevin_Kampl\" title=\"Kevin Kampl\">Kevin Kampl<\/a>\n<\/td>\n<\/tr>\n<tr>\n<td><\/td>\n<td><a href=\"\/Jonathan_Soriano\" class=\"mw-redirect\" title=\"Jonathan Soriano\">Jonathan Soriano<\/a>\n<\/td>\n<\/tr>\n<tr>\n<td>Wechsel:<\/td>\n<td><a href=\"\/Havard_Nielsen\" title=\"Havard Nielsen\">Havard Nielsen<\/a> f\u00fcr Soriano (23.), <a href=\"\/Martin_Hinteregger\" title=\"Martin Hinteregger\">Martin Hinteregger<\/a> f\u00fcr Ilsanker (46.), <a href=\"\/Georg_Teigl\" title=\"Georg Teigl\">Georg Teigl<\/a> f\u00fcr Man\u00e9 (81.)\n<\/td>\n<\/tr>\n<tr>\n<td>Endstand:<\/td>\n<td>2:0 (1:0)\n<\/td>\n<\/tr>\n<tr>\n<td>Torsch\u00fctzen:<\/td>\n<td>Man\u00e9 (18.), Teigl (82.)\n<\/td>\n<\/tr>\n<tr>\n<td>Gelbe Karten:<\/td>\n<td>Mane (19.), Ilsanker (32.), Hinteregger (62.); Merino (18.), Schilling (44.), Abraham (76.), Wernitznig (87.)\n<\/td>\n<\/tr>\n<tr>\n<td>Gelb-rote Karten:<\/td>\n<td>\n<\/td>\n<\/tr>\n<tr>\n<td>Rote Karten:<\/td>\n<td>Wallner (53.)\n<\/td>\n<\/tr>\n<tr>\n<td>Schiedsrichter:<\/td>\n<td>Markus Hameter\n<\/td>\n<\/tr>\n<tr>\n<td>Stadion:<\/td>\n<td>EM Stadion Wals-Siezenheim, Salzburg\n<\/td>\n<\/tr>\n<tr>\n<td>Zuschauer:<\/td>\n<td>8 350\n<\/td>\n<\/tr>\n<tr>\n<td>Besonderes:<\/td>\n<td>Jonathan Soriano verletzte sich in der 23. Minute schwer und f\u00e4llt f\u00fcr den Rest der Saison aus. Auch Rodnei verletzte sich beim letzten Kopfballduell (Augenh\u00f6hlenbruch) und steht im Herbst nicht mehr zu Verf\u00fcgung.\n<\/td>\n<\/tr>\n<\/tbody>\n<\/table>\n<h2><span class=\"mw-headline\" id=\"Stimmen_zum_Spiel\">Stimmen zum Spiel<\/span><a href=\"\/index.php?title=16._Runde,_Saison_2012\/13,_RBS_vs_FCW&amp;action=edit&amp;section=2\" title=\"Abschnitt bearbeiten: Stimmen zum Spiel\">Bearbeiten<\/a><span class=\"mw-editsection-bracket\">]<\/span><\/span><\/h2>\n<ul>\n<li><b>Roger Schmidt:<\/b> \u201eWir haben uns schadlos gehalten, haben zu Null gespielt. Das war sicher kein Sieg mit Glanz und Gloria. Aber die Mannschaft hat sich der Herausforderung gestellt und deshalb auch verdient gewonnen. Bei Soriano wird morgen eine MRI gemacht. Erst dann wird es Klarheit geben.\u201c<\/li>\n<\/ul>\n<ul>\n<li><b>Andreas Ulmer:<\/b> \u201eDas war heute ein Arbeitssieg. Es gibt solche Spiele. Aber die muss man auch gewinnen, und das haben wir getan. Das 2:0 war sicher eine Erleichterung. Wir bleiben damit an der Austria dran, entschieden ist noch lange nichts.\u201c<\/li>\n<\/ul>\n<h2><span class=\"mw-headline\" id=\"Weblinks\">Weblinks<\/span><a href=\"\/index.php?title=16._Runde,_Saison_2012\/13,_RBS_vs_FCW&amp;action=edit&amp;section=3\" title=\"Abschnitt bearbeiten: Weblinks\">Bearbeiten<\/a><span class=\"mw-editsection-bracket\">]<\/span><\/span><\/h2>\n<ul>\n<li>&lt;youtube&gt;3bk6UNT-kK8&lt;\/youtube&gt;&lt;youtube&gt;cX5Fzt9P4aI&lt;\/youtube&gt;<\/li>\n<li><a rel=\"nofollow\" class=\"external text\" href=\"http:\/\/sport10.at\/home\/fussball\/bundesliga\/1314072\/index.do\">Spielbericht sport.10.at<\/a><\/li>\n<\/ul>\n<h2><span class=\"mw-headline\" id=\"Bilder\">Bilder<\/span><a href=\"\/index.php?title=16._Runde,_Saison_2012\/13,_RBS_vs_FCW&amp;action=edit&amp;section=4\" title=\"Abschnitt bearbeiten: Bilder\">Bearbeiten<\/a><span class=\"mw-editsection-bracket\">]<\/span><\/span><\/h2>\n<p><img alt=\"\" src=\"\/images\/thumb\/4\/4a\/Commons-logo.svg\/langde-20px-Commons-logo.svg.png%3Futm_source%3Dcommons.wikimedia.org%26utm_campaign%3Dimageinfo%26utm_content%3Dthumbnail\" decoding=\"async\" title=\"Commons\" width=\"12\" height=\"16\" srcset=\"\/images\/thumb\/4\/4a\/Commons-logo.svg\/langde-40px-Commons-logo.svg.png%3Futm_source%3Dcommons.wikimedia.org%26utm_campaign%3Dimageinfo%26utm_content%3Dthumbnail 2x\" \/>&#160;<b><a href=\"http:\/\/commons.wikimedia.org\/wiki\/Category:Red_Bull_Salzburg-Wacker_Innsbruck_18.11.2012\" class=\"extiw\" title=\"commons:Category:Red Bull Salzburg-Wacker Innsbruck 18.11.2012\">16. Runde, Saison 2012\/13, RBS vs FCW<\/a><\/b>&#160;\u2013 Sammlung von Bildern, Videos und Audiodateien auf <a href=\"\/Wikimedia_Commons\" title=\"Wikimedia Commons\">Wikimedia Commons<\/a>\n<\/p>\n<\/div>\n","protected":false},"excerpt":{"rendered":"<p>FaktenBearbeiten] Bundesliga &#8211; 16. Spieltag: 18. November 2012, 16 Uhr FC Red Bull Salzburg gegen FC Wacker Innsbruck, 2:0 Aufstellung: Alexander Walke Florian Klein Franz Schiemer Rodnei Andreas Ulmer Christoph Leitgeb Stefan Ilsanker Valon Berisha Sadio Man\u00e9 Kevin Kampl Jonathan Soriano Wechsel: Havard Nielsen f\u00fcr Soriano (23.), Martin Hinteregger f\u00fcr Ilsanker (46.), Georg Teigl f\u00fcr [&hellip;]<\/p>\n","protected":false},"author":1,"featured_media":0,"comment_status":"open","ping_status":"open","sticky":false,"template":"","format":"standard","meta":{"footnotes":""},"categories":[558],"tags":[],"class_list":["post-728","post","type-post","status-publish","format-standard","hentry","category-16-runde-saison-2012"],"_links":{"self":[{"href":"https:\/\/wiki.s12.at\/index.php\/wp-json\/wp\/v2\/posts\/728","targetHints":{"allow":["GET"]}}],"collection":[{"href":"https:\/\/wiki.s12.at\/index.php\/wp-json\/wp\/v2\/posts"}],"about":[{"href":"https:\/\/wiki.s12.at\/index.php\/wp-json\/wp\/v2\/types\/post"}],"author":[{"embeddable":true,"href":"https:\/\/wiki.s12.at\/index.php\/wp-json\/wp\/v2\/users\/1"}],"replies":[{"embeddable":true,"href":"https:\/\/wiki.s12.at\/index.php\/wp-json\/wp\/v2\/comments?post=728"}],"version-history":[{"count":0,"href":"https:\/\/wiki.s12.at\/index.php\/wp-json\/wp\/v2\/posts\/728\/revisions"}],"wp:attachment":[{"href":"https:\/\/wiki.s12.at\/index.php\/wp-json\/wp\/v2\/media?parent=728"}],"wp:term":[{"taxonomy":"category","embeddable":true,"href":"https:\/\/wiki.s12.at\/index.php\/wp-json\/wp\/v2\/categories?post=728"},{"taxonomy":"post_tag","embeddable":true,"href":"https:\/\/wiki.s12.at\/index.php\/wp-json\/wp\/v2\/tags?post=728"}],"curies":[{"name":"wp","href":"https:\/\/api.w.org\/{rel}","templated":true}]}}