{"id":706,"date":"2026-05-06T13:28:26","date_gmt":"2026-05-06T11:28:26","guid":{"rendered":"https:\/\/wiki.s12.at\/index.php\/2026\/05\/06\/16-runde-nationalliga-saison-1965-66-1-schwechater-sc-austria-salzburg\/"},"modified":"2026-05-06T13:28:26","modified_gmt":"2026-05-06T11:28:26","slug":"16-runde-nationalliga-saison-1965-66-1-schwechater-sc-austria-salzburg","status":"publish","type":"post","link":"https:\/\/wiki.s12.at\/index.php\/2026\/05\/06\/16-runde-nationalliga-saison-1965-66-1-schwechater-sc-austria-salzburg\/","title":{"rendered":"66, 1. Schwechater SC &#8211; Austria Salzburg"},"content":{"rendered":"<div class=\"mw-parser-output\">\n<p><b>Nationalliga, 16. Runde 1965\/66, 12. M\u00e4rz 1966, 15.30 Uhr<br \/> <\/b>\n<\/p>\n<table class=\"wikitable\">\n<caption><big>1. Schwechater SC gegen SV Austria Salzburg, 1:0<\/big><br \/>\n<\/caption>\n<tbody>\n<tr>\n<td>Aufstellung:<\/td>\n<td><a href=\"\/Ersoy_S%C3%BCkr%C3%BC\" title=\"Ersoy S\u00fckr\u00fc\">Ersoy S\u00fckr\u00fc<\/a>&#160;; <a href=\"\/Johann_Gegenhuber\" title=\"Johann Gegenhuber\">Johann Gegenhuber<\/a>, <a href=\"\/Werner_Breitenfelder\" title=\"Werner Breitenfelder\">Werner Breitenfelder<\/a>, <a href=\"\/Artur_Kibler\" title=\"Artur Kibler\">Artur Kibler<\/a>, <a href=\"\/Bruno_Kurz\" title=\"Bruno Kurz\">Bruno Kurz<\/a>; <a href=\"\/Hannes_Granzer\" title=\"Hannes Granzer\">Hannes Granzer<\/a>,<br \/> <a href=\"\/G%C3%BCnter_Praschak\" title=\"G\u00fcnter Praschak\">G\u00fcnter Praschak<\/a>; <a href=\"\/Reinhard_Jung\" title=\"Reinhard Jung\">Reinhard Jung<\/a>, <a href=\"\/Johann_Furthmayer\" title=\"Johann Furthmayer\">Johann Furthmayer<\/a>, <a href=\"\/Roland_Hirscher\" title=\"Roland Hirscher\">Roland Hirscher<\/a>, <a href=\"\/Adolf_Macek\" title=\"Adolf Macek\">Adolf Macek<\/a>\n<\/td>\n<\/tr>\n<tr>\n<td>Endstand:<\/td>\n<td>1:0 (1:0)\n<\/td>\n<\/tr>\n<tr>\n<td>Torsch\u00fctzen:<\/td>\n<td>Nikischer I (27.)\n<\/td>\n<\/tr>\n<tr>\n<td>Gelbe Karten:<\/td>\n<td>\n<\/td>\n<\/tr>\n<tr>\n<td>Gelb-Rote Karten:<\/td>\n<td>\n<\/td>\n<\/tr>\n<tr>\n<td>Rote Karten:<\/td>\n<td>\n<\/td>\n<\/tr>\n<tr>\n<td>Schiedsrichter:<\/td>\n<td>Schillein\n<\/td>\n<\/tr>\n<tr>\n<td>Stadion:<\/td>\n<td>Schwechat\n<\/td>\n<\/tr>\n<tr>\n<td>Zuschauer:<\/td>\n<td>1 200\n<\/td>\n<\/tr>\n<\/tbody>\n<\/table>\n<\/div>\n","protected":false},"excerpt":{"rendered":"<p>Nationalliga, 16. Runde 1965\/66, 12. M\u00e4rz 1966, 15.30 Uhr 1. Schwechater SC gegen SV Austria Salzburg, 1:0 Aufstellung: Ersoy S\u00fckr\u00fc&#160;; Johann Gegenhuber, Werner Breitenfelder, Artur Kibler, Bruno Kurz; Hannes Granzer, G\u00fcnter Praschak; Reinhard Jung, Johann Furthmayer, Roland Hirscher, Adolf Macek Endstand: 1:0 (1:0) Torsch\u00fctzen: Nikischer I (27.) Gelbe Karten: Gelb-Rote Karten: Rote Karten: Schiedsrichter: Schillein [&hellip;]<\/p>\n","protected":false},"author":1,"featured_media":0,"comment_status":"open","ping_status":"open","sticky":false,"template":"","format":"standard","meta":{"footnotes":""},"categories":[537],"tags":[],"class_list":["post-706","post","type-post","status-publish","format-standard","hentry","category-16-runde-nationalliga-saison-1965"],"_links":{"self":[{"href":"https:\/\/wiki.s12.at\/index.php\/wp-json\/wp\/v2\/posts\/706","targetHints":{"allow":["GET"]}}],"collection":[{"href":"https:\/\/wiki.s12.at\/index.php\/wp-json\/wp\/v2\/posts"}],"about":[{"href":"https:\/\/wiki.s12.at\/index.php\/wp-json\/wp\/v2\/types\/post"}],"author":[{"embeddable":true,"href":"https:\/\/wiki.s12.at\/index.php\/wp-json\/wp\/v2\/users\/1"}],"replies":[{"embeddable":true,"href":"https:\/\/wiki.s12.at\/index.php\/wp-json\/wp\/v2\/comments?post=706"}],"version-history":[{"count":0,"href":"https:\/\/wiki.s12.at\/index.php\/wp-json\/wp\/v2\/posts\/706\/revisions"}],"wp:attachment":[{"href":"https:\/\/wiki.s12.at\/index.php\/wp-json\/wp\/v2\/media?parent=706"}],"wp:term":[{"taxonomy":"category","embeddable":true,"href":"https:\/\/wiki.s12.at\/index.php\/wp-json\/wp\/v2\/categories?post=706"},{"taxonomy":"post_tag","embeddable":true,"href":"https:\/\/wiki.s12.at\/index.php\/wp-json\/wp\/v2\/tags?post=706"}],"curies":[{"name":"wp","href":"https:\/\/api.w.org\/{rel}","templated":true}]}}