{"id":680,"date":"2026-05-06T13:27:43","date_gmt":"2026-05-06T11:27:43","guid":{"rendered":"https:\/\/wiki.s12.at\/index.php\/2026\/05\/06\/12-runde-saison-2016-17-skn-st-poelten-gegen-fc-red-bull-salzburg\/"},"modified":"2026-05-06T13:27:43","modified_gmt":"2026-05-06T11:27:43","slug":"12-runde-saison-2016-17-skn-st-poelten-gegen-fc-red-bull-salzburg","status":"publish","type":"post","link":"https:\/\/wiki.s12.at\/index.php\/2026\/05\/06\/12-runde-saison-2016-17-skn-st-poelten-gegen-fc-red-bull-salzburg\/","title":{"rendered":"17, SKN St. P\u00f6lten gegen FC Red Bull Salzburg"},"content":{"rendered":"<div class=\"mw-parser-output\">\n<h2><span class=\"mw-headline\" id=\"Fakten\">Fakten<\/span><a href=\"\/index.php?title=12._Runde,_Saison_2016\/17,_SKN_St._P%C3%B6lten_gegen_FC_Red_Bull_Salzburg&amp;action=edit&amp;section=1\" title=\"Abschnitt bearbeiten: Fakten\">Bearbeiten<\/a><span class=\"mw-editsection-bracket\">]<\/span><\/span><\/h2>\n<table class=\"toptextcells toccolours\">\n<tbody>\n<tr>\n<th colspan=\"2\" style=\"text-align: center; vertical-align: top; padding: 0.3em 0.8em; font-size: 125%; background-color: lightsteelblue;\">SKN St. P\u00f6lten gegen FC Red Bull Salzburg, 1:5\n<\/th>\n<\/tr>\n<tr>\n<th style=\"text-align:left;\"><b>Spieltag<\/b>\n<\/th>\n<th style=\"text-align:left;\">Bundesliga &#8211; 12. Spieltag\n<\/th>\n<\/tr>\n<tr>\n<th style=\"text-align:left;\"><b>Datum<\/b>\n<\/th>\n<th style=\"text-align:left;\">23. Oktober 2016\n<\/th>\n<\/tr>\n<tr>\n<th style=\"text-align:left;\"><b>Anpfiff<\/b>\n<\/th>\n<th style=\"text-align:left;\">14 Uhr\n<\/th>\n<\/tr>\n<tr>\n<td colspan=\"2\" style=\"text-align:center;\" bgcolor=\"lightgray\"><b>Aufstellung<\/b>\n<\/td>\n<\/tr>\n<tr>\n<th style=\"text-align:left;\"><b>Tor<\/b>\n<\/th>\n<th><a href=\"\/Alexander_Walke\" title=\"Alexander Walke\">Alexander Walke<\/a>\n<\/th>\n<\/tr>\n<tr>\n<th style=\"text-align:left;\"><b>Verteidigung<\/b>\n<\/th>\n<th><a href=\"\/Stefan_Lainer\" title=\"Stefan Lainer\">Stefan Lainer<\/a> &#8211; <a href=\"\/Paulo_Miranda\" title=\"Paulo Miranda\">Paulo Miranda<\/a> &#8211; <a href=\"\/Dayot_Upamecano\" title=\"Dayot Upamecano\">Dayot Upamecano<\/a> &#8211; <a href=\"\/Andreas_Ulmer\" title=\"Andreas Ulmer\">Andreas Ulmer<\/a>\n<\/th>\n<\/tr>\n<tr>\n<th style=\"text-align:left;\"><b>Mittelfeld<\/b>\n<\/th>\n<th><a href=\"\/Konrad_Laimer\" title=\"Konrad Laimer\">Konrad Laimer<\/a> &#8211; <a href=\"\/Diadie_Samassekou\" title=\"Diadie Samassekou\">Diadie Samassekou<\/a> &#8211; <a href=\"\/Valon_Berisha\" title=\"Valon Berisha\">Valon Berisha<\/a>&#8211; <a href=\"\/Marc_Rzatkowski\" title=\"Marc Rzatkowski\">Marc Rzatkowski<\/a>\n<\/th>\n<\/tr>\n<tr>\n<th style=\"text-align:left;\"><b>Sturm<\/b>\n<\/th>\n<th><a href=\"\/Jonatan_Soriano\" title=\"Jonatan Soriano\">Jonatan Soriano<\/a> &#8211; <a href=\"\/Hee-Chan_Hwang\" title=\"Hee-Chan Hwang\">Hee-Chan Hwang<\/a>\n<\/th>\n<\/tr>\n<tr>\n<td colspan=\"2\" style=\"text-align:center;\" bgcolor=\"lightgray\"><b>Wechsel<\/b>\n<\/td>\n<\/tr>\n<tr>\n<th style=\"text-align:left;\"><b>Wechsel<\/b>\n<\/th>\n<th style=\"text-align:left;\"><a href=\"\/Fredrik_Gulbrandsen\" title=\"Fredrik Gulbrandsen\">Fredrik Gulbrandsen<\/a> f\u00fcr Hwang (65.), <a href=\"\/Xaver_Schlager\" title=\"Xaver Schlager\">Xaver Schlager<\/a> f\u00fcr Rzatkowski (71.), <a href=\"\/Valentino_Lazaro\" title=\"Valentino Lazaro\">Valentino Lazaro<\/a> f\u00fcr Laimer (84.)\n<\/th>\n<\/tr>\n<tr>\n<td colspan=\"2\" style=\"text-align:center;\" bgcolor=\"lightgray\"><b>Statistik<\/b>\n<\/td>\n<\/tr>\n<tr>\n<th style=\"text-align:left;\"><b>Endstand<\/b>\n<\/th>\n<th style=\"text-align:left;\">1:5 (0:2)\n<\/th>\n<\/tr>\n<tr>\n<th style=\"text-align:left;\"><b>Torsch\u00fctzen<\/b>\n<\/th>\n<th style=\"text-align:left;\">Luckassen (73.); Hwang (14., 46.), Rzatkowski (52.), Lainer (59.), Gulbrandsen (77.)\n<\/th>\n<\/tr>\n<tr>\n<th style=\"text-align:left;\"><b>Gelbe Karten<\/b>\n<\/th>\n<th style=\"text-align:left;\">Mader (35.), Martic (46.); Ulmer (39.)\n<\/th>\n<\/tr>\n<tr>\n<th style=\"text-align:left;\"><b>Rote Karten<\/b>\n<\/th>\n<th style=\"text-align:left;\">\n<\/th>\n<\/tr>\n<tr>\n<th style=\"text-align:left;\"><b>Schiedsrichter<\/b>\n<\/th>\n<th style=\"text-align:left;\">Manfred Sch\u00fcttengruber\n<\/th>\n<\/tr>\n<tr>\n<th style=\"text-align:left;\"><b>Stadion<\/b>\n<\/th>\n<th style=\"text-align:left;\">NV Arena, St. P\u00f6lten\n<\/th>\n<\/tr>\n<tr>\n<th style=\"text-align:left;\"><b>Zuschauer<\/b>\n<\/th>\n<th style=\"text-align:left;\">\n<\/th>\n<\/tr>\n<\/tbody>\n<\/table>\n<ul>\n<li><a href=\"\/Andreas_Ulmer\" title=\"Andreas Ulmer\">Andreas Ulmer<\/a> spielte sein 200 Bundesligaspiel f\u00fcr den FC Red Bull Salzburg. <a href=\"\/Marc_Rzatkowski\" title=\"Marc Rzatkowski\">Marc Rzatkowski<\/a> und <a href=\"\/Hee-Chan_Hwang\" title=\"Hee-Chan Hwang\">Hee-Chan Hwang<\/a> erzielten ihre ersten Bundesligatore.<\/li>\n<\/ul>\n<h2><span class=\"mw-headline\" id=\"Bilder\">Bilder<\/span><a href=\"\/index.php?title=12._Runde,_Saison_2016\/17,_SKN_St._P%C3%B6lten_gegen_FC_Red_Bull_Salzburg&amp;action=edit&amp;section=2\" title=\"Abschnitt bearbeiten: Bilder\">Bearbeiten<\/a><span class=\"mw-editsection-bracket\">]<\/span><\/span><\/h2>\n<ul>\n<li>(c)GEPA<\/li>\n<\/ul>\n<ul class=\"gallery mw-gallery-traditional\">\n<li class=\"gallerybox\" style=\"width: 155px\">\n<div style=\"width: 155px\">\n<div class=\"thumb\" style=\"width: 150px;\">\n<div style=\"margin:27px auto;\"><a href=\"\/Datei:P%C3%B6lten_(1).PNG\" class=\"image\"><img alt=\"P\u00f6lten (1).PNG\" src=\"\/images\/thumb\/5\/58\/P%C3%B6lten_%281%29.PNG\/120px-P%C3%B6lten_%281%29.PNG\" decoding=\"async\" width=\"120\" height=\"96\" srcset=\"\/images\/thumb\/5\/58\/P%C3%B6lten_%281%29.PNG\/180px-P%C3%B6lten_%281%29.PNG 1.5x, \/images\/thumb\/5\/58\/P%C3%B6lten_%281%29.PNG\/240px-P%C3%B6lten_%281%29.PNG 2x\" \/><\/a><\/div>\n<\/div>\n<div class=\"gallerytext\">\n\t\t\t<\/div>\n<\/p><\/div>\n<\/li>\n<li class=\"gallerybox\" style=\"width: 155px\">\n<div style=\"width: 155px\">\n<div class=\"thumb\" style=\"width: 150px;\">\n<div style=\"margin:34.5px auto;\"><a href=\"\/Datei:P%C3%B6lten_(2).PNG\" class=\"image\"><img alt=\"P\u00f6lten (2).PNG\" src=\"\/images\/thumb\/e\/e8\/P%C3%B6lten_%282%29.PNG\/120px-P%C3%B6lten_%282%29.PNG\" decoding=\"async\" width=\"120\" height=\"81\" srcset=\"\/images\/thumb\/e\/e8\/P%C3%B6lten_%282%29.PNG\/180px-P%C3%B6lten_%282%29.PNG 1.5x, \/images\/thumb\/e\/e8\/P%C3%B6lten_%282%29.PNG\/240px-P%C3%B6lten_%282%29.PNG 2x\" \/><\/a><\/div>\n<\/div>\n<div class=\"gallerytext\">\n\t\t\t<\/div>\n<\/p><\/div>\n<\/li>\n<li class=\"gallerybox\" style=\"width: 155px\">\n<div style=\"width: 155px\">\n<div class=\"thumb\" style=\"width: 150px;\">\n<div style=\"margin:45.5px auto;\"><a href=\"\/Datei:P%C3%B6lten_(3).PNG\" class=\"image\"><img alt=\"P\u00f6lten (3).PNG\" src=\"\/images\/thumb\/b\/b4\/P%C3%B6lten_%283%29.PNG\/120px-P%C3%B6lten_%283%29.PNG\" decoding=\"async\" width=\"120\" height=\"59\" srcset=\"\/images\/thumb\/b\/b4\/P%C3%B6lten_%283%29.PNG\/180px-P%C3%B6lten_%283%29.PNG 1.5x, \/images\/thumb\/b\/b4\/P%C3%B6lten_%283%29.PNG\/240px-P%C3%B6lten_%283%29.PNG 2x\" \/><\/a><\/div>\n<\/div>\n<div class=\"gallerytext\">\n\t\t\t<\/div>\n<\/p><\/div>\n<\/li>\n<\/ul>\n<h2><span class=\"mw-headline\" id=\"Weblinks\">Weblinks<\/span><a href=\"\/index.php?title=12._Runde,_Saison_2016\/17,_SKN_St._P%C3%B6lten_gegen_FC_Red_Bull_Salzburg&amp;action=edit&amp;section=3\" title=\"Abschnitt bearbeiten: Weblinks\">Bearbeiten<\/a><span class=\"mw-editsection-bracket\">]<\/span><\/span><\/h2>\n<p><a rel=\"nofollow\" class=\"external text\" href=\"http:\/\/www.redbullsalzburg.at\/de\/fc-red-bull-salzburg\/news\/saison_2016_17\/hochverdienter-5-1-sieg-in-der-nv-arena.html\">Spielbericht Vereinshomepage<\/a>\n<\/p>\n<h2><span class=\"mw-headline\" id=\"Stimmen_zum_Spiel\">Stimmen zum Spiel<\/span><a href=\"\/index.php?title=12._Runde,_Saison_2016\/17,_SKN_St._P%C3%B6lten_gegen_FC_Red_Bull_Salzburg&amp;action=edit&amp;section=4\" title=\"Abschnitt bearbeiten: Stimmen zum Spiel\">Bearbeiten<\/a><span class=\"mw-editsection-bracket\">]<\/span><\/span><\/h2>\n<p><b>Oscar Garcia:<\/b> Wir wussten, dass St. P\u00f6lten eine mutige Mannschaft ist und wir unsere beste Leistung abrufen m\u00fcssen. Wir hatten wenig Zeit, uns auf dieses Spiel vorzubereiten, aber die Spieler, die heute gespielt haben, haben ihre Aufgabe sehr gut gemacht. Ich bin sehr zufrieden, denn der Sieg war wichtig. Ich denke, die Leistung heute war nicht anders als bei den anderen Spielen. Der Unterschied heute war, dass wir vor dem Tor effizienter waren.\n<\/p>\n<p><b> Marc Rzatkowski:<\/b> In erster Linie freue ich mich, dass wir als Mannschaft gewonnen haben. Dass ich getroffen habe, ist nat\u00fcrlich f\u00fcr mich pers\u00f6nlich auch noch was Sch\u00f6nes. Ich denke, wir haben als Mannschaft heute sehr gut gepresst und haben versucht, dem Spiel von Anfang an unseren Stempel aufzudr\u00fccken, was uns auch sehr gut gelungen ist. Ich bin sehr froh, dass der Trainer mir zum zweiten Mal in Folge das Vertrauen geschenkt hat. Ich habe einfach versucht, alles zu geben und der Mannschaft dort zu helfen, wo ich kann.\n<\/p>\n<\/div>\n","protected":false},"excerpt":{"rendered":"<p>FaktenBearbeiten] SKN St. P\u00f6lten gegen FC Red Bull Salzburg, 1:5 Spieltag Bundesliga &#8211; 12. Spieltag Datum 23. Oktober 2016 Anpfiff 14 Uhr Aufstellung Tor Alexander Walke Verteidigung Stefan Lainer &#8211; Paulo Miranda &#8211; Dayot Upamecano &#8211; Andreas Ulmer Mittelfeld Konrad Laimer &#8211; Diadie Samassekou &#8211; Valon Berisha&#8211; Marc Rzatkowski Sturm Jonatan Soriano &#8211; Hee-Chan Hwang [&hellip;]<\/p>\n","protected":false},"author":1,"featured_media":0,"comment_status":"open","ping_status":"open","sticky":false,"template":"","format":"standard","meta":{"footnotes":""},"categories":[271],"tags":[],"class_list":["post-680","post","type-post","status-publish","format-standard","hentry","category-12-runde-saison-2016"],"_links":{"self":[{"href":"https:\/\/wiki.s12.at\/index.php\/wp-json\/wp\/v2\/posts\/680","targetHints":{"allow":["GET"]}}],"collection":[{"href":"https:\/\/wiki.s12.at\/index.php\/wp-json\/wp\/v2\/posts"}],"about":[{"href":"https:\/\/wiki.s12.at\/index.php\/wp-json\/wp\/v2\/types\/post"}],"author":[{"embeddable":true,"href":"https:\/\/wiki.s12.at\/index.php\/wp-json\/wp\/v2\/users\/1"}],"replies":[{"embeddable":true,"href":"https:\/\/wiki.s12.at\/index.php\/wp-json\/wp\/v2\/comments?post=680"}],"version-history":[{"count":0,"href":"https:\/\/wiki.s12.at\/index.php\/wp-json\/wp\/v2\/posts\/680\/revisions"}],"wp:attachment":[{"href":"https:\/\/wiki.s12.at\/index.php\/wp-json\/wp\/v2\/media?parent=680"}],"wp:term":[{"taxonomy":"category","embeddable":true,"href":"https:\/\/wiki.s12.at\/index.php\/wp-json\/wp\/v2\/categories?post=680"},{"taxonomy":"post_tag","embeddable":true,"href":"https:\/\/wiki.s12.at\/index.php\/wp-json\/wp\/v2\/tags?post=680"}],"curies":[{"name":"wp","href":"https:\/\/api.w.org\/{rel}","templated":true}]}}