{"id":652,"date":"2026-05-06T13:09:26","date_gmt":"2026-05-06T11:09:26","guid":{"rendered":"http:\/\/wiki.s12.at\/index.php\/2026\/05\/06\/16-runde-saison-2025-26-fc-red-bull-salzburg-frauen-gegen-fk-austria-wien\/"},"modified":"2026-05-06T13:09:26","modified_gmt":"2026-05-06T11:09:26","slug":"16-runde-saison-2025-26-fc-red-bull-salzburg-frauen-gegen-fk-austria-wien","status":"publish","type":"post","link":"https:\/\/wiki.s12.at\/index.php\/2026\/05\/06\/16-runde-saison-2025-26-fc-red-bull-salzburg-frauen-gegen-fk-austria-wien\/","title":{"rendered":"26, FC Red Bull Salzburg Frauen gegen FK Austria Wien"},"content":{"rendered":"<div class=\"mw-parser-output\">\n<table class=\"toptextcells toccolours\">\n<tbody>\n<tr>\n<th colspan=\"2\" style=\"text-align: center; vertical-align: top; padding: 0.3em 0.8em; font-size: 125%; background-color: lightsteelblue;\">FC Red Bull Salzburg Frauen gegen FK Austria Wien, 0:1\n<\/th>\n<\/tr>\n<tr>\n<th style=\"text-align:left;\"><b>Spieltag<\/b>\n<\/th>\n<th style=\"text-align:left;\">Frauen &#8211; Bundesliga, 16. Runde\n<\/th>\n<\/tr>\n<tr>\n<th style=\"text-align:left;\"><b>Datum<\/b>\n<\/th>\n<th style=\"text-align:left;\">14. M\u00e4rz 2026\n<\/th>\n<\/tr>\n<tr>\n<th style=\"text-align:left;\"><b>Anpfiff<\/b>\n<\/th>\n<th style=\"text-align:left;\">13 Uhr\n<\/th>\n<\/tr>\n<tr>\n<td colspan=\"2\" style=\"text-align:center;\" bgcolor=\"lightgray\"><b>Aufstellung<\/b>\n<\/td>\n<\/tr>\n<tr>\n<th style=\"text-align:left;\"><b>Tor<\/b>\n<\/th>\n<th><a href=\"\/Lara_Ritter\" title=\"Lara Ritter\">Lara Ritter<\/a>\n<\/th>\n<\/tr>\n<tr>\n<th style=\"text-align:left;\"><b>Verteidigung<\/b>\n<\/th>\n<th><a href=\"\/Laura_Spinn\" title=\"Laura Spinn\">Laura Spinn<\/a>  &#8211; <a href=\"\/Aldina_Hamzic\" title=\"Aldina Hamzic\">Aldina Hamzic<\/a> &#8211; <a href=\"\/Sophia_Schirmbrand\" title=\"Sophia Schirmbrand\">Sophia Schirmbrand<\/a> &#8211; <a href=\"\/Valentina_Illinger\" title=\"Valentina Illinger\">Valentina Illinger<\/a>\n<\/th>\n<\/tr>\n<tr>\n<th style=\"text-align:left;\"><b>Mittelfeld<\/b>\n<\/th>\n<th><a href=\"\/Lucia_Orkic\" title=\"Lucia Orkic\">Lucia Orkic<\/a> &#8211; <a href=\"\/Sara_Grabovac\" title=\"Sara Grabovac\">Sara Grabovac<\/a>  &#8211; <a href=\"\/Greta_Spinn\" title=\"Greta Spinn\">Greta Spinn<\/a> &#8211; <a href=\"\/Julia_Gr%C3%BCnwald\" title=\"Julia Gr\u00fcnwald\">Julia Gr\u00fcnwald<\/a>\n<\/th>\n<\/tr>\n<tr>\n<th style=\"text-align:left;\"><b>Sturm<\/b>\n<\/th>\n<th><a href=\"\/Emelie_Kobler\" title=\"Emelie Kobler\">Emelie Kobler<\/a> &#8211; <a href=\"\/Vina_Crnoja\" title=\"Vina Crnoja\">Vina Crnoja<\/a>\n<\/th>\n<\/tr>\n<tr>\n<td colspan=\"2\" style=\"text-align:center;\" bgcolor=\"lightgray\"><b>Wechsel<\/b>\n<\/td>\n<\/tr>\n<tr>\n<th style=\"text-align:left;\"><b>Wechsel<\/b>\n<\/th>\n<th style=\"text-align:left;\"><a href=\"\/Tina_Krassnig\" title=\"Tina Krassnig\">Tina Krassnig<\/a> f\u00fcr Crnoja (58.), <a href=\"\/Christina_Gierzinger\" title=\"Christina Gierzinger\">Christina Gierzinger<\/a> f\u00fcr L. Spinn (74.), <a href=\"\/Katja_Wienerroither\" title=\"Katja Wienerroither\">Katja Wienerroither<\/a> f\u00fcr <br \/> Kobler (74.), <a href=\"\/Caroline_Gragger\" title=\"Caroline Gragger\">Caroline Gragger<\/a> f\u00fcr Orkic (74.), <a href=\"\/Theresa_D%27Angelo\" title=\"Theresa D&#39;Angelo\">Theresa D&#8217;Angelo<\/a> f\u00fcr Gr\u00fcnwald (80.)\n<\/th>\n<\/tr>\n<tr>\n<td colspan=\"2\" style=\"text-align:center;\" bgcolor=\"lightgray\"><b>Statistik<\/b>\n<\/td>\n<\/tr>\n<tr>\n<th style=\"text-align:left;\"><b>Endstand<\/b>\n<\/th>\n<th style=\"text-align:left;\">0:1 (0:1)\n<\/th>\n<\/tr>\n<tr>\n<th style=\"text-align:left;\"><b>Torsch\u00fctzen<\/b>\n<\/th>\n<th style=\"text-align:left;\">Triendl (39.)\n<\/th>\n<\/tr>\n<tr>\n<th style=\"text-align:left;\"><b>Gelbe Karten<\/b>\n<\/th>\n<th style=\"text-align:left;\">Grabovac (33.), Hamzic (70.), Illinger (78.)&#160;;  Weilharter (77.)\n<\/th>\n<\/tr>\n<tr>\n<th style=\"text-align:left;\"><b>Rote Karten<\/b>\n<\/th>\n<th style=\"text-align:left;\">\n<\/th>\n<\/tr>\n<tr>\n<th style=\"text-align:left;\"><b>Schiedsrichter<\/b>\n<\/th>\n<th style=\"text-align:left;\">Edin Kustura\n<\/th>\n<\/tr>\n<tr>\n<th style=\"text-align:left;\"><b>Stadion<\/b>\n<\/th>\n<th style=\"text-align:left;\">Akademie Liefering, Salzburg\n<\/th>\n<\/tr>\n<tr>\n<th style=\"text-align:left;\"><b>Zuschauer<\/b>\n<\/th>\n<th style=\"text-align:left;\">250\n<\/th>\n<\/tr>\n<\/tbody>\n<\/table>\n<h2><span class=\"mw-headline\" id=\"Spielbericht\">Spielbericht<\/span><a href=\"\/index.php?title=16.Runde,_Saison_2025\/26,_FC_Red_Bull_Salzburg_Frauen_gegen_FK_Austria_Wien&amp;action=edit&amp;section=1\" title=\"Abschnitt bearbeiten: Spielbericht\">Bearbeiten<\/a><span class=\"mw-editsection-bracket\">]<\/span><\/span><\/h2>\n<p><a rel=\"nofollow\" class=\"external text\" href=\"https:\/\/www.redbullsalzburg.at\/de\/frauen\/2025-2026\/spielplan-frauen\/bundesliga-26-runde-16-fc-red-bull-salzburg-vs-fk-austria-wien#spielbericht\">Spielbericht Vereinshomepage<\/a>\n<\/p>\n<h2><span class=\"mw-headline\" id=\"Stimmen_zum_Spiel\">Stimmen zum Spiel<\/span><a href=\"\/index.php?title=16.Runde,_Saison_2025\/26,_FC_Red_Bull_Salzburg_Frauen_gegen_FK_Austria_Wien&amp;action=edit&amp;section=2\" title=\"Abschnitt bearbeiten: Stimmen zum Spiel\">Bearbeiten<\/a><span class=\"mw-editsection-bracket\">]<\/span><\/span><\/h2>\n<p><b>Dusan Pavlovic: <\/b> Der Stolz \u00fcberwiegt, das war ein Spiel auf Augenh\u00f6he! Wir haben gegen das beste Team in \u00d6sterreich gezeigt, dass wir konkurrenzf\u00e4hig sind. Was mich extrem freut, ist, dass wir k\u00f6rperlich, sogar in Luftduellen, richtig gut mitgehalten und nach Standards gar nichts zugelassen haben. Die Leistung hat absolut gestimmt. Gegen diesen Topgegner entscheiden Kleinigkeiten, und genau so eine Kleinigkeit hat heute entschieden. Aber es freut mich, dass wir definitiv angekommen sind. Das nehmen wir f\u00fcr die n\u00e4chsten Matches positiv mit!\n<\/p>\n<\/div>\n","protected":false},"excerpt":{"rendered":"<p>FC Red Bull Salzburg Frauen gegen FK Austria Wien, 0:1 Spieltag Frauen &#8211; Bundesliga, 16. Runde Datum 14. M\u00e4rz 2026 Anpfiff 13 Uhr Aufstellung Tor Lara Ritter Verteidigung Laura Spinn &#8211; Aldina Hamzic &#8211; Sophia Schirmbrand &#8211; Valentina Illinger Mittelfeld Lucia Orkic &#8211; Sara Grabovac &#8211; Greta Spinn &#8211; Julia Gr\u00fcnwald Sturm Emelie Kobler &#8211; [&hellip;]<\/p>\n","protected":false},"author":1,"featured_media":0,"comment_status":"open","ping_status":"open","sticky":false,"template":"","format":"standard","meta":{"footnotes":""},"categories":[497],"tags":[],"class_list":["post-652","post","type-post","status-publish","format-standard","hentry","category-16-runde-saison-2025"],"_links":{"self":[{"href":"https:\/\/wiki.s12.at\/index.php\/wp-json\/wp\/v2\/posts\/652","targetHints":{"allow":["GET"]}}],"collection":[{"href":"https:\/\/wiki.s12.at\/index.php\/wp-json\/wp\/v2\/posts"}],"about":[{"href":"https:\/\/wiki.s12.at\/index.php\/wp-json\/wp\/v2\/types\/post"}],"author":[{"embeddable":true,"href":"https:\/\/wiki.s12.at\/index.php\/wp-json\/wp\/v2\/users\/1"}],"replies":[{"embeddable":true,"href":"https:\/\/wiki.s12.at\/index.php\/wp-json\/wp\/v2\/comments?post=652"}],"version-history":[{"count":0,"href":"https:\/\/wiki.s12.at\/index.php\/wp-json\/wp\/v2\/posts\/652\/revisions"}],"wp:attachment":[{"href":"https:\/\/wiki.s12.at\/index.php\/wp-json\/wp\/v2\/media?parent=652"}],"wp:term":[{"taxonomy":"category","embeddable":true,"href":"https:\/\/wiki.s12.at\/index.php\/wp-json\/wp\/v2\/categories?post=652"},{"taxonomy":"post_tag","embeddable":true,"href":"https:\/\/wiki.s12.at\/index.php\/wp-json\/wp\/v2\/tags?post=652"}],"curies":[{"name":"wp","href":"https:\/\/api.w.org\/{rel}","templated":true}]}}