{"id":646,"date":"2026-05-06T13:07:18","date_gmt":"2026-05-06T11:07:18","guid":{"rendered":"http:\/\/wiki.s12.at\/index.php\/2026\/05\/06\/16-runde-regionalliga-west-saison-2012-13-fc-liefering-gegen-usk-anif\/"},"modified":"2026-05-06T13:07:18","modified_gmt":"2026-05-06T11:07:18","slug":"16-runde-regionalliga-west-saison-2012-13-fc-liefering-gegen-usk-anif","status":"publish","type":"post","link":"https:\/\/wiki.s12.at\/index.php\/2026\/05\/06\/16-runde-regionalliga-west-saison-2012-13-fc-liefering-gegen-usk-anif\/","title":{"rendered":"13, FC Liefering gegen USK Anif"},"content":{"rendered":"<div class=\"mw-parser-output\">\n<h3><span class=\"mw-headline\" id=\"Fakten\">Fakten<\/span><a href=\"\/index.php?title=16.Runde,_Regionalliga_West,_Saison_2012\/13,_FC_Liefering_gegen_USK_Anif&amp;action=edit&amp;section=1\" title=\"Abschnitt bearbeiten: Fakten\">Bearbeiten<\/a><span class=\"mw-editsection-bracket\">]<\/span><\/span><\/h3>\n<p><b>Regionalliga West- 16. Spieltag: 3. November 2012, 15.30 Uhr<\/b>\n<\/p>\n<table class=\"wikitable\">\n<caption><big>FC Liefering gegen USK Anif, 3:0<\/big><br \/>\n<\/caption>\n<tbody>\n<tr>\n<td>Aufstellung:<\/td>\n<td><a href=\"\/Thomas_D%C3%A4hne\" title=\"Thomas D\u00e4hne\">Thomas D\u00e4hne<\/a> <a href=\"\/Rene_Aufhauser\" class=\"mw-redirect\" title=\"Rene Aufhauser\">Rene Aufhauser<\/a> <a href=\"\/Stefan_Lainer\" title=\"Stefan Lainer\">Stefan Lainer<\/a> <a href=\"\/Felix_Adjei\" title=\"Felix Adjei\">Felix Adjei<\/a> <a href=\"\/Stefan_Schwendinger\" title=\"Stefan Schwendinger\">Stefan Schwendinger<\/a> (26. <a href=\"\/Matthias_Felber\" title=\"Matthias Felber\">Matthias Felber<\/a>) <a href=\"\/Wolfgang_Mair\" title=\"Wolfgang Mair\">Wolfgang Mair<\/a> <a href=\"\/Sandro_Djuric\" title=\"Sandro Djuric\">Sandro Djuric<\/a> (76. <a href=\"\/Sebastian_Drga\" title=\"Sebastian Drga\">Sebastian Drga<\/a>) <a href=\"\/Andr%C3%A9_Ramalho_Silva\" class=\"mw-redirect\" title=\"Andr\u00e9 Ramalho Silva\">Andr\u00e9 Ramalho Silva<\/a> <a href=\"\/Nikola_Dovedan\" title=\"Nikola Dovedan\">Nikola Dovedan<\/a> (46. <a href=\"\/Andreas_Bammer\" title=\"Andreas Bammer\">Andreas Bammer<\/a>) <a href=\"\/Robert_V%C3%B6lkl\" title=\"Robert V\u00f6lkl\">Robert V\u00f6lkl<\/a> <a href=\"\/Mario_Konrad\" title=\"Mario Konrad\">Mario Konrad<\/a>\n<\/td>\n<\/tr>\n<tr>\n<td>Endstand:<\/td>\n<td>3:0 (0:0)\n<\/td>\n<\/tr>\n<tr>\n<td>Torsch\u00fctzen:<\/td>\n<td>Bammer (52., 71., 74.)\n<\/td>\n<\/tr>\n<tr>\n<td>Gelbe Karten:<\/td>\n<td>\n<\/td>\n<\/tr>\n<tr>\n<td>Gelb-rote Karten:<\/td>\n<td>\n<\/td>\n<\/tr>\n<tr>\n<td>Rote Karten:<\/td>\n<td>\n<\/td>\n<\/tr>\n<tr>\n<td>Schiedsrichter:<\/td>\n<td>Gerhard P\u00f6ttler\n<\/td>\n<\/tr>\n<tr>\n<td>Stadion:<\/td>\n<td>Nachwuchsakademie Liefering\n<\/td>\n<\/tr>\n<tr>\n<td>Zuschauer:<\/td>\n<td>150\n<\/td>\n<\/tr>\n<\/tbody>\n<\/table>\n<\/div>\n","protected":false},"excerpt":{"rendered":"<p>FaktenBearbeiten] Regionalliga West- 16. Spieltag: 3. November 2012, 15.30 Uhr FC Liefering gegen USK Anif, 3:0 Aufstellung: Thomas D\u00e4hne Rene Aufhauser Stefan Lainer Felix Adjei Stefan Schwendinger (26. Matthias Felber) Wolfgang Mair Sandro Djuric (76. Sebastian Drga) Andr\u00e9 Ramalho Silva Nikola Dovedan (46. Andreas Bammer) Robert V\u00f6lkl Mario Konrad Endstand: 3:0 (0:0) Torsch\u00fctzen: Bammer (52., [&hellip;]<\/p>\n","protected":false},"author":1,"featured_media":0,"comment_status":"open","ping_status":"open","sticky":false,"template":"","format":"standard","meta":{"footnotes":""},"categories":[495],"tags":[],"class_list":["post-646","post","type-post","status-publish","format-standard","hentry","category-16-runde-regionalliga-west-saison-2012"],"_links":{"self":[{"href":"https:\/\/wiki.s12.at\/index.php\/wp-json\/wp\/v2\/posts\/646","targetHints":{"allow":["GET"]}}],"collection":[{"href":"https:\/\/wiki.s12.at\/index.php\/wp-json\/wp\/v2\/posts"}],"about":[{"href":"https:\/\/wiki.s12.at\/index.php\/wp-json\/wp\/v2\/types\/post"}],"author":[{"embeddable":true,"href":"https:\/\/wiki.s12.at\/index.php\/wp-json\/wp\/v2\/users\/1"}],"replies":[{"embeddable":true,"href":"https:\/\/wiki.s12.at\/index.php\/wp-json\/wp\/v2\/comments?post=646"}],"version-history":[{"count":0,"href":"https:\/\/wiki.s12.at\/index.php\/wp-json\/wp\/v2\/posts\/646\/revisions"}],"wp:attachment":[{"href":"https:\/\/wiki.s12.at\/index.php\/wp-json\/wp\/v2\/media?parent=646"}],"wp:term":[{"taxonomy":"category","embeddable":true,"href":"https:\/\/wiki.s12.at\/index.php\/wp-json\/wp\/v2\/categories?post=646"},{"taxonomy":"post_tag","embeddable":true,"href":"https:\/\/wiki.s12.at\/index.php\/wp-json\/wp\/v2\/tags?post=646"}],"curies":[{"name":"wp","href":"https:\/\/api.w.org\/{rel}","templated":true}]}}