{"id":641,"date":"2026-05-06T13:06:15","date_gmt":"2026-05-06T11:06:15","guid":{"rendered":"http:\/\/wiki.s12.at\/index.php\/2026\/05\/06\/15-runde-saison-2025-26-fc-liefering-gegen-sk-austria-klagenfurt\/"},"modified":"2026-05-06T13:06:15","modified_gmt":"2026-05-06T11:06:15","slug":"15-runde-saison-2025-26-fc-liefering-gegen-sk-austria-klagenfurt","status":"publish","type":"post","link":"https:\/\/wiki.s12.at\/index.php\/2026\/05\/06\/15-runde-saison-2025-26-fc-liefering-gegen-sk-austria-klagenfurt\/","title":{"rendered":"26, FC Liefering gegen SK Austria Klagenfurt"},"content":{"rendered":"<div class=\"mw-parser-output\">\n<table class=\"toptextcells toccolours\">\n<tbody>\n<tr>\n<th colspan=\"2\" style=\"text-align: center; vertical-align: top; padding: 0.3em 0.8em; font-size: 125%; background-color: lightsteelblue;\">FC Liefering gegen SK Austria Klagenfurt, 2:2\n<\/th>\n<\/tr>\n<tr>\n<th style=\"text-align:left;\"><b>Spieltag<\/b>\n<\/th>\n<th style=\"text-align:left;\">2. Liga &#8211; 15. Runde\n<\/th>\n<\/tr>\n<tr>\n<th style=\"text-align:left;\"><b>Datum<\/b>\n<\/th>\n<th style=\"text-align:left;\">28. November 2025\n<\/th>\n<\/tr>\n<tr>\n<th style=\"text-align:left;\"><b>Anpfiff<\/b>\n<\/th>\n<th style=\"text-align:left;\">18 Uhr\n<\/th>\n<\/tr>\n<tr>\n<td colspan=\"2\" style=\"text-align:center;\" bgcolor=\"lightgray\"><b>Aufstellung<\/b>\n<\/td>\n<\/tr>\n<tr>\n<th style=\"text-align:left;\"><b>Tor<\/b>\n<\/th>\n<th><a href=\"\/Nikola_Sarcevic\" title=\"Nikola Sarcevic\">Nikola Sarcevic<\/a>\n<\/th>\n<\/tr>\n<tr>\n<th style=\"text-align:left;\"><b>Verteidigung<\/b>\n<\/th>\n<th><a href=\"\/Julian_Hussauf\" title=\"Julian Hussauf\">Julian Hussauf<\/a>  &#8211;  <a href=\"\/Rocco_Zikovic\" title=\"Rocco Zikovic\">Rocco Zikovic<\/a> &#8211;   <a href=\"\/Valentin_Zabransky\" title=\"Valentin Zabransky\">Valentin Zabransky<\/a>&#8211; <a href=\"\/Jakob_Brandtner\" title=\"Jakob Brandtner\">Jakob Brandtner <\/a>\n<\/th>\n<\/tr>\n<tr>\n<th style=\"text-align:left;\"><b>Mittelfeld<\/b>\n<\/th>\n<th><a href=\"\/Valentin_Sulzbacher\" title=\"Valentin Sulzbacher\">Valentin Sulzbacher<\/a>\u2013  <a href=\"\/Elione_Fernandes-Neto\" title=\"Elione Fernandes-Neto\">Elione Fernandes-Neto<\/a> &#8211; <a href=\"\/Marc_Striednig\" title=\"Marc Striednig\">Marc Striednig<\/a> &#8211;<a href=\"\/Ilia_Ivanschitz\" title=\"Ilia Ivanschitz\">Ilia Ivanschitz<\/a>\n<\/th>\n<\/tr>\n<tr>\n<th style=\"text-align:left;\"><b>Sturm<\/b>\n<\/th>\n<th><a href=\"\/Aboubacar_Camara\" class=\"mw-redirect\" title=\"Aboubacar Camara\">Aboubacar Camara<\/a> &#8211;   <a href=\"\/Phillip_Verhounig\" title=\"Phillip Verhounig\">Phillip Verhounig<\/a>\n<\/th>\n<\/tr>\n<tr>\n<td colspan=\"2\" style=\"text-align:center;\" bgcolor=\"lightgray\"><b>Wechsel<\/b>\n<\/td>\n<\/tr>\n<tr>\n<th style=\"text-align:left;\"><b>Wechsel<\/b>\n<\/th>\n<th style=\"text-align:left;\"><a href=\"\/R%C3%BCst%C3%BC_Erdogan\" title=\"R\u00fcst\u00fc Erdogan\">R\u00fcst\u00fc Erdogan<\/a> f\u00fcr Sulzbacher (76.), <a href=\"\/Alexander_Murillo\" title=\"Alexander Murillo\">Alexander Murillo <\/a>  f\u00fcr Ivanschitz (87.) , <br \/><a href=\"\/Nikolas_Freund\" title=\"Nikolas Freund\">Nikolas Freund<\/a> f\u00fcr Ivanschitz (87.),  <a href=\"\/Marco_Brandt\" title=\"Marco Brandt\">Marco Brandt<\/a> f\u00fcr Verhounig (92.)\n<\/th>\n<\/tr>\n<tr>\n<td colspan=\"2\" style=\"text-align:center;\" bgcolor=\"lightgray\"><b>Statistik<\/b>\n<\/td>\n<\/tr>\n<tr>\n<th style=\"text-align:left;\"><b>Endstand<\/b>\n<\/th>\n<th style=\"text-align:left;\">2:2 (1:1)\n<\/th>\n<\/tr>\n<tr>\n<th style=\"text-align:left;\"><b>Torsch\u00fctzen<\/b>\n<\/th>\n<th style=\"text-align:left;\">Ivanschitz  (28.), Striednig  (69.); Krnjic (45.), Barisic  (94.)\n<\/th>\n<\/tr>\n<tr>\n<th style=\"text-align:left;\"><b>Gelbe Karten<\/b>\n<\/th>\n<th style=\"text-align:left;\">Co-Trainer Ikache (64.), Zabransky (86.)&#160;; Marinsek (55.), Matkovic (60.)\n<\/th>\n<\/tr>\n<tr>\n<th style=\"text-align:left;\"><b>Rote Karten<\/b>\n<\/th>\n<th style=\"text-align:left;\">\n<\/th>\n<\/tr>\n<tr>\n<th style=\"text-align:left;\"><b>Schiedsrichter<\/b>\n<\/th>\n<th style=\"text-align:left;\">Alain Sadikovski\n<\/th>\n<\/tr>\n<tr>\n<th style=\"text-align:left;\"><b>Stadion<\/b>\n<\/th>\n<th style=\"text-align:left;\">EM Stadion Wals-Siezenheim, Salzburg\n<\/th>\n<\/tr>\n<tr>\n<th style=\"text-align:left;\"><b>Zuschauer<\/b>\n<\/th>\n<th style=\"text-align:left;\">112\n<\/th>\n<\/tr>\n<\/tbody>\n<\/table>\n<h2><span class=\"mw-headline\" id=\"Spielbericht\">Spielbericht<\/span><a href=\"\/index.php?title=15._Runde,_Saison_2025\/26,_FC_Liefering_gegen_SK_Austria_Klagenfurt&amp;action=edit&amp;section=1\" title=\"Abschnitt bearbeiten: Spielbericht\">Bearbeiten<\/a><span class=\"mw-editsection-bracket\">]<\/span><\/span><\/h2>\n<p><a rel=\"nofollow\" class=\"external text\" href=\"https:\/\/www.fc-liefering.at\/de\/2025-2026\/spielplan\/2-liga-runde-15-fc-liefering-vs-sk-austria-klagenfurt#spielbericht\">Spielbericht Vereinshomepage<\/a>\n<\/p>\n<h2><span class=\"mw-headline\" id=\"Stimmen_zum_Spiel\">Stimmen zum Spiel<\/span><a href=\"\/index.php?title=15._Runde,_Saison_2025\/26,_FC_Liefering_gegen_SK_Austria_Klagenfurt&amp;action=edit&amp;section=2\" title=\"Abschnitt bearbeiten: Stimmen zum Spiel\">Bearbeiten<\/a><span class=\"mw-editsection-bracket\">]<\/span><\/span><\/h2>\n<p><b>Daniel Beichler:<\/b>  Insgesamt ist es nat\u00fcrlich ein total \u00e4rgerliches, unn\u00f6tiges Unentschieden. Es war kein Feuerwerk, kein sch\u00f6nes Spiel, auch weil die Klagenfurter mit ihrer Anlage wesentlich dazu beigetragen haben. Es ist sehr viel um zweite B\u00e4lle gegangen, wodurch schnell klar war, dass man sich den Sieg heute nicht erspielen, sondern erarbeiten musste. Die Burschen haben es in ganz vielen Momenten auch sehr gut gemacht, brutal gut dagegengehalten und sehr reif, sehr diszipliniert agiert. Es ist wichtig, so eine Partie dreckig zu Ende zu spielen \u2013 das haben wir lange gut gemacht. Dieses sp\u00e4te Gegentor haben wir dann aber sehr naiv verteidigt. Am Ende stehen wir nur mit einem Z\u00e4hler da \u2013 wie schon so h\u00e4ufig in dieser Saison sind es zwei verlorene Punkte.\n<\/p>\n<\/div>\n","protected":false},"excerpt":{"rendered":"<p>FC Liefering gegen SK Austria Klagenfurt, 2:2 Spieltag 2. Liga &#8211; 15. Runde Datum 28. November 2025 Anpfiff 18 Uhr Aufstellung Tor Nikola Sarcevic Verteidigung Julian Hussauf &#8211; Rocco Zikovic &#8211; Valentin Zabransky&#8211; Jakob Brandtner Mittelfeld Valentin Sulzbacher\u2013 Elione Fernandes-Neto &#8211; Marc Striednig &#8211;Ilia Ivanschitz Sturm Aboubacar Camara &#8211; Phillip Verhounig Wechsel Wechsel R\u00fcst\u00fc Erdogan [&hellip;]<\/p>\n","protected":false},"author":1,"featured_media":0,"comment_status":"open","ping_status":"open","sticky":false,"template":"","format":"standard","meta":{"footnotes":""},"categories":[427],"tags":[],"class_list":["post-641","post","type-post","status-publish","format-standard","hentry","category-15-runde-saison-2025"],"_links":{"self":[{"href":"https:\/\/wiki.s12.at\/index.php\/wp-json\/wp\/v2\/posts\/641","targetHints":{"allow":["GET"]}}],"collection":[{"href":"https:\/\/wiki.s12.at\/index.php\/wp-json\/wp\/v2\/posts"}],"about":[{"href":"https:\/\/wiki.s12.at\/index.php\/wp-json\/wp\/v2\/types\/post"}],"author":[{"embeddable":true,"href":"https:\/\/wiki.s12.at\/index.php\/wp-json\/wp\/v2\/users\/1"}],"replies":[{"embeddable":true,"href":"https:\/\/wiki.s12.at\/index.php\/wp-json\/wp\/v2\/comments?post=641"}],"version-history":[{"count":0,"href":"https:\/\/wiki.s12.at\/index.php\/wp-json\/wp\/v2\/posts\/641\/revisions"}],"wp:attachment":[{"href":"https:\/\/wiki.s12.at\/index.php\/wp-json\/wp\/v2\/media?parent=641"}],"wp:term":[{"taxonomy":"category","embeddable":true,"href":"https:\/\/wiki.s12.at\/index.php\/wp-json\/wp\/v2\/categories?post=641"},{"taxonomy":"post_tag","embeddable":true,"href":"https:\/\/wiki.s12.at\/index.php\/wp-json\/wp\/v2\/tags?post=641"}],"curies":[{"name":"wp","href":"https:\/\/api.w.org\/{rel}","templated":true}]}}