{"id":640,"date":"2026-05-06T13:06:11","date_gmt":"2026-05-06T11:06:11","guid":{"rendered":"http:\/\/wiki.s12.at\/index.php\/2026\/05\/06\/15-runde-saison-2024-25-fc-liefering-gegen-sku-amstetten\/"},"modified":"2026-05-06T13:06:11","modified_gmt":"2026-05-06T11:06:11","slug":"15-runde-saison-2024-25-fc-liefering-gegen-sku-amstetten","status":"publish","type":"post","link":"https:\/\/wiki.s12.at\/index.php\/2026\/05\/06\/15-runde-saison-2024-25-fc-liefering-gegen-sku-amstetten\/","title":{"rendered":"25, FC Liefering gegen SKU Amstetten"},"content":{"rendered":"<div class=\"mw-parser-output\">\n<table class=\"toptextcells toccolours\">\n<tbody>\n<tr>\n<th colspan=\"2\" style=\"text-align: center; vertical-align: top; padding: 0.3em 0.8em; font-size: 125%; background-color: lightsteelblue;\">FC Liefering gegen SKU Amstetten, 1:3\n<\/th>\n<\/tr>\n<tr>\n<th style=\"text-align:left;\"><b>Spieltag<\/b>\n<\/th>\n<th style=\"text-align:left;\">2. Liga &#8211; 15. Runde\n<\/th>\n<\/tr>\n<tr>\n<th style=\"text-align:left;\"><b>Datum<\/b>\n<\/th>\n<th style=\"text-align:left;\">30 November   2024\n<\/th>\n<\/tr>\n<tr>\n<th style=\"text-align:left;\"><b>Anpfiff<\/b>\n<\/th>\n<th style=\"text-align:left;\">14:30 Uhr\n<\/th>\n<\/tr>\n<tr>\n<td colspan=\"2\" style=\"text-align:center;\" bgcolor=\"lightgray\"><b>Aufstellung<\/b>\n<\/td>\n<\/tr>\n<tr>\n<th style=\"text-align:left;\"><b>Tor<\/b>\n<\/th>\n<th><a href=\"\/Salko_Hamzic\" title=\"Salko Hamzic\">Salko Hamzic<\/a>\n<\/th>\n<\/tr>\n<tr>\n<th style=\"text-align:left;\"><b>Verteidigung<\/b>\n<\/th>\n<th><a href=\"\/Tim_Trummer\" title=\"Tim Trummer\">Tim Trummer<\/a> &#8211; <a href=\"\/Bryan_Okoh\" title=\"Bryan Okoh\">Bryan Okoh<\/a>  &#8211;   <a href=\"\/John_Mellberg\" title=\"John Mellberg\">John Mellberg <\/a> &#8211;<a href=\"\/Jakob_Brandtner\" title=\"Jakob Brandtner\">Jakob Brandtner<\/a>\n<\/th>\n<\/tr>\n<tr>\n<th style=\"text-align:left;\"><b>Mittelfeld<\/b>\n<\/th>\n<th><a href=\"\/Oliver_Lukic\" title=\"Oliver Lukic\">Oliver Lukic<\/a> &#8211; <a href=\"\/Gaoussou_Diakite\" title=\"Gaoussou Diakite\">Gaoussou Diakite<\/a> &#8211;  <a href=\"\/Tolgahan_Sahin\" title=\"Tolgahan Sahin\">Tolgahan Sahin<\/a> &#8211;<a href=\"\/Zeteny_Jano\" title=\"Zeteny Jano\">Zeteny Jano<\/a> &#8211;\n<\/th>\n<\/tr>\n<tr>\n<th style=\"text-align:left;\"><b>Sturm<\/b>\n<\/th>\n<th><a href=\"\/Phillip_Verhounig\" title=\"Phillip Verhounig\">Phillip Verhounig<\/a> &#8211; <a href=\"\/Luka_Reischl\" title=\"Luka Reischl\">Luka Reischl<\/a>\n<\/th>\n<\/tr>\n<tr>\n<td colspan=\"2\" style=\"text-align:center;\" bgcolor=\"lightgray\"><b>Wechsel<\/b>\n<\/td>\n<\/tr>\n<tr>\n<th style=\"text-align:left;\"><b>Wechsel<\/b>\n<\/th>\n<th style=\"text-align:left;\"><a href=\"\/Kristjan_Bendra\" title=\"Kristjan Bendra\">Kristjan Bendra<\/a> f\u00fcr Brandtner (71.), <a href=\"\/Marcel_Moswitzer\" title=\"Marcel Moswitzer\">Marcel Moswitzer<\/a> f\u00fcr Okoh (71.), <br \/><a href=\"\/Alexander_Murillo\" title=\"Alexander Murillo\">Alexander Murillo<\/a> f\u00fcr Sahin (78.)\n<\/th>\n<\/tr>\n<tr>\n<td colspan=\"2\" style=\"text-align:center;\" bgcolor=\"lightgray\"><b>Statistik<\/b>\n<\/td>\n<\/tr>\n<tr>\n<th style=\"text-align:left;\"><b>Endstand<\/b>\n<\/th>\n<th style=\"text-align:left;\">1:3 (0:1)\n<\/th>\n<\/tr>\n<tr>\n<th style=\"text-align:left;\"><b>Torsch\u00fctzen<\/b>\n<\/th>\n<th style=\"text-align:left;\">Diakite (50.);  Oberleitner (11.), Grubhofer  (59.), Wanner (70.)\n<\/th>\n<\/tr>\n<tr>\n<th style=\"text-align:left;\"><b>Gelbe Karten<\/b>\n<\/th>\n<th style=\"text-align:left;\">Reischl (11.), Jano (60.), Diakite (93.); Offenthaler (38.), Herrmann (77.)\n<\/th>\n<\/tr>\n<tr>\n<th style=\"text-align:left;\"><b>Rote Karten<\/b>\n<\/th>\n<th style=\"text-align:left;\">\n<\/th>\n<\/tr>\n<tr>\n<th style=\"text-align:left;\"><b>Schiedsrichter<\/b>\n<\/th>\n<th style=\"text-align:left;\">Stefan Ebner\n<\/th>\n<\/tr>\n<tr>\n<th style=\"text-align:left;\"><b>Stadion<\/b>\n<\/th>\n<th style=\"text-align:left;\">EM Stadion, Wals-Siezenheim\n<\/th>\n<\/tr>\n<tr>\n<th style=\"text-align:left;\"><b>Zuschauer<\/b>\n<\/th>\n<th style=\"text-align:left;\">289\n<\/th>\n<\/tr>\n<\/tbody>\n<\/table>\n<h2><span class=\"mw-headline\" id=\"Spielbericht\">Spielbericht<\/span><a href=\"\/index.php?title=15._Runde,_Saison_2024\/25,_FC_Liefering_gegen_SKU_Amstetten&amp;action=edit&amp;section=1\" title=\"Abschnitt bearbeiten: Spielbericht\">Bearbeiten<\/a><span class=\"mw-editsection-bracket\">]<\/span><\/span><\/h2>\n<p><a rel=\"nofollow\" class=\"external text\" href=\"https:\/\/www.fc-liefering.at\/de\/fc-liefering\/news\/saison_2024_25\/ligaspiel-amstetten-runde-15.html\">Spielbericht Vereinshomepage<\/a>\n<\/p>\n<h2><span class=\"mw-headline\" id=\"Stimmen_zum_Spiel\">Stimmen zum Spiel<\/span><a href=\"\/index.php?title=15._Runde,_Saison_2024\/25,_FC_Liefering_gegen_SKU_Amstetten&amp;action=edit&amp;section=2\" title=\"Abschnitt bearbeiten: Stimmen zum Spiel\">Bearbeiten<\/a><span class=\"mw-editsection-bracket\">]<\/span><\/span><\/h2>\n<p><b>Daniel Beichler:<\/b> Wir kommen eigentlich relativ gut rein und bekommen dann das Gegentor durch eine Standardsituation. Die Mannschaft hat sich aber nicht gro\u00dfartig beeindrucken lassen, war weiterhin am Dr\u00fccker und schon in der ersten Halbzeit das bessere Team, wir hatten drei, vier richtig gute M\u00f6glichkeiten. Dann haben wir im zweiten Durchgang gleich das Tor erzielt und daraufhin direkt zwei Gro\u00dfchancen vorgefunden \u2013 da m\u00fcssen wir einfach das 2:1 erzielen. Komplett aus dem Nichts kriegen wir dann ein sehr billiges Gegentor, da war danach schon ein Bruch drinnen. Der Gegner hat\u2019s in der Folge sehr clever gemacht, und mit dem Dritten war\u2019s gegessen. Ich kann der Mannschaft nur ein Kompliment aussprechen. Es war richtig gut heute, dementsprechend entt\u00e4uscht sind wir alle, dass man so ein Spiel verliert.\n<\/p>\n<\/div>\n","protected":false},"excerpt":{"rendered":"<p>FC Liefering gegen SKU Amstetten, 1:3 Spieltag 2. Liga &#8211; 15. Runde Datum 30 November 2024 Anpfiff 14:30 Uhr Aufstellung Tor Salko Hamzic Verteidigung Tim Trummer &#8211; Bryan Okoh &#8211; John Mellberg &#8211;Jakob Brandtner Mittelfeld Oliver Lukic &#8211; Gaoussou Diakite &#8211; Tolgahan Sahin &#8211;Zeteny Jano &#8211; Sturm Phillip Verhounig &#8211; Luka Reischl Wechsel Wechsel Kristjan [&hellip;]<\/p>\n","protected":false},"author":1,"featured_media":0,"comment_status":"open","ping_status":"open","sticky":false,"template":"","format":"standard","meta":{"footnotes":""},"categories":[426],"tags":[],"class_list":["post-640","post","type-post","status-publish","format-standard","hentry","category-15-runde-saison-2024"],"_links":{"self":[{"href":"https:\/\/wiki.s12.at\/index.php\/wp-json\/wp\/v2\/posts\/640","targetHints":{"allow":["GET"]}}],"collection":[{"href":"https:\/\/wiki.s12.at\/index.php\/wp-json\/wp\/v2\/posts"}],"about":[{"href":"https:\/\/wiki.s12.at\/index.php\/wp-json\/wp\/v2\/types\/post"}],"author":[{"embeddable":true,"href":"https:\/\/wiki.s12.at\/index.php\/wp-json\/wp\/v2\/users\/1"}],"replies":[{"embeddable":true,"href":"https:\/\/wiki.s12.at\/index.php\/wp-json\/wp\/v2\/comments?post=640"}],"version-history":[{"count":0,"href":"https:\/\/wiki.s12.at\/index.php\/wp-json\/wp\/v2\/posts\/640\/revisions"}],"wp:attachment":[{"href":"https:\/\/wiki.s12.at\/index.php\/wp-json\/wp\/v2\/media?parent=640"}],"wp:term":[{"taxonomy":"category","embeddable":true,"href":"https:\/\/wiki.s12.at\/index.php\/wp-json\/wp\/v2\/categories?post=640"},{"taxonomy":"post_tag","embeddable":true,"href":"https:\/\/wiki.s12.at\/index.php\/wp-json\/wp\/v2\/tags?post=640"}],"curies":[{"name":"wp","href":"https:\/\/api.w.org\/{rel}","templated":true}]}}