{"id":629,"date":"2026-05-06T13:05:13","date_gmt":"2026-05-06T11:05:13","guid":{"rendered":"http:\/\/wiki.s12.at\/index.php\/2026\/05\/06\/15-runde-saison-2016-17-fc-red-bull-salzburg-gegen-sk-rapid-wien\/"},"modified":"2026-05-06T13:05:13","modified_gmt":"2026-05-06T11:05:13","slug":"15-runde-saison-2016-17-fc-red-bull-salzburg-gegen-sk-rapid-wien","status":"publish","type":"post","link":"https:\/\/wiki.s12.at\/index.php\/2026\/05\/06\/15-runde-saison-2016-17-fc-red-bull-salzburg-gegen-sk-rapid-wien\/","title":{"rendered":"17, FC Red Bull Salzburg gegen SK Rapid Wien"},"content":{"rendered":"<div class=\"mw-parser-output\">\n<h2><span class=\"mw-headline\" id=\"Fakten\">Fakten<\/span><a href=\"\/index.php?title=15._Runde,_Saison_2016\/17,_FC_Red_Bull_Salzburg_gegen_SK_Rapid_Wien&amp;action=edit&amp;section=1\" title=\"Abschnitt bearbeiten: Fakten\">Bearbeiten<\/a><span class=\"mw-editsection-bracket\">]<\/span><\/span><\/h2>\n<table class=\"toptextcells toccolours\">\n<tbody>\n<tr>\n<th colspan=\"2\" style=\"text-align: center; vertical-align: top; padding: 0.3em 0.8em; font-size: 125%; background-color: lightsteelblue;\">FC Red Bull Salzburg gegen SK Rapid Wien, 2:1\n<\/th>\n<\/tr>\n<tr>\n<th style=\"text-align:left;\"><b>Spieltag<\/b>\n<\/th>\n<th style=\"text-align:left;\">Bundesliga &#8211; 15. Spieltag\n<\/th>\n<\/tr>\n<tr>\n<th style=\"text-align:left;\"><b>Datum<\/b>\n<\/th>\n<th style=\"text-align:left;\">20. November 2016\n<\/th>\n<\/tr>\n<tr>\n<th style=\"text-align:left;\"><b>Anpfiff<\/b>\n<\/th>\n<th style=\"text-align:left;\">16.30 Uhr\n<\/th>\n<\/tr>\n<tr>\n<td colspan=\"2\" style=\"text-align:center;\" bgcolor=\"lightgray\"><b>Aufstellung<\/b>\n<\/td>\n<\/tr>\n<tr>\n<th style=\"text-align:left;\"><b>Tor<\/b>\n<\/th>\n<th><a href=\"\/Alexander_Walke\" title=\"Alexander Walke\">Alexander Walke<\/a>\n<\/th>\n<\/tr>\n<tr>\n<th style=\"text-align:left;\"><b>Verteidigung<\/b>\n<\/th>\n<th><a href=\"\/Stefan_Lainer\" title=\"Stefan Lainer\">Stefan Lainer<\/a> &#8211; <a href=\"\/Paulo_Miranda\" title=\"Paulo Miranda\">Paulo Miranda<\/a> &#8211; <a href=\"\/Duje_Caleta-Car\" title=\"Duje Caleta-Car\">Duje Caleta-Car<\/a> &#8211; <a href=\"\/Andreas_Ulmer\" title=\"Andreas Ulmer\">Andreas Ulmer<\/a>\n<\/th>\n<\/tr>\n<tr>\n<th style=\"text-align:left;\"><b>Mittelfeld<\/b>\n<\/th>\n<th><a href=\"\/Diadie_Samassekou\" title=\"Diadie Samassekou\">Diadie Samassekou<\/a> &#8211; <a href=\"\/Konrad_Laimer\" title=\"Konrad Laimer\">Konrad Laimer<\/a> &#8211; <a href=\"\/Valentino_Lazaro\" title=\"Valentino Lazaro\">Valentino Lazaro<\/a> &#8211; <a href=\"\/Valon_Berisha\" title=\"Valon Berisha\">Valon Berisha<\/a>\n<\/th>\n<\/tr>\n<tr>\n<th style=\"text-align:left;\"><b>Sturm<\/b>\n<\/th>\n<th><a href=\"\/Munas_Dabbur\" title=\"Munas Dabbur\">Munas Dabbur<\/a> &#8211; <a href=\"\/Fredrik_Gulbrandsen\" title=\"Fredrik Gulbrandsen\">Fredrik Gulbrandsen<\/a>\n<\/th>\n<\/tr>\n<tr>\n<td colspan=\"2\" style=\"text-align:center;\" bgcolor=\"lightgray\"><b>Wechsel<\/b>\n<\/td>\n<\/tr>\n<tr>\n<th style=\"text-align:left;\"><b>Wechsel<\/b>\n<\/th>\n<th style=\"text-align:left;\"><a href=\"\/Josip_Radosevic\" title=\"Josip Radosevic\">Josip Radosevic<\/a> f\u00fcr Gulbrandsen (73.), <a href=\"\/Reinhold_Yabo\" title=\"Reinhold Yabo\">Reinhold Yabo<\/a> f\u00fcr Samassekou (88.), <a href=\"\/Andre_Wisdom\" title=\"Andre Wisdom\">Andre Wisdom<\/a> f\u00fcr Dabbur (95.)\n<\/th>\n<\/tr>\n<tr>\n<td colspan=\"2\" style=\"text-align:center;\" bgcolor=\"lightgray\"><b>Statistik<\/b>\n<\/td>\n<\/tr>\n<tr>\n<th style=\"text-align:left;\"><b>Endstand<\/b>\n<\/th>\n<th style=\"text-align:left;\">2:1 (2:0)\n<\/th>\n<\/tr>\n<tr>\n<th style=\"text-align:left;\"><b>Torsch\u00fctzen<\/b>\n<\/th>\n<th style=\"text-align:left;\">Dabbur (8.), Lainer (46.); Tomi (92.,E.)\n<\/th>\n<\/tr>\n<tr>\n<th style=\"text-align:left;\"><b>Gelbe Karten<\/b>\n<\/th>\n<th style=\"text-align:left;\">Lainer (58.), Lazaro (75.), Miranda (93.); Grahovac (37.), Schrammel (71.), Tomi (92.) Hofmann (97.)\n<\/th>\n<\/tr>\n<tr>\n<th style=\"text-align:left;\"><b>Rote Karten<\/b>\n<\/th>\n<th style=\"text-align:left;\">gelb-rote Miranda (93.); Sonnleitner (94.)\n<\/th>\n<\/tr>\n<tr>\n<th style=\"text-align:left;\"><b>Schiedsrichter<\/b>\n<\/th>\n<th style=\"text-align:left;\">Alexander Harkam\n<\/th>\n<\/tr>\n<tr>\n<th style=\"text-align:left;\"><b>Stadion<\/b>\n<\/th>\n<th style=\"text-align:left;\">EM-Stadion, Wals-Siezenheim\n<\/th>\n<\/tr>\n<tr>\n<th style=\"text-align:left;\"><b>Zuschauer<\/b>\n<\/th>\n<th style=\"text-align:left;\">15 082\n<\/th>\n<\/tr>\n<\/tbody>\n<\/table>\n<h2><span class=\"mw-headline\" id=\"Bilder\">Bilder<\/span><a href=\"\/index.php?title=15._Runde,_Saison_2016\/17,_FC_Red_Bull_Salzburg_gegen_SK_Rapid_Wien&amp;action=edit&amp;section=2\" title=\"Abschnitt bearbeiten: Bilder\">Bearbeiten<\/a><span class=\"mw-editsection-bracket\">]<\/span><\/span><\/h2>\n<p>(c) GEPA\n<\/p>\n<ul class=\"gallery mw-gallery-traditional\">\n<li class=\"gallerybox\" style=\"width: 155px\">\n<div style=\"width: 155px\">\n<div class=\"thumb\" style=\"width: 150px;\">\n<div style=\"margin:30px auto;\"><a href=\"\/Datei:FCSSKR_(2).jpg\" class=\"image\"><img alt=\"FCSSKR (2).jpg\" src=\"\/images\/thumb\/2\/26\/FCSSKR_%282%29.jpg\/120px-FCSSKR_%282%29.jpg\" decoding=\"async\" width=\"120\" height=\"90\" srcset=\"\/images\/thumb\/2\/26\/FCSSKR_%282%29.jpg\/180px-FCSSKR_%282%29.jpg 1.5x, \/images\/thumb\/2\/26\/FCSSKR_%282%29.jpg\/240px-FCSSKR_%282%29.jpg 2x\" \/><\/a><\/div>\n<\/div>\n<div class=\"gallerytext\">\n\t\t\t<\/div>\n<\/p><\/div>\n<\/li>\n<li class=\"gallerybox\" style=\"width: 155px\">\n<div style=\"width: 155px\">\n<div class=\"thumb\" style=\"width: 150px;\">\n<div style=\"margin:30px auto;\"><a href=\"\/Datei:FCSSKR_(1).jpg\" class=\"image\"><img alt=\"FCSSKR (1).jpg\" src=\"\/images\/thumb\/6\/64\/FCSSKR_%281%29.jpg\/120px-FCSSKR_%281%29.jpg\" decoding=\"async\" width=\"120\" height=\"90\" srcset=\"\/images\/thumb\/6\/64\/FCSSKR_%281%29.jpg\/180px-FCSSKR_%281%29.jpg 1.5x, \/images\/thumb\/6\/64\/FCSSKR_%281%29.jpg\/240px-FCSSKR_%281%29.jpg 2x\" \/><\/a><\/div>\n<\/div>\n<div class=\"gallerytext\">\n\t\t\t<\/div>\n<\/p><\/div>\n<\/li>\n<li class=\"gallerybox\" style=\"width: 155px\">\n<div style=\"width: 155px\">\n<div class=\"thumb\" style=\"width: 150px;\">\n<div style=\"margin:35px auto;\"><a href=\"\/Datei:FCSSKR_(6).jpg\" class=\"image\"><img alt=\"FCSSKR (6).jpg\" src=\"\/images\/thumb\/2\/2b\/FCSSKR_%286%29.jpg\/120px-FCSSKR_%286%29.jpg\" decoding=\"async\" width=\"120\" height=\"80\" srcset=\"\/images\/thumb\/2\/2b\/FCSSKR_%286%29.jpg\/180px-FCSSKR_%286%29.jpg 1.5x, \/images\/thumb\/2\/2b\/FCSSKR_%286%29.jpg\/240px-FCSSKR_%286%29.jpg 2x\" \/><\/a><\/div>\n<\/div>\n<div class=\"gallerytext\">\n\t\t\t<\/div>\n<\/p><\/div>\n<\/li>\n<li class=\"gallerybox\" style=\"width: 155px\">\n<div style=\"width: 155px\">\n<div class=\"thumb\" style=\"width: 150px;\">\n<div style=\"margin:15px auto;\"><a href=\"\/Datei:FCSSKR_(3).jpg\" class=\"image\"><img loading=\"lazy\" alt=\"FCSSKR (3).jpg\" src=\"\/images\/thumb\/b\/bb\/FCSSKR_%283%29.jpg\/80px-FCSSKR_%283%29.jpg\" decoding=\"async\" width=\"80\" height=\"120\" srcset=\"\/images\/thumb\/b\/bb\/FCSSKR_%283%29.jpg\/120px-FCSSKR_%283%29.jpg 1.5x, \/images\/thumb\/b\/bb\/FCSSKR_%283%29.jpg\/160px-FCSSKR_%283%29.jpg 2x\" \/><\/a><\/div>\n<\/div>\n<div class=\"gallerytext\">\n\t\t\t<\/div>\n<\/p><\/div>\n<\/li>\n<li class=\"gallerybox\" style=\"width: 155px\">\n<div style=\"width: 155px\">\n<div class=\"thumb\" style=\"width: 150px;\">\n<div style=\"margin:35px auto;\"><a href=\"\/Datei:FCSSKR_(4).jpg\" class=\"image\"><img loading=\"lazy\" alt=\"FCSSKR (4).jpg\" src=\"\/images\/thumb\/7\/7c\/FCSSKR_%284%29.jpg\/120px-FCSSKR_%284%29.jpg\" decoding=\"async\" width=\"120\" height=\"80\" srcset=\"\/images\/thumb\/7\/7c\/FCSSKR_%284%29.jpg\/180px-FCSSKR_%284%29.jpg 1.5x, \/images\/thumb\/7\/7c\/FCSSKR_%284%29.jpg\/240px-FCSSKR_%284%29.jpg 2x\" \/><\/a><\/div>\n<\/div>\n<div class=\"gallerytext\">\n\t\t\t<\/div>\n<\/p><\/div>\n<\/li>\n<li class=\"gallerybox\" style=\"width: 155px\">\n<div style=\"width: 155px\">\n<div class=\"thumb\" style=\"width: 150px;\">\n<div style=\"margin:35px auto;\"><a href=\"\/Datei:FCSSKR_(5).jpg\" class=\"image\"><img loading=\"lazy\" alt=\"FCSSKR (5).jpg\" src=\"\/images\/thumb\/6\/6b\/FCSSKR_%285%29.jpg\/120px-FCSSKR_%285%29.jpg\" decoding=\"async\" width=\"120\" height=\"80\" srcset=\"\/images\/thumb\/6\/6b\/FCSSKR_%285%29.jpg\/180px-FCSSKR_%285%29.jpg 1.5x, \/images\/thumb\/6\/6b\/FCSSKR_%285%29.jpg\/240px-FCSSKR_%285%29.jpg 2x\" \/><\/a><\/div>\n<\/div>\n<div class=\"gallerytext\">\n\t\t\t<\/div>\n<\/p><\/div>\n<\/li>\n<\/ul>\n<h2><span class=\"mw-headline\" id=\"Weblinks\">Weblinks<\/span><a href=\"\/index.php?title=15._Runde,_Saison_2016\/17,_FC_Red_Bull_Salzburg_gegen_SK_Rapid_Wien&amp;action=edit&amp;section=3\" title=\"Abschnitt bearbeiten: Weblinks\">Bearbeiten<\/a><span class=\"mw-editsection-bracket\">]<\/span><\/span><\/h2>\n<p><a rel=\"nofollow\" class=\"external text\" href=\"http:\/\/www.redbullsalzburg.at\/de\/fc-red-bull-salzburg\/news\/saison_2016_17\/rote-bullen-gewinnen-emotionsgeladenes-heimspiel-gegen-rapid-wien.html\">Spielbericht Vereinshomepage<\/a>\n<\/p>\n<p><a rel=\"nofollow\" class=\"external text\" href=\"https:\/\/www.salzburg12.at\/2016\/11\/21-heimerfolg-gegen-rapid-drueckend-ueberlegene-salzburger-lassen-gruen-weiss-keine-chance\/\">Spielbericht salzburg12.at<\/a>\n<\/p>\n<p>&lt;youtube&gt;xTIHkScBy_w&lt;\/youtube&gt;\n<\/p>\n<h2><span class=\"mw-headline\" id=\"Stimmen_zum_Spiel\">Stimmen zum Spiel<\/span><a href=\"\/index.php?title=15._Runde,_Saison_2016\/17,_FC_Red_Bull_Salzburg_gegen_SK_Rapid_Wien&amp;action=edit&amp;section=4\" title=\"Abschnitt bearbeiten: Stimmen zum Spiel\">Bearbeiten<\/a><span class=\"mw-editsection-bracket\">]<\/span><\/span><\/h2>\n<p><b>Oscar Garcia:<\/b> Obwohl wir in der ersten Halbzeit etwas st\u00e4rker waren, bin ich mit der Gesamtleistung meiner Spieler sehr zufrieden. Ich erwarte von ihnen, dass sie auf h\u00f6chstem Niveau spielen, und das haben sie heute auch gezeigt. Die Partie h\u00e4tte jedoch nicht in einem Gefecht enden m\u00fcssen, das hat mir nicht gefallen und daf\u00fcr wird es auch Konsequenzen geben.\n<\/p>\n<p><b>Valentino Laazaro:<\/b> Wir sind heute sehr gut in die Partie gestartet und mit viel Selbstvertrauen aufgetreten. So, wie wir heute gespielt haben, m\u00fcssen wir in jedem Spiel auftreten. Wir m\u00fcssen unsere Spiele gewinnen und d\u00fcrfen nicht zu sehr auf die anderen schauen, aber klar, der Blick heute auf die Tabelle ist deutlich angenehmer als gestern.\n<\/p>\n<\/div>\n","protected":false},"excerpt":{"rendered":"<p>FaktenBearbeiten] FC Red Bull Salzburg gegen SK Rapid Wien, 2:1 Spieltag Bundesliga &#8211; 15. Spieltag Datum 20. November 2016 Anpfiff 16.30 Uhr Aufstellung Tor Alexander Walke Verteidigung Stefan Lainer &#8211; Paulo Miranda &#8211; Duje Caleta-Car &#8211; Andreas Ulmer Mittelfeld Diadie Samassekou &#8211; Konrad Laimer &#8211; Valentino Lazaro &#8211; Valon Berisha Sturm Munas Dabbur &#8211; Fredrik [&hellip;]<\/p>\n","protected":false},"author":1,"featured_media":0,"comment_status":"open","ping_status":"open","sticky":false,"template":"","format":"standard","meta":{"footnotes":""},"categories":[483],"tags":[],"class_list":["post-629","post","type-post","status-publish","format-standard","hentry","category-15-runde-saison-2016"],"_links":{"self":[{"href":"https:\/\/wiki.s12.at\/index.php\/wp-json\/wp\/v2\/posts\/629","targetHints":{"allow":["GET"]}}],"collection":[{"href":"https:\/\/wiki.s12.at\/index.php\/wp-json\/wp\/v2\/posts"}],"about":[{"href":"https:\/\/wiki.s12.at\/index.php\/wp-json\/wp\/v2\/types\/post"}],"author":[{"embeddable":true,"href":"https:\/\/wiki.s12.at\/index.php\/wp-json\/wp\/v2\/users\/1"}],"replies":[{"embeddable":true,"href":"https:\/\/wiki.s12.at\/index.php\/wp-json\/wp\/v2\/comments?post=629"}],"version-history":[{"count":0,"href":"https:\/\/wiki.s12.at\/index.php\/wp-json\/wp\/v2\/posts\/629\/revisions"}],"wp:attachment":[{"href":"https:\/\/wiki.s12.at\/index.php\/wp-json\/wp\/v2\/media?parent=629"}],"wp:term":[{"taxonomy":"category","embeddable":true,"href":"https:\/\/wiki.s12.at\/index.php\/wp-json\/wp\/v2\/categories?post=629"},{"taxonomy":"post_tag","embeddable":true,"href":"https:\/\/wiki.s12.at\/index.php\/wp-json\/wp\/v2\/tags?post=629"}],"curies":[{"name":"wp","href":"https:\/\/api.w.org\/{rel}","templated":true}]}}