{"id":626,"date":"2026-05-06T13:05:11","date_gmt":"2026-05-06T11:05:11","guid":{"rendered":"http:\/\/wiki.s12.at\/index.php\/2026\/05\/06\/15-runde-saison-2014-15-scr-altach-gegen-fc-red-bull-salzburg\/"},"modified":"2026-05-06T13:05:11","modified_gmt":"2026-05-06T11:05:11","slug":"15-runde-saison-2014-15-scr-altach-gegen-fc-red-bull-salzburg","status":"publish","type":"post","link":"https:\/\/wiki.s12.at\/index.php\/2026\/05\/06\/15-runde-saison-2014-15-scr-altach-gegen-fc-red-bull-salzburg\/","title":{"rendered":"15, SCR Altach gegen FC Red Bull Salzburg"},"content":{"rendered":"<div class=\"mw-parser-output\">\n<h2><span class=\"mw-headline\" id=\"Fakten\">Fakten<\/span><a href=\"\/index.php?title=15._Runde,_Saison_2014\/15,_SCR_Altach_gegen_FC_Red_Bull_Salzburg&amp;action=edit&amp;section=1\" title=\"Abschnitt bearbeiten: Fakten\">Bearbeiten<\/a><span class=\"mw-editsection-bracket\">]<\/span><\/span><\/h2>\n<table class=\"toptextcells toccolours\">\n<tbody>\n<tr>\n<th colspan=\"2\" style=\"text-align: center; vertical-align: top; padding: 0.3em 0.8em; font-size: 125%; background-color: lightsteelblue;\">SCR Altach gegen FC Red Bull Salzburg, 4:1\n<\/th>\n<\/tr>\n<tr>\n<th style=\"text-align:left;\"><b>Spieltag<\/b>\n<\/th>\n<th style=\"text-align:left;\">Bundesliga &#8211; 15. Spieltag\n<\/th>\n<\/tr>\n<tr>\n<th style=\"text-align:left;\"><b>Datum<\/b>\n<\/th>\n<th style=\"text-align:left;\">9. November 2014\n<\/th>\n<\/tr>\n<tr>\n<th style=\"text-align:left;\"><b>Anpfiff<\/b>\n<\/th>\n<th style=\"text-align:left;\">17 Uhr\n<\/th>\n<\/tr>\n<tr>\n<td colspan=\"2\" style=\"text-align:center;\" bgcolor=\"lightgray\"><b>Aufstellung<\/b>\n<\/td>\n<\/tr>\n<tr>\n<th style=\"text-align:left;\"><b>Tor<\/b>\n<\/th>\n<th><a href=\"\/Peter_Gulacsi\" class=\"mw-redirect\" title=\"Peter Gulacsi\">Peter Gulacsi<\/a>\n<\/th>\n<\/tr>\n<tr>\n<th style=\"text-align:left;\"><b>Verteidigung<\/b>\n<\/th>\n<th><a href=\"\/Peter_Ankersen\" title=\"Peter Ankersen\">Peter Ankersen<\/a> &#8211; <a href=\"\/Franz_Schiemer\" title=\"Franz Schiemer\">Franz Schiemer<\/a> &#8211; <a href=\"\/Andre_Ramalho\" class=\"mw-redirect\" title=\"Andre Ramalho\">Andre Ramalho<\/a> &#8211; <a href=\"\/Andreas_Ulmer\" title=\"Andreas Ulmer\">Andreas Ulmer<\/a>\n<\/th>\n<\/tr>\n<tr>\n<th style=\"text-align:left;\"><b>Mittelfeld<\/b>\n<\/th>\n<th><a href=\"\/Naby_Keita\" title=\"Naby Keita\">Naby Keita<\/a> &#8211; <a href=\"\/Christoph_Leitgeb\" title=\"Christoph Leitgeb\">Christoph Leitgeb<\/a> &#8211; <a href=\"\/Konrad_Laimer\" title=\"Konrad Laimer\">Konrad Laimer<\/a> &#8211; <a href=\"\/Stefan_Ilsanker\" title=\"Stefan Ilsanker\">Stefan Ilsanker<\/a>\n<\/th>\n<\/tr>\n<tr>\n<th style=\"text-align:left;\"><b>Sturm<\/b>\n<\/th>\n<th><a href=\"\/Jonatan_Soriano\" title=\"Jonatan Soriano\">Jonatan Soriano<\/a> &#8211; <a href=\"\/Massimo_Bruno\" title=\"Massimo Bruno\">Massimo Bruno<\/a>\n<\/th>\n<\/tr>\n<tr>\n<td colspan=\"2\" style=\"text-align:center;\" bgcolor=\"lightgray\"><b>Wechsel<\/b>\n<\/td>\n<\/tr>\n<tr>\n<th style=\"text-align:left;\"><b>Wechsel<\/b>\n<\/th>\n<th style=\"text-align:left;\"><a href=\"\/Benno_Schmitz\" title=\"Benno Schmitz\">Benno Schmitz<\/a> f\u00fcr Ankersen (46.), <a href=\"\/Smail_Prevljak\" title=\"Smail Prevljak\">Smail Prevljak<\/a> f\u00fcr Laimer (62.),<a href=\"\/Marcel_Sabitzer\" title=\"Marcel Sabitzer\">Marcel Sabitzer<\/a> f\u00fcr Keita (74.)\n<\/th>\n<\/tr>\n<tr>\n<td colspan=\"2\" style=\"text-align:center;\" bgcolor=\"lightgray\"><b>Statistik<\/b>\n<\/td>\n<\/tr>\n<tr>\n<th style=\"text-align:left;\"><b>Endstand<\/b>\n<\/th>\n<th style=\"text-align:left;\">4:1 (1:0)\n<\/th>\n<\/tr>\n<tr>\n<th style=\"text-align:left;\"><b>Torsch\u00fctzen<\/b>\n<\/th>\n<th style=\"text-align:left;\">Aigner (4.), Tajouri (62.), Kovacec (81.), Ngwat-Mahop (85.); Bruno (53.)\n<\/th>\n<\/tr>\n<tr>\n<th style=\"text-align:left;\"><b>Gelbe Karten<\/b>\n<\/th>\n<th style=\"text-align:left;\">Prokopic (64.); Schiemer (73.), Sabitzer (87.)\n<\/th>\n<\/tr>\n<tr>\n<th style=\"text-align:left;\"><b>Rote Karten<\/b>\n<\/th>\n<th style=\"text-align:left;\">\n<\/th>\n<\/tr>\n<tr>\n<th style=\"text-align:left;\"><b>Schiedsrichter<\/b>\n<\/th>\n<th style=\"text-align:left;\">Christian Dintar\n<\/th>\n<\/tr>\n<tr>\n<th style=\"text-align:left;\"><b>Stadion<\/b>\n<\/th>\n<th style=\"text-align:left;\">Cashpoint-Arena, Altach\n<\/th>\n<\/tr>\n<tr>\n<th style=\"text-align:left;\"><b>Zuschauer<\/b>\n<\/th>\n<th style=\"text-align:left;\">\n<\/th>\n<\/tr>\n<\/tbody>\n<\/table>\n<ul>\n<li>Der 17-j\u00e4hrige <a href=\"\/Konrad_Laimer\" title=\"Konrad Laimer\">Konrad Laimer<\/a> stand zum ersten Mal in der Startelf.<\/li>\n<\/ul>\n<h2><span class=\"mw-headline\" id=\"Weblinks\">Weblinks<\/span><a href=\"\/index.php?title=15._Runde,_Saison_2014\/15,_SCR_Altach_gegen_FC_Red_Bull_Salzburg&amp;action=edit&amp;section=2\" title=\"Abschnitt bearbeiten: Weblinks\">Bearbeiten<\/a><span class=\"mw-editsection-bracket\">]<\/span><\/span><\/h2>\n<ul>\n<li><a rel=\"nofollow\" class=\"external text\" href=\"http:\/\/www.redbulls.com\/de\/fc-red-bull-salzburg\/news\/saison_2014_15\/rote-bullen-unterliegen-in-altach.html\">Spielbericht Vereinshomepage<\/a><\/li>\n<\/ul>\n<h2><span class=\"mw-headline\" id=\"Stimmen_zum_Spiel\">Stimmen zum Spiel<\/span><a href=\"\/index.php?title=15._Runde,_Saison_2014\/15,_SCR_Altach_gegen_FC_Red_Bull_Salzburg&amp;action=edit&amp;section=3\" title=\"Abschnitt bearbeiten: Stimmen zum Spiel\">Bearbeiten<\/a><span class=\"mw-editsection-bracket\">]<\/span><\/span><\/h2>\n<p>Adi H\u00fctter: &#8222;Wir waren heute in allen Belangen die schlechtere Mannschaft, hatten eigentlich nur nach dem 1:1 die M\u00f6glichkeit, zur\u00fcckzukommen. Nach dem Donnerstag-Spiel ist es eben dann immer schwierig in der Liga. Schade war auch, dass Kevin Kampl kurzfristig ausgefallen ist. Trotzdem \u00e4rgert mich die Art und Weise, wie wir heute verloren haben. Jetzt m\u00fcssen wir das Spiel schnell abhaken.&#8220;\n<\/p>\n<p>Peter Gulacsi: &#8222;Wir sind nicht gut gestartet, war viel zu passiv. Nach dem 0:1 lief es dann besser. Da haben wir auch den Ausgleich gemacht, dann aber wieder ein dummes Tor bekommen. Vielleicht waren wir heute aber auch nicht so frisch.&#8220;\n<\/p>\n<\/div>\n","protected":false},"excerpt":{"rendered":"<p>FaktenBearbeiten] SCR Altach gegen FC Red Bull Salzburg, 4:1 Spieltag Bundesliga &#8211; 15. Spieltag Datum 9. November 2014 Anpfiff 17 Uhr Aufstellung Tor Peter Gulacsi Verteidigung Peter Ankersen &#8211; Franz Schiemer &#8211; Andre Ramalho &#8211; Andreas Ulmer Mittelfeld Naby Keita &#8211; Christoph Leitgeb &#8211; Konrad Laimer &#8211; Stefan Ilsanker Sturm Jonatan Soriano &#8211; Massimo Bruno [&hellip;]<\/p>\n","protected":false},"author":1,"featured_media":0,"comment_status":"open","ping_status":"open","sticky":false,"template":"","format":"standard","meta":{"footnotes":""},"categories":[481],"tags":[],"class_list":["post-626","post","type-post","status-publish","format-standard","hentry","category-15-runde-saison-2014"],"_links":{"self":[{"href":"https:\/\/wiki.s12.at\/index.php\/wp-json\/wp\/v2\/posts\/626","targetHints":{"allow":["GET"]}}],"collection":[{"href":"https:\/\/wiki.s12.at\/index.php\/wp-json\/wp\/v2\/posts"}],"about":[{"href":"https:\/\/wiki.s12.at\/index.php\/wp-json\/wp\/v2\/types\/post"}],"author":[{"embeddable":true,"href":"https:\/\/wiki.s12.at\/index.php\/wp-json\/wp\/v2\/users\/1"}],"replies":[{"embeddable":true,"href":"https:\/\/wiki.s12.at\/index.php\/wp-json\/wp\/v2\/comments?post=626"}],"version-history":[{"count":0,"href":"https:\/\/wiki.s12.at\/index.php\/wp-json\/wp\/v2\/posts\/626\/revisions"}],"wp:attachment":[{"href":"https:\/\/wiki.s12.at\/index.php\/wp-json\/wp\/v2\/media?parent=626"}],"wp:term":[{"taxonomy":"category","embeddable":true,"href":"https:\/\/wiki.s12.at\/index.php\/wp-json\/wp\/v2\/categories?post=626"},{"taxonomy":"post_tag","embeddable":true,"href":"https:\/\/wiki.s12.at\/index.php\/wp-json\/wp\/v2\/tags?post=626"}],"curies":[{"name":"wp","href":"https:\/\/api.w.org\/{rel}","templated":true}]}}