{"id":565,"date":"2026-05-06T13:04:00","date_gmt":"2026-05-06T11:04:00","guid":{"rendered":"http:\/\/wiki.s12.at\/index.php\/2026\/05\/06\/15-runde-regionalliga-west-saison-2012-13-fc-liefering-gegen-fc-andelsbuch\/"},"modified":"2026-05-06T13:04:00","modified_gmt":"2026-05-06T11:04:00","slug":"15-runde-regionalliga-west-saison-2012-13-fc-liefering-gegen-fc-andelsbuch","status":"publish","type":"post","link":"https:\/\/wiki.s12.at\/index.php\/2026\/05\/06\/15-runde-regionalliga-west-saison-2012-13-fc-liefering-gegen-fc-andelsbuch\/","title":{"rendered":"13, FC Liefering gegen FC Andelsbuch"},"content":{"rendered":"<div class=\"mw-parser-output\">\n<h3><span class=\"mw-headline\" id=\"Fakten\">Fakten<\/span><a href=\"\/index.php?title=15.Runde,_Regionalliga_West,_Saison_2012\/13,_FC_Liefering_gegen_FC_Andelsbuch&amp;action=edit&amp;section=1\" title=\"Abschnitt bearbeiten: Fakten\">Bearbeiten<\/a><span class=\"mw-editsection-bracket\">]<\/span><\/span><\/h3>\n<p><b>Regionalliga West- 15. Spieltag: 27. Oktober 2012, 15.30 Uhr<\/b>\n<\/p>\n<table class=\"wikitable\">\n<caption><big>FC Liefering gegen FC Andelsbuch, 9:1 <\/big><br \/>\n<\/caption>\n<tbody>\n<tr>\n<td>Aufstellung:<\/td>\n<td><a href=\"\/Thomas_D%C3%A4hne\" title=\"Thomas D\u00e4hne\">Thomas D\u00e4hne<\/a> <a href=\"\/Rene_Aufhauser\" class=\"mw-redirect\" title=\"Rene Aufhauser\">Rene Aufhauser<\/a> <a href=\"\/Stefan_Lainer\" title=\"Stefan Lainer\">Stefan Lainer<\/a> <a href=\"\/Sandro_Djuric\" title=\"Sandro Djuric\">Sandro Djuric<\/a> <a href=\"\/Stefan_Savic\" title=\"Stefan Savic\">Stefan Savic<\/a> <a href=\"\/Daniel_Krenn\" title=\"Daniel Krenn\">Daniel Krenn<\/a> (41. <a href=\"\/Nikola_Dovedan\" title=\"Nikola Dovedan\">Nikola Dovedan<\/a>) <a href=\"\/Robert_V%C3%B6lkl\" title=\"Robert V\u00f6lkl\">Robert V\u00f6lkl<\/a> (73. <a href=\"\/Andreas_Bammer\" title=\"Andreas Bammer\">Andreas Bammer<\/a>) <a href=\"\/Felix_Adjei\" title=\"Felix Adjei\">Felix Adjei<\/a> <a href=\"\/Stefan_Schwendinger\" title=\"Stefan Schwendinger\">Stefan Schwendinger<\/a> <a href=\"\/Wolfgang_Mair\" title=\"Wolfgang Mair\">Wolfgang Mair<\/a> <a href=\"\/Mario_Konrad\" title=\"Mario Konrad\">Mario Konrad<\/a> (45. <a href=\"\/Andr%C3%A9_Ramalho_Silva\" class=\"mw-redirect\" title=\"Andr\u00e9 Ramalho Silva\">Andr\u00e9 Ramalho Silva<\/a>)\n<\/td>\n<\/tr>\n<tr>\n<td>Endstand:<\/td>\n<td>9:1 (3:1)\n<\/td>\n<\/tr>\n<tr>\n<td>Torsch\u00fctzen:<\/td>\n<td>Konrad (5.), Mair (20., 64.), Adjei (27.), Lainer (69.), Ramahlo Silva (74.), Bammer (78., 81., 87.); Ribeiro (40.)\n<\/td>\n<\/tr>\n<tr>\n<td>Gelbe Karten:<\/td>\n<td>Aufhauser (65.); Metzler (35.), da Silva (56.), Fink II (69.)\n<\/td>\n<\/tr>\n<tr>\n<td>Gelb-rote Karten:<\/td>\n<td>\n<\/td>\n<\/tr>\n<tr>\n<td>Rote Karten:<\/td>\n<td>\n<\/td>\n<\/tr>\n<tr>\n<td>Schiedsrichter:<\/td>\n<td>Hannes Hell\n<\/td>\n<\/tr>\n<tr>\n<td>Stadion:<\/td>\n<td>Akademie Liefering\n<\/td>\n<\/tr>\n<tr>\n<td>Zuschauer:<\/td>\n<td>80\n<\/td>\n<\/tr>\n<\/tbody>\n<\/table>\n<h2><span class=\"mw-headline\" id=\"Weblinks\">Weblinks<\/span><a href=\"\/index.php?title=15.Runde,_Regionalliga_West,_Saison_2012\/13,_FC_Liefering_gegen_FC_Andelsbuch&amp;action=edit&amp;section=2\" title=\"Abschnitt bearbeiten: Weblinks\">Bearbeiten<\/a><span class=\"mw-editsection-bracket\">]<\/span><\/span><\/h2>\n<ul>\n<li><a rel=\"nofollow\" class=\"external text\" href=\"http:\/\/www.regionalliga.at\/west\/spielbericht\/2012_2013\/2325\/fc-liefering---fc-andelsbuch\/daten\/\">Spielbericht auf regionalliga.at<\/a><\/li>\n<li><a rel=\"nofollow\" class=\"external text\" href=\"http:\/\/www.salzburg12.at\/2012\/10\/alle-neune-fc-liefering-nach-91-torfestival-herbstmeister\/\">Spielbericht auf salzburg12.at<\/a><\/li>\n<\/ul>\n<\/div>\n","protected":false},"excerpt":{"rendered":"<p>FaktenBearbeiten] Regionalliga West- 15. Spieltag: 27. Oktober 2012, 15.30 Uhr FC Liefering gegen FC Andelsbuch, 9:1 Aufstellung: Thomas D\u00e4hne Rene Aufhauser Stefan Lainer Sandro Djuric Stefan Savic Daniel Krenn (41. Nikola Dovedan) Robert V\u00f6lkl (73. Andreas Bammer) Felix Adjei Stefan Schwendinger Wolfgang Mair Mario Konrad (45. Andr\u00e9 Ramalho Silva) Endstand: 9:1 (3:1) Torsch\u00fctzen: Konrad (5.), [&hellip;]<\/p>\n","protected":false},"author":1,"featured_media":0,"comment_status":"open","ping_status":"open","sticky":false,"template":"","format":"standard","meta":{"footnotes":""},"categories":[425],"tags":[],"class_list":["post-565","post","type-post","status-publish","format-standard","hentry","category-15-runde-regionalliga-west-saison-2012"],"_links":{"self":[{"href":"https:\/\/wiki.s12.at\/index.php\/wp-json\/wp\/v2\/posts\/565","targetHints":{"allow":["GET"]}}],"collection":[{"href":"https:\/\/wiki.s12.at\/index.php\/wp-json\/wp\/v2\/posts"}],"about":[{"href":"https:\/\/wiki.s12.at\/index.php\/wp-json\/wp\/v2\/types\/post"}],"author":[{"embeddable":true,"href":"https:\/\/wiki.s12.at\/index.php\/wp-json\/wp\/v2\/users\/1"}],"replies":[{"embeddable":true,"href":"https:\/\/wiki.s12.at\/index.php\/wp-json\/wp\/v2\/comments?post=565"}],"version-history":[{"count":0,"href":"https:\/\/wiki.s12.at\/index.php\/wp-json\/wp\/v2\/posts\/565\/revisions"}],"wp:attachment":[{"href":"https:\/\/wiki.s12.at\/index.php\/wp-json\/wp\/v2\/media?parent=565"}],"wp:term":[{"taxonomy":"category","embeddable":true,"href":"https:\/\/wiki.s12.at\/index.php\/wp-json\/wp\/v2\/categories?post=565"},{"taxonomy":"post_tag","embeddable":true,"href":"https:\/\/wiki.s12.at\/index.php\/wp-json\/wp\/v2\/tags?post=565"}],"curies":[{"name":"wp","href":"https:\/\/api.w.org\/{rel}","templated":true}]}}