{"id":5502,"date":"2026-05-06T16:21:15","date_gmt":"2026-05-06T14:21:15","guid":{"rendered":"https:\/\/wiki.s12.at\/index.php\/2026\/05\/06\/nationalliga-saison-1972-73-austria-salzburg-rapid-wien\/"},"modified":"2026-05-06T16:21:15","modified_gmt":"2026-05-06T14:21:15","slug":"nationalliga-saison-1972-73-austria-salzburg-rapid-wien","status":"publish","type":"post","link":"https:\/\/wiki.s12.at\/index.php\/2026\/05\/06\/nationalliga-saison-1972-73-austria-salzburg-rapid-wien\/","title":{"rendered":"73 Austria Salzburg &#8211; Rapid Wien"},"content":{"rendered":"<div class=\"mw-parser-output\">\n<h3><span class=\"mw-headline\" id=\"Fakten\">Fakten<\/span><a href=\"\/index.php?title=Nationalliga_Saison_1972\/73_Austria_Salzburg_-_Rapid_Wien&amp;action=edit&amp;section=1\" title=\"Abschnitt bearbeiten: Fakten\">Bearbeiten<\/a><span class=\"mw-editsection-bracket\">]<\/span><\/span><\/h3>\n<p><b>Nationalliga &#8211; 12. Spieltag: 14. November 1972, 14.30 UHr<\/b><br \/>\n\n<\/p>\n<table class=\"wikitable\">\n<caption><b><big> SV Austria Salzburg gegen SK Rapid Wien, 2:0<\/big><\/b><br \/>\n<\/caption>\n<tbody>\n<tr>\n<td>Aufstellung:<\/td>\n<td><a href=\"\/Wilhelm_Kaipel\" title=\"Wilhelm Kaipel\">Wilhelm Kaipel<\/a>, <a href=\"\/Adolf_Macek\" title=\"Adolf Macek\">Adolf Macek<\/a> , <a href=\"\/Gerhard_Mairhuber\" title=\"Gerhard Mairhuber\">Gerhard Mairhuber<\/a>, <a href=\"\/Artur_Kibler\" title=\"Artur Kibler\">Artur Kibler<\/a>, <a href=\"\/Gerhard_Filzmoser\" title=\"Gerhard Filzmoser\">Gerhard Filzmoser<\/a> , <br \/><a href=\"\/Heinz_Libuda\" title=\"Heinz Libuda\">Heinz Libuda<\/a>, <a href=\"\/Horst_Hirnschrodt\" title=\"Horst Hirnschrodt\">Horst Hirnschrodt<\/a>, <a href=\"\/Peter_Grosser\" title=\"Peter Grosser\">Peter Grosser<\/a> , <a href=\"\/Hans-Dieter_Wei%C3%9F\" title=\"Hans-Dieter Wei\u00df\">Hans-Dieter Wei\u00df<\/a>, <a href=\"\/Karl_Ritter\" title=\"Karl Ritter\">Karl Ritter<\/a>, <a href=\"\/Alfred_Hala\" title=\"Alfred Hala\">Alfred Hala<\/a>\n<\/td>\n<\/tr>\n<tr>\n<td>Endstand:<\/td>\n<td>2:0 (0:0)\n<\/td>\n<\/tr>\n<tr>\n<td>Torsch\u00fctzen:<\/td>\n<td>Grosser (52.), Wei\u00df (74.)\n<\/td>\n<\/tr>\n<tr>\n<td>Gelbe Karten:<\/td>\n<td>\n<\/td>\n<\/tr>\n<tr>\n<td>Gelb-rote Karten:<\/td>\n<td>\n<\/td>\n<\/tr>\n<tr>\n<td>Rote Karten:<\/td>\n<td>\n<\/td>\n<\/tr>\n<tr>\n<td>Schiedsrichter:<\/td>\n<td>Adolf Mathias\n<\/td>\n<\/tr>\n<tr>\n<td>Stadion:<\/td>\n<td>Stadion Lehen, Salzburg\n<\/td>\n<\/tr>\n<tr>\n<td>Zuschauer:<\/td>\n<td>12 000\n<\/td>\n<\/tr>\n<\/tbody>\n<\/table>\n<\/div>\n","protected":false},"excerpt":{"rendered":"<p>FaktenBearbeiten] Nationalliga &#8211; 12. Spieltag: 14. November 1972, 14.30 UHr SV Austria Salzburg gegen SK Rapid Wien, 2:0 Aufstellung: Wilhelm Kaipel, Adolf Macek , Gerhard Mairhuber, Artur Kibler, Gerhard Filzmoser , Heinz Libuda, Horst Hirnschrodt, Peter Grosser , Hans-Dieter Wei\u00df, Karl Ritter, Alfred Hala Endstand: 2:0 (0:0) Torsch\u00fctzen: Grosser (52.), Wei\u00df (74.) Gelbe Karten: Gelb-rote [&hellip;]<\/p>\n","protected":false},"author":1,"featured_media":0,"comment_status":"open","ping_status":"open","sticky":false,"template":"","format":"standard","meta":{"footnotes":""},"categories":[2478],"tags":[],"class_list":["post-5502","post","type-post","status-publish","format-standard","hentry","category-nationalliga-saison-1972"],"_links":{"self":[{"href":"https:\/\/wiki.s12.at\/index.php\/wp-json\/wp\/v2\/posts\/5502","targetHints":{"allow":["GET"]}}],"collection":[{"href":"https:\/\/wiki.s12.at\/index.php\/wp-json\/wp\/v2\/posts"}],"about":[{"href":"https:\/\/wiki.s12.at\/index.php\/wp-json\/wp\/v2\/types\/post"}],"author":[{"embeddable":true,"href":"https:\/\/wiki.s12.at\/index.php\/wp-json\/wp\/v2\/users\/1"}],"replies":[{"embeddable":true,"href":"https:\/\/wiki.s12.at\/index.php\/wp-json\/wp\/v2\/comments?post=5502"}],"version-history":[{"count":0,"href":"https:\/\/wiki.s12.at\/index.php\/wp-json\/wp\/v2\/posts\/5502\/revisions"}],"wp:attachment":[{"href":"https:\/\/wiki.s12.at\/index.php\/wp-json\/wp\/v2\/media?parent=5502"}],"wp:term":[{"taxonomy":"category","embeddable":true,"href":"https:\/\/wiki.s12.at\/index.php\/wp-json\/wp\/v2\/categories?post=5502"},{"taxonomy":"post_tag","embeddable":true,"href":"https:\/\/wiki.s12.at\/index.php\/wp-json\/wp\/v2\/tags?post=5502"}],"curies":[{"name":"wp","href":"https:\/\/api.w.org\/{rel}","templated":true}]}}