{"id":5395,"date":"2026-05-06T16:19:09","date_gmt":"2026-05-06T14:19:09","guid":{"rendered":"https:\/\/wiki.s12.at\/index.php\/2026\/05\/06\/meisterkader-2014-15\/"},"modified":"2026-05-06T16:19:09","modified_gmt":"2026-05-06T14:19:09","slug":"meisterkader-2014-15","status":"publish","type":"post","link":"https:\/\/wiki.s12.at\/index.php\/2026\/05\/06\/meisterkader-2014-15\/","title":{"rendered":"15"},"content":{"rendered":"<div class=\"mw-parser-output\">\n<table class=\"wikitable\" width=\"750\">\n<tbody>\n<tr>\n<td bgcolor=\"#FFFFFF\" align=\"center\" width=\"80\"><b>2014\/15<\/b>\n<\/td>\n<td bgcolor=\"#E8E8E8\" width=\"700\">\n<ul>\n<li><b>Torh\u00fcter<\/b>:<i>31<\/i> <a href=\"\/P%C3%A9ter_Gul%C3%A1csi\" title=\"P\u00e9ter Gul\u00e1csi\">P\u00e9ter Gul\u00e1csi<\/a> , <i>33<\/i> <a href=\"\/Alexander_Walke\" title=\"Alexander Walke\">Alexander Walke<\/a>, <i>40<\/i> <a href=\"\/Fabian_Bredlow\" title=\"Fabian Bredlow\">Fabian Bredlow<\/a> <\/li>\n<li><b>Verteidiger<\/b>:<i>2<\/i> <a href=\"\/Benno_Schmitz\" title=\"Benno Schmitz\">Benno Schmitz<\/a> , <i>4<\/i> <a href=\"\/Peter_Ankersen\" title=\"Peter Ankersen\">Peter Ankersen<\/a> ,  <i>5<\/i> <a href=\"\/Andre_Ramalho\" class=\"mw-redirect\" title=\"Andre Ramalho\">Andre Ramalho<\/a>, <i>6<\/i> <a href=\"\/Christian_Schwegler\" title=\"Christian Schwegler\">Christian Schwegler<\/a> , <i>17<\/i> <a href=\"\/Andreas_Ulmer\" title=\"Andreas Ulmer\">Andreas Ulmer<\/a> , <i>25<\/i> <a href=\"\/Isaac_Vorsah\" title=\"Isaac Vorsah\">Isaac Vorsah<\/a> ,<i>36<\/i> <a href=\"\/Martin_Hinteregger\" title=\"Martin Hinteregger\">Martin Hinteregger<\/a>,<br \/><i>45<\/i> <a href=\"\/Duje_Caleta-Car\" title=\"Duje Caleta-Car\">Duje Caleta-Car<\/a> (0\/0)<\/li>\n<li><b>Mittelfeldspieler<\/b>: <i>7<\/i> <a href=\"\/Marcel_Sabitzer\" title=\"Marcel Sabitzer\">Marcel Sabitzer<\/a> , <i>8<\/i> <a href=\"\/Naby_Keita\" title=\"Naby Keita\">Naby Keita<\/a> ,<i>11<\/i> <a href=\"\/Felipe_Pires\" title=\"Felipe Pires\">Felipe Pires<\/a>,  <i>13<\/i> <a href=\"\/Stefan_Ilsanker\" title=\"Stefan Ilsanker\">Stefan Ilsanker<\/a> , <i>14<\/i> <a href=\"\/Valon_Berisha\" title=\"Valon Berisha\">Valon Berisha<\/a> , <i>20<\/i>  <a href=\"\/David_Atanga\" title=\"David Atanga\">David Atanga<\/a> , <i>24<\/i> <a href=\"\/Christoph_Leitgeb\" title=\"Christoph Leitgeb\">Christoph Leitgeb<\/a> , <i>37<\/i> <a href=\"\/Valentino_Lazaro\" title=\"Valentino Lazaro\">Valentino Lazaro<\/a> , <i>41<\/i> <a href=\"\/Konrad_Laimer\" title=\"Konrad Laimer\">Konrad Laimer<\/a> (0\/0), <i>77<\/i> <a href=\"\/Massimo_Bruno\" title=\"Massimo Bruno\">Massimo Bruno<\/a> (0\/0)<\/li>\n<li><b>St\u00fcrmer<\/b>:<i>9<\/i> <a href=\"\/Marco_Djuricin\" title=\"Marco Djuricin\">Marco Djuricin<\/a>, <i>18<\/i> <a href=\"\/Takumi_Minamino\" title=\"Takumi Minamino\">Takumi Minamino<\/a>, <i>26<\/i> <a href=\"\/Jonatan_Soriano\" title=\"Jonatan Soriano\">Jonatan Soriano<\/a> (0\/0) <a href=\"\/Datei:Captain_sports.svg\" class=\"image\" title=\"Kapit\u00e4n der Mannschaft\"><img alt=\"Kapit\u00e4n der Mannschaft\" src=\"\/images\/thumb\/7\/76\/Captain_sports.svg\/langde-20px-Captain_sports.svg.png%3Futm_source%3Dcommons.wikimedia.org%26utm_campaign%3Dimageinfo%26utm_content%3Dthumbnail\" decoding=\"async\" width=\"15\" height=\"15\" srcset=\"\/images\/thumb\/7\/76\/Captain_sports.svg\/langde-40px-Captain_sports.svg.png%3Futm_source%3Dcommons.wikimedia.org%26utm_campaign%3Dimageinfo%26utm_content%3Dthumbnail 1.5x\" \/><\/a> , <\/li>\n<li><b>Sportliche Leitung<\/b>: <a href=\"\/Adolf_H%C3%BCtter\" title=\"Adolf H\u00fctter\">Adolf H\u00fctter<\/a> (Trainer), <a href=\"\/Zsolt_L%C3%B6w\" title=\"Zsolt L\u00f6w\">Zsolt L\u00f6w<\/a> (Co-Trainer), <a href=\"\/Herbert_Ilsanker\" title=\"Herbert Ilsanker\">Herbert Ilsanker<\/a> (Tormanntrainer)<\/li>\n<\/ul>\n<\/td>\n<\/tr>\n<\/tbody>\n<\/table>\n<\/div>\n","protected":false},"excerpt":{"rendered":"<p>2014\/15 Torh\u00fcter:31 P\u00e9ter Gul\u00e1csi , 33 Alexander Walke, 40 Fabian Bredlow Verteidiger:2 Benno Schmitz , 4 Peter Ankersen , 5 Andre Ramalho, 6 Christian Schwegler , 17 Andreas Ulmer , 25 Isaac Vorsah ,36 Martin Hinteregger,45 Duje Caleta-Car (0\/0) Mittelfeldspieler: 7 Marcel Sabitzer , 8 Naby Keita ,11 Felipe Pires, 13 Stefan Ilsanker , 14 [&hellip;]<\/p>\n","protected":false},"author":1,"featured_media":0,"comment_status":"open","ping_status":"open","sticky":false,"template":"","format":"standard","meta":{"footnotes":""},"categories":[2458],"tags":[],"class_list":["post-5395","post","type-post","status-publish","format-standard","hentry","category-meisterkader-2014"],"_links":{"self":[{"href":"https:\/\/wiki.s12.at\/index.php\/wp-json\/wp\/v2\/posts\/5395","targetHints":{"allow":["GET"]}}],"collection":[{"href":"https:\/\/wiki.s12.at\/index.php\/wp-json\/wp\/v2\/posts"}],"about":[{"href":"https:\/\/wiki.s12.at\/index.php\/wp-json\/wp\/v2\/types\/post"}],"author":[{"embeddable":true,"href":"https:\/\/wiki.s12.at\/index.php\/wp-json\/wp\/v2\/users\/1"}],"replies":[{"embeddable":true,"href":"https:\/\/wiki.s12.at\/index.php\/wp-json\/wp\/v2\/comments?post=5395"}],"version-history":[{"count":0,"href":"https:\/\/wiki.s12.at\/index.php\/wp-json\/wp\/v2\/posts\/5395\/revisions"}],"wp:attachment":[{"href":"https:\/\/wiki.s12.at\/index.php\/wp-json\/wp\/v2\/media?parent=5395"}],"wp:term":[{"taxonomy":"category","embeddable":true,"href":"https:\/\/wiki.s12.at\/index.php\/wp-json\/wp\/v2\/categories?post=5395"},{"taxonomy":"post_tag","embeddable":true,"href":"https:\/\/wiki.s12.at\/index.php\/wp-json\/wp\/v2\/tags?post=5395"}],"curies":[{"name":"wp","href":"https:\/\/api.w.org\/{rel}","templated":true}]}}