{"id":5393,"date":"2026-05-06T16:19:06","date_gmt":"2026-05-06T14:19:06","guid":{"rendered":"https:\/\/wiki.s12.at\/index.php\/2026\/05\/06\/meisterkader-2011-12\/"},"modified":"2026-05-06T16:19:06","modified_gmt":"2026-05-06T14:19:06","slug":"meisterkader-2011-12","status":"publish","type":"post","link":"https:\/\/wiki.s12.at\/index.php\/2026\/05\/06\/meisterkader-2011-12\/","title":{"rendered":"12"},"content":{"rendered":"<div class=\"mw-parser-output\">\n<table class=\"wikitable\" width=\"750\">\n<tbody>\n<tr>\n<td bgcolor=\"#FFFFFF\" align=\"center\" width=\"80\"><b>2011\/12<\/b>\n<\/td>\n<td bgcolor=\"#E8E8E8\" width=\"700\">\n<ul>\n<li><b>Torh\u00fcter<\/b>: <a href=\"\/Eddie_Gustafsson\" title=\"Eddie Gustafsson\">Eddie Gustafsson<\/a>, <a href=\"\/Alexander_Walke\" title=\"Alexander Walke\">Alexander Walke<\/a>, <a href=\"\/Niclas_Heimann\" title=\"Niclas Heimann\">Niclas Heimann<\/a>,  <\/li>\n<li><b>Verteidiger<\/b>: <a href=\"\/Andreas_Ulmer\" title=\"Andreas Ulmer\">Andreas Ulmer<\/a>, <a href=\"\/Chema_Anton\" title=\"Chema Anton\">Chema Anton<\/a>, <a href=\"\/Jefferson\" title=\"Jefferson\">Jefferson<\/a>, <a href=\"\/Douglas_da_Silva\" title=\"Douglas da Silva\">Douglas da Silva<\/a>, <a href=\"\/Christian_Schwegler\" title=\"Christian Schwegler\">Christian Schwegler<\/a>, <a href=\"\/Stefan_Hierl%C3%A4nder\" title=\"Stefan Hierl\u00e4nder\">Stefan Hierl\u00e4nder<\/a>, <a href=\"\/Petri_Pasanen\" title=\"Petri Pasanen\">Petri Pasanen<\/a>,  <a href=\"\/Ibrahim_Sekagya\" title=\"Ibrahim Sekagya\">Ibrahim Sekagya<\/a>, <a href=\"\/Franz_Schiemer\" title=\"Franz Schiemer\">Franz Schiemer<\/a>,  <a href=\"\/Martin_Hinteregger\" title=\"Martin Hinteregger\">Martin Hinteregger<\/a>  <\/li>\n<li><b>Mittelfeldspieler<\/b>: <a href=\"\/David_Mendes_da_Silva\" class=\"mw-redirect\" title=\"David Mendes da Silva\">David Mendes da Silva<\/a>, <a href=\"\/Du%C5%A1an_%C5%A0vento\" title=\"Du\u0161an \u0160vento\">Du\u0161an \u0160vento<\/a>, <a href=\"\/Christoph_Leitgeb\" title=\"Christoph Leitgeb\">Christoph Leitgeb<\/a> <i><a href=\"\/Datei:Captain_sports.svg\" class=\"image\" title=\"Kapit\u00e4n der Mannschaft\"><img alt=\"Kapit\u00e4n der Mannschaft\" src=\"\/images\/thumb\/7\/76\/Captain_sports.svg\/langde-20px-Captain_sports.svg.png%3Futm_source%3Dcommons.wikimedia.org%26utm_campaign%3Dimageinfo%26utm_content%3Dthumbnail\" decoding=\"async\" width=\"15\" height=\"15\" srcset=\"\/images\/thumb\/7\/76\/Captain_sports.svg\/langde-40px-Captain_sports.svg.png%3Futm_source%3Dcommons.wikimedia.org%26utm_campaign%3Dimageinfo%26utm_content%3Dthumbnail 1.5x\" \/><\/a><\/i>, <a href=\"\/Simon_Cziommer\" title=\"Simon Cziommer\">Simon Cziommer<\/a>, <a href=\"\/Luigi_Bruins\" title=\"Luigi Bruins\">Luigi Bruins<\/a>, <a href=\"\/Cristiano_da_Silva\" title=\"Cristiano da Silva\">Cristiano da Silva<\/a>, <a href=\"\/Jakob_Jantscher\" title=\"Jakob Jantscher\">Jakob Jantscher<\/a>, <a href=\"\/Rasmus_Lindgren\" title=\"Rasmus Lindgren\">Rasmus Lindgren<\/a>, <a href=\"\/Stefan_Savic\" title=\"Stefan Savic\">Stefan Savic<\/a>, <a href=\"\/Daniel_Offenbacher\" title=\"Daniel Offenbacher\">Daniel Offenbacher<\/a>, <a href=\"\/Georg_Teigl\" title=\"Georg Teigl\">Georg Teigl<\/a> <\/li>\n<li><b>St\u00fcrmer<\/b>: <a href=\"\/Jonathan_Soriano\" class=\"mw-redirect\" title=\"Jonathan Soriano\">Jonathan Soriano<\/a>, <a href=\"\/Roman_Wallner\" title=\"Roman Wallner\">Roman Wallner<\/a>, <a href=\"\/Alex_Rafael\" title=\"Alex Rafael\">Alex Rafael<\/a>, <a href=\"\/Stefan_Maierhofer\" title=\"Stefan Maierhofer\">Stefan Maierhofer<\/a>,  <a href=\"\/Alan\" title=\"Alan\">Alan<\/a>, <a href=\"\/Gonzalo_Zarate\" title=\"Gonzalo Zarate\">Gonzalo Zarate<\/a>, <a href=\"\/Leonardo\" title=\"Leonardo\">Leonardo<\/a> <\/li>\n<li><b>Sportliche Leitung<\/b>: <a href=\"\/Ricardo_Moniz\" title=\"Ricardo Moniz\">Ricardo Moniz<\/a> (Trainer), <a href=\"\/Niko_Kovac\" class=\"mw-redirect\" title=\"Niko Kovac\">Niko Kovac<\/a>  (Co-Trainer), <a href=\"\/Herbert_Ilsanker\" title=\"Herbert Ilsanker\">Herbert Ilsanker<\/a> (Tormanntrainer)<\/li>\n<\/ul>\n<\/td>\n<\/tr>\n<\/tbody>\n<\/table>\n<\/div>\n","protected":false},"excerpt":{"rendered":"<p>2011\/12 Torh\u00fcter: Eddie Gustafsson, Alexander Walke, Niclas Heimann, Verteidiger: Andreas Ulmer, Chema Anton, Jefferson, Douglas da Silva, Christian Schwegler, Stefan Hierl\u00e4nder, Petri Pasanen, Ibrahim Sekagya, Franz Schiemer, Martin Hinteregger Mittelfeldspieler: David Mendes da Silva, Du\u0161an \u0160vento, Christoph Leitgeb , Simon Cziommer, Luigi Bruins, Cristiano da Silva, Jakob Jantscher, Rasmus Lindgren, Stefan Savic, Daniel Offenbacher, Georg [&hellip;]<\/p>\n","protected":false},"author":1,"featured_media":0,"comment_status":"open","ping_status":"open","sticky":false,"template":"","format":"standard","meta":{"footnotes":""},"categories":[2456],"tags":[],"class_list":["post-5393","post","type-post","status-publish","format-standard","hentry","category-meisterkader-2011"],"_links":{"self":[{"href":"https:\/\/wiki.s12.at\/index.php\/wp-json\/wp\/v2\/posts\/5393","targetHints":{"allow":["GET"]}}],"collection":[{"href":"https:\/\/wiki.s12.at\/index.php\/wp-json\/wp\/v2\/posts"}],"about":[{"href":"https:\/\/wiki.s12.at\/index.php\/wp-json\/wp\/v2\/types\/post"}],"author":[{"embeddable":true,"href":"https:\/\/wiki.s12.at\/index.php\/wp-json\/wp\/v2\/users\/1"}],"replies":[{"embeddable":true,"href":"https:\/\/wiki.s12.at\/index.php\/wp-json\/wp\/v2\/comments?post=5393"}],"version-history":[{"count":0,"href":"https:\/\/wiki.s12.at\/index.php\/wp-json\/wp\/v2\/posts\/5393\/revisions"}],"wp:attachment":[{"href":"https:\/\/wiki.s12.at\/index.php\/wp-json\/wp\/v2\/media?parent=5393"}],"wp:term":[{"taxonomy":"category","embeddable":true,"href":"https:\/\/wiki.s12.at\/index.php\/wp-json\/wp\/v2\/categories?post=5393"},{"taxonomy":"post_tag","embeddable":true,"href":"https:\/\/wiki.s12.at\/index.php\/wp-json\/wp\/v2\/tags?post=5393"}],"curies":[{"name":"wp","href":"https:\/\/api.w.org\/{rel}","templated":true}]}}