{"id":5391,"date":"2026-05-06T16:19:02","date_gmt":"2026-05-06T14:19:02","guid":{"rendered":"https:\/\/wiki.s12.at\/index.php\/2026\/05\/06\/meisterkader-2008-09\/"},"modified":"2026-05-06T16:19:02","modified_gmt":"2026-05-06T14:19:02","slug":"meisterkader-2008-09","status":"publish","type":"post","link":"https:\/\/wiki.s12.at\/index.php\/2026\/05\/06\/meisterkader-2008-09\/","title":{"rendered":"09"},"content":{"rendered":"<div class=\"mw-parser-output\">\n<table class=\"wikitable\" width=\"700\">\n<tbody>\n<tr>\n<td bgcolor=\"#FFFFFF\" align=\"center\" width=\"80\"><b>2008\/09<\/b>\n<\/td>\n<td bgcolor=\"#E8E8E8\" width=\"700\">\n<ul>\n<li><b>Torh\u00fcter<\/b>: <a href=\"\/Timo_Ochs\" title=\"Timo Ochs\">Timo Ochs<\/a> (15 Spiele\/0 Tore), <a href=\"\/Heinz_Arzberger\" title=\"Heinz Arzberger\">Heinz-Dieter Arzberger<\/a> (13\/0), <a href=\"\/Eddie_Gustafsson\" title=\"Eddie Gustafsson\">Eddie Gustafsson<\/a> (9\/0),<\/li>\n<li><b>Verteidiger<\/b>: <a href=\"\/Ibrahim_Sekagya\" title=\"Ibrahim Sekagya\">Ibrahim Sekagya<\/a> (34\/1), <a href=\"\/L%C3%A1szl%C3%B3_Bodn%C3%A1r\" class=\"mw-redirect\" title=\"L\u00e1szl\u00f3 Bodn\u00e1r\">L\u00e1szl\u00f3 Bodn\u00e1r<\/a> (28\/2), <a href=\"\/Anis_Boussaidi\" title=\"Anis Boussaidi\">Anis Boussaidi<\/a> (28\/1), <a href=\"\/Barry_Opdam\" title=\"Barry Opdam\">Barry Opdam<\/a> (25\/0), <a href=\"\/Ronald_Gercaliu\" title=\"Ronald Gercaliu\">Ronald Gercaliu<\/a> (23\/0), <a href=\"\/Andreas_Ulmer\" title=\"Andreas Ulmer\">Andreas Ulmer<\/a> (15\/0), <a href=\"\/R%C3%A9mo_Meyer\" title=\"R\u00e9mo Meyer\">R\u00e9mo Meyer<\/a> (10\/0), <a href=\"\/Milan_Dudi%C4%87\" title=\"Milan Dudi\u0107\">Milan Dudi\u0107<\/a> (9\/1),<\/li>\n<li><b>Mittelfeldspieler<\/b>: <a href=\"\/Somen_Tchoyi\" title=\"Somen Tchoyi\">Somen Tchoyi<\/a> (32\/6), <a href=\"\/Johan_Vonlanthen\" title=\"Johan Vonlanthen\">Johan Vonlanthen<\/a> (29\/3), <a href=\"\/Ren%C3%A9_Aufhauser\" title=\"Ren\u00e9 Aufhauser\">Ren\u00e9 Aufhauser<\/a> (25\/2), <a href=\"\/Karel_Pit%C3%A1k\" title=\"Karel Pit\u00e1k\">Karel Pit\u00e1k<\/a> (16\/4), <a href=\"\/Christoph_Leitgeb\" title=\"Christoph Leitgeb\">Christoph Leitgeb<\/a> (16\/0), <a href=\"\/Patrik_Je%C5%BEek\" title=\"Patrik Je\u017eek\">Patrik Je\u017eek<\/a> (15\/2), <a href=\"\/Vladim%C3%ADr_Jano%C4%8Dko\" title=\"Vladim\u00edr Jano\u010dko\">Vladim\u00edr Jano\u010dko<\/a> (14\/5), <a href=\"\/Niko_Kova%C4%8D\" title=\"Niko Kova\u010d\">Niko Kova\u010d<\/a> (12\/0), <a href=\"\/Ernst_%C3%96bster\" title=\"Ernst \u00d6bster\">Ernst \u00d6bster<\/a> (5\/0),<\/li>\n<li><b>St\u00fcrmer<\/b>: <a href=\"\/Marc_Janko\" title=\"Marc Janko\">Marc Janko<\/a> (34\/39), <a href=\"\/Robin_Nelisse\" title=\"Robin Nelisse\">Robin Nelisse<\/a> (32\/12), <a href=\"\/Louis_Ngwat-Mahop\" title=\"Louis Ngwat-Mahop\">Louis Ngwat-Mahop<\/a> (27\/3), <a href=\"\/Alexander_Zickler\" title=\"Alexander Zickler\">Alexander Zickler<\/a> <i><a href=\"\/Datei:Captain_sports.svg\" class=\"image\" title=\"Kapit\u00e4n der Mannschaft\"><img alt=\"Kapit\u00e4n der Mannschaft\" src=\"\/images\/thumb\/7\/76\/Captain_sports.svg\/langde-20px-Captain_sports.svg.png%3Futm_source%3Dcommons.wikimedia.org%26utm_campaign%3Dimageinfo%26utm_content%3Dthumbnail\" decoding=\"async\" width=\"15\" height=\"15\" srcset=\"\/images\/thumb\/7\/76\/Captain_sports.svg\/langde-40px-Captain_sports.svg.png%3Futm_source%3Dcommons.wikimedia.org%26utm_campaign%3Dimageinfo%26utm_content%3Dthumbnail 1.5x\" \/><\/a><\/i> (24\/5).<\/li>\n<li><b>Sportliche Leitung<\/b>: <a href=\"\/Co_Adriaanse\" title=\"Co Adriaanse\">Co Adriaanse<\/a> (Trainer), <a href=\"\/Michael_Streiter\" title=\"Michael Streiter\">Michael Streiter<\/a> und <a href=\"\/Luc_Nijholt\" title=\"Luc Nijholt\">Luc Nijholt<\/a> (Co-Trainer), <a href=\"\/Herbert_Ilsanker\" title=\"Herbert Ilsanker\">Herbert Ilsanker<\/a> (Tormanntrainer), <a href=\"\/Heinz_Hochhauser\" title=\"Heinz Hochhauser\">Heinz Hochhauser<\/a> (Sportdirektor) und <a href=\"\/Thomas_Linke\" title=\"Thomas Linke\">Thomas Linke<\/a> (Assistent des Sportdirektors).<\/li>\n<\/ul>\n<\/td>\n<\/tr>\n<\/tbody>\n<\/table>\n<p><a href=\"\/Datei:FC_Red_Bull_Salzburg_Meister_2009.jpg\" class=\"image\"><img fetchpriority=\"high\" alt=\"FC Red Bull Salzburg Meister 2009.jpg\" src=\"\/images\/thumb\/a\/a2\/FC_Red_Bull_Salzburg_Meister_2009.jpg\/500px-FC_Red_Bull_Salzburg_Meister_2009.jpg%3Futm_source%3Dcommons.wikimedia.org%26utm_campaign%3Dimageinfo%26utm_content%3Dthumbnail\" decoding=\"async\" width=\"400\" height=\"267\" srcset=\"\/images\/thumb\/a\/a2\/FC_Red_Bull_Salzburg_Meister_2009.jpg\/960px-FC_Red_Bull_Salzburg_Meister_2009.jpg%3Futm_source%3Dcommons.wikimedia.org%26utm_campaign%3Dimageinfo%26utm_content%3Dthumbnail 1.5x\" \/><\/a>\n<\/p>\n<\/div>\n","protected":false},"excerpt":{"rendered":"<p>2008\/09 Torh\u00fcter: Timo Ochs (15 Spiele\/0 Tore), Heinz-Dieter Arzberger (13\/0), Eddie Gustafsson (9\/0), Verteidiger: Ibrahim Sekagya (34\/1), L\u00e1szl\u00f3 Bodn\u00e1r (28\/2), Anis Boussaidi (28\/1), Barry Opdam (25\/0), Ronald Gercaliu (23\/0), Andreas Ulmer (15\/0), R\u00e9mo Meyer (10\/0), Milan Dudi\u0107 (9\/1), Mittelfeldspieler: Somen Tchoyi (32\/6), Johan Vonlanthen (29\/3), Ren\u00e9 Aufhauser (25\/2), Karel Pit\u00e1k (16\/4), Christoph Leitgeb (16\/0), Patrik [&hellip;]<\/p>\n","protected":false},"author":1,"featured_media":0,"comment_status":"open","ping_status":"open","sticky":false,"template":"","format":"standard","meta":{"footnotes":""},"categories":[2454],"tags":[],"class_list":["post-5391","post","type-post","status-publish","format-standard","hentry","category-meisterkader-2008"],"_links":{"self":[{"href":"https:\/\/wiki.s12.at\/index.php\/wp-json\/wp\/v2\/posts\/5391","targetHints":{"allow":["GET"]}}],"collection":[{"href":"https:\/\/wiki.s12.at\/index.php\/wp-json\/wp\/v2\/posts"}],"about":[{"href":"https:\/\/wiki.s12.at\/index.php\/wp-json\/wp\/v2\/types\/post"}],"author":[{"embeddable":true,"href":"https:\/\/wiki.s12.at\/index.php\/wp-json\/wp\/v2\/users\/1"}],"replies":[{"embeddable":true,"href":"https:\/\/wiki.s12.at\/index.php\/wp-json\/wp\/v2\/comments?post=5391"}],"version-history":[{"count":0,"href":"https:\/\/wiki.s12.at\/index.php\/wp-json\/wp\/v2\/posts\/5391\/revisions"}],"wp:attachment":[{"href":"https:\/\/wiki.s12.at\/index.php\/wp-json\/wp\/v2\/media?parent=5391"}],"wp:term":[{"taxonomy":"category","embeddable":true,"href":"https:\/\/wiki.s12.at\/index.php\/wp-json\/wp\/v2\/categories?post=5391"},{"taxonomy":"post_tag","embeddable":true,"href":"https:\/\/wiki.s12.at\/index.php\/wp-json\/wp\/v2\/tags?post=5391"}],"curies":[{"name":"wp","href":"https:\/\/api.w.org\/{rel}","templated":true}]}}