{"id":533,"date":"2026-05-06T13:03:35","date_gmt":"2026-05-06T11:03:35","guid":{"rendered":"http:\/\/wiki.s12.at\/index.php\/2026\/05\/06\/14-runde-saison-2012-13-rbs-vs-adm\/"},"modified":"2026-05-06T13:03:35","modified_gmt":"2026-05-06T11:03:35","slug":"14-runde-saison-2012-13-rbs-vs-adm","status":"publish","type":"post","link":"https:\/\/wiki.s12.at\/index.php\/2026\/05\/06\/14-runde-saison-2012-13-rbs-vs-adm\/","title":{"rendered":"13, RBS vs ADM"},"content":{"rendered":"<div class=\"mw-parser-output\">\n<h3><span class=\"mw-headline\" id=\"Fakten\">Fakten<\/span><a href=\"\/index.php?title=14._Runde,_Saison_2012\/13,_RBS_vs_ADM&amp;action=edit&amp;section=1\" title=\"Abschnitt bearbeiten: Fakten\">Bearbeiten<\/a><span class=\"mw-editsection-bracket\">]<\/span><\/span><\/h3>\n<p><b>Bundesliga &#8211; 14. Spieltag: 3. November 2012, 18.30 Uhr<\/b><br \/>\n\n<\/p>\n<table class=\"wikitable\">\n<caption><b><big>FC Red Bull Salzburg gegen Admira Wacker, 5:0 <\/big><\/b><br \/>\n<\/caption>\n<tbody>\n<tr>\n<td>Aufstellung:<\/td>\n<td><a href=\"\/Alexander_Walke\" title=\"Alexander Walke\">Alexander Walke<\/a>\n<\/td>\n<\/tr>\n<tr>\n<td><\/td>\n<td><a href=\"\/Florian_Klein\" title=\"Florian Klein\">Florian Klein<\/a> <a href=\"\/Franz_Schiemer\" title=\"Franz Schiemer\">Franz Schiemer<\/a> <a href=\"\/Rodnei\" title=\"Rodnei\">Rodnei<\/a> <a href=\"\/Andreas_Ulmer\" title=\"Andreas Ulmer\">Andreas Ulmer<\/a>\n<\/td>\n<\/tr>\n<tr>\n<td><\/td>\n<td><a href=\"\/Christoph_Leitgeb\" title=\"Christoph Leitgeb\">Christoph Leitgeb<\/a> <a href=\"\/Stefan_Ilsanker\" title=\"Stefan Ilsanker\">Stefan Ilsanker<\/a> <a href=\"\/Valon_Berisha\" title=\"Valon Berisha\">Valon Berisha<\/a> <a href=\"\/Sadio_Man%C3%A9\" title=\"Sadio Man\u00e9\">Sadio Man\u00e9<\/a> <a href=\"\/Kevin_Kampl\" title=\"Kevin Kampl\">Kevin Kampl<\/a>\n<\/td>\n<\/tr>\n<tr>\n<td><\/td>\n<td><a href=\"\/Jonathan_Soriano\" class=\"mw-redirect\" title=\"Jonathan Soriano\">Jonathan Soriano<\/a>\n<\/td>\n<\/tr>\n<tr>\n<td>Wechsel:<\/td>\n<td><a href=\"\/Georg_Teigl\" title=\"Georg Teigl\">Georg Teigl<\/a> f\u00fcr Man\u00e9 (71.), <a href=\"\/Christopher_Dibon\" title=\"Christopher Dibon\">Christopher Dibon<\/a> f\u00fcr Schiemer (81.), <a href=\"\/Valentino_Lazaro\" title=\"Valentino Lazaro\">Valentino Lazaro<\/a> f\u00fcr Berisha (87.)\n<\/td>\n<\/tr>\n<tr>\n<td>Endstand:<\/td>\n<td>5:0 (2:0)\n<\/td>\n<\/tr>\n<tr>\n<td>Torsch\u00fctzen:<\/td>\n<td>Leitgeb (21., 89.), Soriano (27., 74.), Windbichler (86., ET.)\n<\/td>\n<\/tr>\n<tr>\n<td>Gelbe Karten:<\/td>\n<td>Lazaro (88.);  Windbichler (15.), Plassnegger (24.), Schick (52.)\n<\/td>\n<\/tr>\n<tr>\n<td>Gelb-rote Karten:<\/td>\n<td>\n<\/td>\n<\/tr>\n<tr>\n<td>Rote Karten:<\/td>\n<td>\n<\/td>\n<\/tr>\n<tr>\n<td>Schiedsrichter:<\/td>\n<td>Sascha Amhof (Schweiz)\n<\/td>\n<\/tr>\n<tr>\n<td>Stadion:<\/td>\n<td>EM Stadion Wals-Siezenheim, Salzburg\n<\/td>\n<\/tr>\n<tr>\n<td>Zuschauer:<\/td>\n<td>6 950\n<\/td>\n<\/tr>\n<\/tbody>\n<\/table>\n<ul>\n<li><a href=\"\/Rodnei\" title=\"Rodnei\">Rodnei<\/a> spielte sein erstes Spiel f\u00fcr Salzburg.<\/li>\n<\/ul>\n<h2><span class=\"mw-headline\" id=\"Stimmen_zum_Spiel\">Stimmen zum Spiel<\/span><a href=\"\/index.php?title=14._Runde,_Saison_2012\/13,_RBS_vs_ADM&amp;action=edit&amp;section=2\" title=\"Abschnitt bearbeiten: Stimmen zum Spiel\">Bearbeiten<\/a><span class=\"mw-editsection-bracket\">]<\/span><\/span><\/h2>\n<ul>\n<li><b>Roger Schmidt:<\/b> \u201eDas war heute eine Top-Leistung. Wir haben sehr reif gespielt und waren stets bereit, gegen den Ball zu arbeiten. Trotz F\u00fchrung haben wir nie nachgelassen. Und auch mit der Chancenauswertung kann man heute zufrieden sein.\u201c<\/li>\n<li><b>Florian Klein:<\/b> \u201eWir waren von der ersten bis zur letzten Minute klar \u00fcberlegen. Das war heute auch spielerisch sehr gut. Ich denke, dass der Sieg auch in dieser H\u00f6he verdient ist.\u201c<\/li>\n<li><b>Dietmar K\u00fchbauer (Admira-Trainer):<\/b> \u201eEs war ab der ersten Minute eine Selbstaufgabe. So kann man hier nicht bestehen. Wir haben nichts von dem umgesetzt, was wir die ganze Woche trainiert haben. Wir sind \u00fcberhaupt nicht in die Zweik\u00e4mpfe gekommen. Wenn man so agiert, ist man gegen Salzburg Zweiter. Nach vorne war \u00fcberhaupt kein Wille vorhanden. Die Niederlage ist derma\u00dfen verdient, dass man nichts dazu sagen muss. Wir sind mit dem 5:0 noch gut bedient. Mit dieser K\u00f6rperlosigkeit kann man keine Mannschaft der Welt schlagen. Dass wir derart die Hosen voll hatten, kann ich nicht akzeptieren.\u201c<\/li>\n<\/ul>\n<h2><span class=\"mw-headline\" id=\"Weblinks\">Weblinks<\/span><a href=\"\/index.php?title=14._Runde,_Saison_2012\/13,_RBS_vs_ADM&amp;action=edit&amp;section=3\" title=\"Abschnitt bearbeiten: Weblinks\">Bearbeiten<\/a><span class=\"mw-editsection-bracket\">]<\/span><\/span><\/h2>\n<ul>\n<li><a rel=\"nofollow\" class=\"external text\" href=\"http:\/\/www.redbullsfan.tv\/spiele\/bundesliga\/red-bull-salzburg-vs-admira-wacker\/page\/view=1313\">Video auf redbullsfan.tv<\/a><\/li>\n<li><a rel=\"nofollow\" class=\"external text\" href=\"http:\/\/www.redbullsfan.tv\/spiele\/highlights\/spieltag-highlights-%7C-3112012\/page\/view=1317\">Video auf redbullsfan.tv<\/a><\/li>\n<li><a rel=\"nofollow\" class=\"external text\" href=\"http:\/\/www.redbullsfan.tv\/specials\/demolux\/spielanalyse-14-runde-%7C-demolux\/page\/view=1319\">Spielanalyse Demolux<\/a><\/li>\n<li><a rel=\"nofollow\" class=\"external text\" href=\"http:\/\/redbulls.com\/soccer\/salzburg\/de\/red-bull-salzburg-news-detail_8681.html\">Spielbericht auf redbulls.com<\/a><\/li>\n<li><a rel=\"nofollow\" class=\"external text\" href=\"http:\/\/www.salzburg12.at\/2012\/11\/salzburger-festspiele\/\">Spielbericht auf salzburg12.at<\/a><\/li>\n<\/ul>\n<p>&lt;youtube&gt;nPubLKFvtE4&lt;\/youtube&gt;\n<\/p>\n<\/div>\n","protected":false},"excerpt":{"rendered":"<p>FaktenBearbeiten] Bundesliga &#8211; 14. Spieltag: 3. November 2012, 18.30 Uhr FC Red Bull Salzburg gegen Admira Wacker, 5:0 Aufstellung: Alexander Walke Florian Klein Franz Schiemer Rodnei Andreas Ulmer Christoph Leitgeb Stefan Ilsanker Valon Berisha Sadio Man\u00e9 Kevin Kampl Jonathan Soriano Wechsel: Georg Teigl f\u00fcr Man\u00e9 (71.), Christopher Dibon f\u00fcr Schiemer (81.), Valentino Lazaro f\u00fcr Berisha [&hellip;]<\/p>\n","protected":false},"author":1,"featured_media":0,"comment_status":"open","ping_status":"open","sticky":false,"template":"","format":"standard","meta":{"footnotes":""},"categories":[406],"tags":[],"class_list":["post-533","post","type-post","status-publish","format-standard","hentry","category-14-runde-saison-2012"],"_links":{"self":[{"href":"https:\/\/wiki.s12.at\/index.php\/wp-json\/wp\/v2\/posts\/533","targetHints":{"allow":["GET"]}}],"collection":[{"href":"https:\/\/wiki.s12.at\/index.php\/wp-json\/wp\/v2\/posts"}],"about":[{"href":"https:\/\/wiki.s12.at\/index.php\/wp-json\/wp\/v2\/types\/post"}],"author":[{"embeddable":true,"href":"https:\/\/wiki.s12.at\/index.php\/wp-json\/wp\/v2\/users\/1"}],"replies":[{"embeddable":true,"href":"https:\/\/wiki.s12.at\/index.php\/wp-json\/wp\/v2\/comments?post=533"}],"version-history":[{"count":0,"href":"https:\/\/wiki.s12.at\/index.php\/wp-json\/wp\/v2\/posts\/533\/revisions"}],"wp:attachment":[{"href":"https:\/\/wiki.s12.at\/index.php\/wp-json\/wp\/v2\/media?parent=533"}],"wp:term":[{"taxonomy":"category","embeddable":true,"href":"https:\/\/wiki.s12.at\/index.php\/wp-json\/wp\/v2\/categories?post=533"},{"taxonomy":"post_tag","embeddable":true,"href":"https:\/\/wiki.s12.at\/index.php\/wp-json\/wp\/v2\/tags?post=533"}],"curies":[{"name":"wp","href":"https:\/\/api.w.org\/{rel}","templated":true}]}}