{"id":5157,"date":"2026-05-06T16:12:30","date_gmt":"2026-05-06T14:12:30","guid":{"rendered":"https:\/\/wiki.s12.at\/index.php\/2026\/05\/06\/landesklasse-salzburg-saison-1947-48-austria-salzburg-sak-1914\/"},"modified":"2026-05-06T16:12:30","modified_gmt":"2026-05-06T14:12:30","slug":"landesklasse-salzburg-saison-1947-48-austria-salzburg-sak-1914","status":"publish","type":"post","link":"https:\/\/wiki.s12.at\/index.php\/2026\/05\/06\/landesklasse-salzburg-saison-1947-48-austria-salzburg-sak-1914\/","title":{"rendered":"48, Austria Salzburg &#8211; SAK 1914"},"content":{"rendered":"<div class=\"mw-parser-output\">\n<h3><span class=\"mw-headline\" id=\"Fakten\">Fakten<\/span><a href=\"\/index.php?title=Landesklasse_Salzburg,_Saison_1947\/48,_Austria_Salzburg_-_SAK_1914&amp;action=edit&amp;section=1\" title=\"Abschnitt bearbeiten: Fakten\">Bearbeiten<\/a><span class=\"mw-editsection-bracket\">]<\/span><\/span><\/h3>\n<p><b>Landesklasse Salzburg &#8211; 2. Spieltag: 7. September 1947, 17.30 Uhr<\/b><br \/>\n\n<\/p>\n<table class=\"wikitable\">\n<caption><big> Austria Salzburg gegen SAK 1914, 1:5<\/big><br \/>\n<\/caption>\n<tbody>\n<tr>\n<td>Aufstellung:<\/td>\n<td><a href=\"\/Franz_Feldinger\" title=\"Franz Feldinger\">Franz Feldinger<\/a>, <a href=\"\/Karl_Scherbaum\" title=\"Karl Scherbaum\">Karl Scherbaum<\/a>,&#160;?\n<\/td>\n<\/tr>\n<tr>\n<td>Wechsel:<\/td>\n<td>\n<\/td>\n<\/tr>\n<tr>\n<td>Endstand:<\/td>\n<td>1:5 (0:2)\n<\/td>\n<\/tr>\n<tr>\n<td>Torsch\u00fctzen:<\/td>\n<td>Feldinger; Praschak (4), Kastler\n<\/td>\n<\/tr>\n<tr>\n<td>Gelbe Karten:<\/td>\n<td>\n<\/td>\n<\/tr>\n<tr>\n<td>Rote Karten:<\/td>\n<td>\n<\/td>\n<\/tr>\n<tr>\n<td>Schiedsrichter:<\/td>\n<td>Travnicek\n<\/td>\n<\/tr>\n<tr>\n<td>Stadion:<\/td>\n<td>Austria Platz, Salzburg-Lehen\n<\/td>\n<\/tr>\n<tr>\n<td>Zuschauer:<\/td>\n<td>2 000\n<\/td>\n<\/tr>\n<tr>\n<td>Pressestimmen:<\/td>\n<td>Einen so glatten SAK-Sieg gegen Austria hatten nur wenige erwartet. Mit 5:1 (2:0) gab der Landesmeister den Violetten auf deren Anlage nur wenig Chancen und siegte verdient, wenn auch der Sieg im Ausma\u00df etwas zu hoch ausgefallen ist&#8230;Der Torh\u00fcter schien wieder einmal von allen guten Geistern verlassen und klebte auf der Linie, so da\u00df den Blau-Gelben das Treffermachen sehr leicht gemacht wurde. Scherbaum tat im Vergeben von Torchancen Wunderdinge. (Salzburger Nachrichten)\n<\/td>\n<\/tr>\n<\/tbody>\n<\/table>\n<\/div>\n","protected":false},"excerpt":{"rendered":"<p>FaktenBearbeiten] Landesklasse Salzburg &#8211; 2. Spieltag: 7. September 1947, 17.30 Uhr Austria Salzburg gegen SAK 1914, 1:5 Aufstellung: Franz Feldinger, Karl Scherbaum,&#160;? Wechsel: Endstand: 1:5 (0:2) Torsch\u00fctzen: Feldinger; Praschak (4), Kastler Gelbe Karten: Rote Karten: Schiedsrichter: Travnicek Stadion: Austria Platz, Salzburg-Lehen Zuschauer: 2 000 Pressestimmen: Einen so glatten SAK-Sieg gegen Austria hatten nur wenige erwartet. [&hellip;]<\/p>\n","protected":false},"author":1,"featured_media":0,"comment_status":"open","ping_status":"open","sticky":false,"template":"","format":"standard","meta":{"footnotes":""},"categories":[2445],"tags":[],"class_list":["post-5157","post","type-post","status-publish","format-standard","hentry","category-landesklasse-salzburg-saison-1947"],"_links":{"self":[{"href":"https:\/\/wiki.s12.at\/index.php\/wp-json\/wp\/v2\/posts\/5157","targetHints":{"allow":["GET"]}}],"collection":[{"href":"https:\/\/wiki.s12.at\/index.php\/wp-json\/wp\/v2\/posts"}],"about":[{"href":"https:\/\/wiki.s12.at\/index.php\/wp-json\/wp\/v2\/types\/post"}],"author":[{"embeddable":true,"href":"https:\/\/wiki.s12.at\/index.php\/wp-json\/wp\/v2\/users\/1"}],"replies":[{"embeddable":true,"href":"https:\/\/wiki.s12.at\/index.php\/wp-json\/wp\/v2\/comments?post=5157"}],"version-history":[{"count":0,"href":"https:\/\/wiki.s12.at\/index.php\/wp-json\/wp\/v2\/posts\/5157\/revisions"}],"wp:attachment":[{"href":"https:\/\/wiki.s12.at\/index.php\/wp-json\/wp\/v2\/media?parent=5157"}],"wp:term":[{"taxonomy":"category","embeddable":true,"href":"https:\/\/wiki.s12.at\/index.php\/wp-json\/wp\/v2\/categories?post=5157"},{"taxonomy":"post_tag","embeddable":true,"href":"https:\/\/wiki.s12.at\/index.php\/wp-json\/wp\/v2\/tags?post=5157"}],"curies":[{"name":"wp","href":"https:\/\/api.w.org\/{rel}","templated":true}]}}