{"id":5025,"date":"2026-05-06T16:10:36","date_gmt":"2026-05-06T14:10:36","guid":{"rendered":"https:\/\/wiki.s12.at\/index.php\/2026\/05\/06\/kader-fuer-die-uefa-championsleague-2021-22\/"},"modified":"2026-05-06T16:10:36","modified_gmt":"2026-05-06T14:10:36","slug":"kader-fuer-die-uefa-championsleague-2021-22","status":"publish","type":"post","link":"https:\/\/wiki.s12.at\/index.php\/2026\/05\/06\/kader-fuer-die-uefa-championsleague-2021-22\/","title":{"rendered":"22"},"content":{"rendered":"<div class=\"mw-parser-output\">\n<table class=\"wikitable\" width=\"750\">\n<tbody>\n<tr>\n<td bgcolor=\"#FFFFFF\" align=\"center\" width=\"80\"><a href=\"\/Datei:Logo.png\" class=\"image\"><img alt=\"Logo.png\" src=\"\/images\/thumb\/c\/c9\/Logo.png\/80px-Logo.png\" decoding=\"async\" width=\"80\" height=\"80\" srcset=\"\/images\/thumb\/c\/c9\/Logo.png\/120px-Logo.png 1.5x, \/images\/c\/c9\/Logo.png 2x\" \/><\/a><\/p>\n<p><b>2020\/2021<\/b>\n<\/td>\n<td bgcolor=\"#E8E8E8\" width=\"700\">\n<ul>\n<li><b>Torh\u00fcter<\/b>:<i>33<\/i> <a href=\"\/Alexander_Walke\" title=\"Alexander Walke\">Alexander Walke<\/a>, <i>1<\/i><a href=\"\/Nico_Mantl\" title=\"Nico Mantl\">Nico Mantl<\/a>, <i>18<\/i> <a href=\"\/Philipp_K%C3%B6hn\" title=\"Philipp K\u00f6hn\">Philipp K\u00f6hn<\/a>, #<i>40<\/i> <a href=\"\/Adam_Stejskal\" title=\"Adam Stejskal\">Adam Stejskal<\/a> <\/li>\n<li><b>Verteidiger<\/b>:   #<i>3<\/i>  <a href=\"\/Bryan_Okoh\" title=\"Bryan Okoh\">Bryan Okoh<\/a>, <i>95<\/i> <a href=\"\/Bernardo\" title=\"Bernardo\">Bernardo<\/a>, <i>17<\/i> <a href=\"\/Andreas_Ulmer\" title=\"Andreas Ulmer\">Andreas Ulmer<\/a>, <i>43<\/i> <a href=\"\/Rasmus_Kristensen\" title=\"Rasmus Kristensen\">Rasmus Kristensen<\/a>, <i>39<\/i> <a href=\"\/Maximilian_W%C3%B6ber\" title=\"Maximilian W\u00f6ber\">Maximilian W\u00f6ber<\/a>, <i>22<\/i> <a href=\"\/Oumar_Solet\" title=\"Oumar Solet\">Oumar Solet<\/a>,<i>4<\/i> <a href=\"\/Kamil_Piatkowski\" title=\"Kamil Piatkowski\">Kamil Piatkowski<\/a>, <i>29<\/i> <a href=\"\/Kilian_Ludewig\" title=\"Kilian Ludewig\">Kilian Ludewig<\/a>, <i>37<\/i> <a href=\"\/Daouda_Guindo\" title=\"Daouda Guindo\">Daouda Guindo<\/a> <\/li>\n<li><b>Mittelfeld<\/b>:  #<i>14<\/i> <a href=\"\/Maurits_Kjaergaard\" title=\"Maurits Kjaergaard\">Maurits Kjaergaard<\/a>,  <i>16<\/i> <a href=\"\/Zlatko_Junuzovic\" title=\"Zlatko Junuzovic\">Zlatko Junuzovic<\/a>, #<i>21<\/i> <a href=\"\/Luka_Sucic\" title=\"Luka Sucic\">Luka Sucic<\/a> <i>10<\/i> <a href=\"\/Antoine_Bernede\" title=\"Antoine Bernede\">Antoine Bernede<\/a>, #<i>19<\/i> <a href=\"\/Mohamed_Camara\" title=\"Mohamed Camara\">Mohamed Camara<\/a>,  <i>13<\/i> <a href=\"\/Nicolas_Seiwald\" title=\"Nicolas Seiwald\">Nicolas Seiwald<\/a>, <i>11<\/i> <a href=\"\/Brenden_Aaronson\" title=\"Brenden Aaronson\">Brenden Aaronson<\/a>, <i>77<\/i> <a href=\"\/Noah_Okafor\" title=\"Noah Okafor\">Noah Okafor<\/a>,<\/li>\n<li><b>St\u00fcrmer<\/b>: <i>27<\/i> <a href=\"\/Karim_Adeyemi\" title=\"Karim Adeyemi\">Karim Adeyemi<\/a>, <i>9<\/i> <a href=\"\/Junior_Adamu\" class=\"mw-redirect\" title=\"Junior Adamu\">Junior Adamu<\/a>,   #<i>30<\/i> <a href=\"\/Benjamin_Sesko\" class=\"mw-redirect\" title=\"Benjamin Sesko\">Benjamin Sesko<\/a>, <i>23<\/i> <a href=\"\/Roko_Simic\" title=\"Roko Simic\">Roko Simic<\/a><\/li>\n<li><b>Sportliche Leitung:<\/b> <a href=\"\/Matthias_Jaissle\" title=\"Matthias Jaissle\">Matthias Jaissle<\/a> (Trainer), <a href=\"\/Florens_Koch\" title=\"Florens Koch\">Florens Koch<\/a>, <a href=\"\/Alexander_Hauser\" title=\"Alexander Hauser\">Alexander Hauser<\/a>,  (Co-Trainer), <a href=\"\/Herbert_Ilsanker\" title=\"Herbert Ilsanker\">Herbert Ilsanker<\/a> (Tormann-Trainer)<\/li>\n<\/ul>\n<\/td>\n<\/tr>\n<\/tbody>\n<\/table>\n<p><b>#-B-Liste: <\/b>Ein Spieler darf auf der Liste B gef\u00fchrt werden, wenn er am oder nach dem 1. Januar 2000 geboren wurde und zwischen seinem 15. Geburtstag und dem  Zeitpunkt seiner Registrierung bei der UEFA w\u00e4hrend zwei aufeinander folgenden Jahren f\u00fcr den betreffenden Verein spielberechtigt war. Klubs d\u00fcrfen w\u00e4hrend einer Saison eine unbegrenzte Zahl von Spielern auf der Liste B eintragen. Die Liste muss am Tag vor einem Spiel bis sp\u00e4testens 24.00 Uhr (MEZ) eintreffen.\n<\/p>\n<\/div>\n","protected":false},"excerpt":{"rendered":"<p>2020\/2021 Torh\u00fcter:33 Alexander Walke, 1Nico Mantl, 18 Philipp K\u00f6hn, #40 Adam Stejskal Verteidiger: #3 Bryan Okoh, 95 Bernardo, 17 Andreas Ulmer, 43 Rasmus Kristensen, 39 Maximilian W\u00f6ber, 22 Oumar Solet,4 Kamil Piatkowski, 29 Kilian Ludewig, 37 Daouda Guindo Mittelfeld: #14 Maurits Kjaergaard, 16 Zlatko Junuzovic, #21 Luka Sucic 10 Antoine Bernede, #19 Mohamed Camara, 13 [&hellip;]<\/p>\n","protected":false},"author":1,"featured_media":0,"comment_status":"open","ping_status":"open","sticky":false,"template":"","format":"standard","meta":{"footnotes":""},"categories":[2438],"tags":[],"class_list":["post-5025","post","type-post","status-publish","format-standard","hentry","category-kader-fuer-die-uefa-championsleague-2021"],"_links":{"self":[{"href":"https:\/\/wiki.s12.at\/index.php\/wp-json\/wp\/v2\/posts\/5025","targetHints":{"allow":["GET"]}}],"collection":[{"href":"https:\/\/wiki.s12.at\/index.php\/wp-json\/wp\/v2\/posts"}],"about":[{"href":"https:\/\/wiki.s12.at\/index.php\/wp-json\/wp\/v2\/types\/post"}],"author":[{"embeddable":true,"href":"https:\/\/wiki.s12.at\/index.php\/wp-json\/wp\/v2\/users\/1"}],"replies":[{"embeddable":true,"href":"https:\/\/wiki.s12.at\/index.php\/wp-json\/wp\/v2\/comments?post=5025"}],"version-history":[{"count":0,"href":"https:\/\/wiki.s12.at\/index.php\/wp-json\/wp\/v2\/posts\/5025\/revisions"}],"wp:attachment":[{"href":"https:\/\/wiki.s12.at\/index.php\/wp-json\/wp\/v2\/media?parent=5025"}],"wp:term":[{"taxonomy":"category","embeddable":true,"href":"https:\/\/wiki.s12.at\/index.php\/wp-json\/wp\/v2\/categories?post=5025"},{"taxonomy":"post_tag","embeddable":true,"href":"https:\/\/wiki.s12.at\/index.php\/wp-json\/wp\/v2\/tags?post=5025"}],"curies":[{"name":"wp","href":"https:\/\/api.w.org\/{rel}","templated":true}]}}