{"id":5023,"date":"2026-05-06T16:10:34","date_gmt":"2026-05-06T14:10:34","guid":{"rendered":"https:\/\/wiki.s12.at\/index.php\/2026\/05\/06\/kader-uefa-youth-league-2019-20\/"},"modified":"2026-05-06T16:10:34","modified_gmt":"2026-05-06T14:10:34","slug":"kader-uefa-youth-league-2019-20","status":"publish","type":"post","link":"https:\/\/wiki.s12.at\/index.php\/2026\/05\/06\/kader-uefa-youth-league-2019-20\/","title":{"rendered":"20"},"content":{"rendered":"<div class=\"mw-parser-output\">\n<table class=\"wikitable\" width=\"750\">\n<tbody>\n<tr>\n<td bgcolor=\"#FFFFFF\" align=\"center\" width=\"80\"><b>UEFA Youth League<\/b><br \/><b>2019\/20<\/b> <\/p>\n<p><a href=\"\/Datei:LOgo_FC_Salzburg2_o.jpg\" class=\"image\"><img alt=\"LOgo FC Salzburg2 o.jpg\" src=\"\/images\/thumb\/b\/ba\/LOgo_FC_Salzburg2_o.jpg\/200px-LOgo_FC_Salzburg2_o.jpg\" decoding=\"async\" width=\"200\" height=\"100\" srcset=\"\/images\/thumb\/b\/ba\/LOgo_FC_Salzburg2_o.jpg\/300px-LOgo_FC_Salzburg2_o.jpg 1.5x, \/images\/thumb\/b\/ba\/LOgo_FC_Salzburg2_o.jpg\/400px-LOgo_FC_Salzburg2_o.jpg 2x\" \/><\/a>\n<\/p>\n<\/td>\n<td bgcolor=\"#E8E8E8\" width=\"1200\">\n<ul>\n<li><b>Torh\u00fcter<\/b>:<i>1<\/i><a href=\"\/Daniel_Antosch\" title=\"Daniel Antosch\">Daniel Antosch<\/a>, <i>31<\/i> <a href=\"\/Kilian_Schr%C3%B6cker\" title=\"Kilian Schr\u00f6cker\">Kilian Schr\u00f6cker<\/a> <\/li>\n<li><b>Verteidiger<\/b>: <i>18<\/i> <a href=\"\/Alois_Oroz\" title=\"Alois Oroz\">Alois Oroz<\/a>, <i>4<\/i> <a href=\"\/David_Affengruber\" title=\"David Affengruber\">David Affengruber<\/a>, <i>13<\/i> <a href=\"\/Nicolas_Seiwald\" title=\"Nicolas Seiwald\">Nicolas Seiwald<\/a>, <i>3<\/i><a href=\"\/Amar_Dedic\" title=\"Amar Dedic\">Amar Dedic<\/a>, <i>5<\/i> <a href=\"\/Sebastian_Aigner\" title=\"Sebastian Aigner\">Sebastian Aigner<\/a>, <i>23<\/i> <a href=\"\/Benjamin_B%C3%B6ckle\" title=\"Benjamin B\u00f6ckle\">Benjamin B\u00f6ckle<\/a>, <i>2<\/i> <a href=\"\/Paul_Strasser\" title=\"Paul Strasser\">Paul Strasser<\/a>, <i>12<\/i> <a href=\"\/Berkay_Dogan\" title=\"Berkay Dogan\">Berkay Dogan<\/a>, <i>17<\/i> <a href=\"\/Lukas_Wallner\" title=\"Lukas Wallner\">Lukas Wallner<\/a>, <i>34<\/i> <a href=\"\/Sandro-Luca_Molnar\" title=\"Sandro-Luca Molnar\">Sandro-Luca Molnar<\/a>, <i>36<\/i> <a href=\"\/Victor_Parada\" title=\"Victor Parada\">Victor Parada<\/a>, <i>22<\/i> <a href=\"\/Jusuf_Gazibegovic\" title=\"Jusuf Gazibegovic\">Jusuf Gazibegovic<\/a>, <i>24<\/i> <a href=\"\/Wallison\" title=\"Wallison\">Wallison<\/a><\/li>\n<li><b>Mittelfeld<\/b>: <i>8<\/i> <a href=\"\/Maurits_Kjaergaard\" title=\"Maurits Kjaergaard\">Maurits Kjaergaard<\/a>, <i>6<\/i> <a href=\"\/Peter_Pokorny\" title=\"Peter Pokorny\">Peter Pokorny<\/a>, <i>25<\/i> <a href=\"\/Luka_Sucic\" title=\"Luka Sucic\">Luka Sucic<\/a>, <i>16<\/i> <a href=\"\/Samuel_Major\" title=\"Samuel Major\">Samuel Major<\/a>, <i>27<\/i> <a href=\"\/Alexander_Prass\" title=\"Alexander Prass\">Alexander Prass<\/a>, <i>20<\/i> <a href=\"\/Fabian_Windhager\" title=\"Fabian Windhager\">Fabian Windhager<\/a>, <i>30<\/i> <a href=\"\/Lukas_Ibertsberger\" title=\"Lukas Ibertsberger\">Lukas Ibertsberger<\/a>, <i>40<\/i> <a href=\"\/Thomas_Schiestl\" title=\"Thomas Schiestl\">Thomas Schiestl<\/a>, <i>38<\/i> <a href=\"\/Justin_Omoregie\" title=\"Justin Omoregie\">Justin Omoregie<\/a>, <i>32<\/i> <a href=\"\/Alexander_Briedl\" title=\"Alexander Briedl\">Alexander Briedl<\/a>, <i>15<\/i> <a href=\"\/Tobias_Anselm\" title=\"Tobias Anselm\">Tobias Anselm<\/a>, <i>28<\/i> <a href=\"\/Julian_Halwachs\" title=\"Julian Halwachs\">Julian Halwachs<\/a><\/li>\n<li><b>St\u00fcrmer<\/b>: <i>11<\/i> <a href=\"\/Luis_Phelipe\" title=\"Luis Phelipe\">Luis Phelipe<\/a>, <i>28<\/i> <a href=\"\/Benjamin_Sesko\" class=\"mw-redirect\" title=\"Benjamin Sesko\">Benjamin Sesko<\/a>,<i>7<\/i> <a href=\"\/Karim_Adeyemi\" title=\"Karim Adeyemi\">Karim Adeyemi<\/a>, <i>26<\/i> <a href=\"\/Antonin_Svoboda\" title=\"Antonin Svoboda\">Antonin Svoboda<\/a>, <i>35<\/i> <a href=\"\/Elias_Havel\" title=\"Elias Havel\">Elias Havel<\/a>, <i>39<\/i> <a href=\"\/Luka_Reischl\" title=\"Luka Reischl\">Luka Reischl<\/a>, <i>37<\/i> <a href=\"\/Csaba_Bukta\" title=\"Csaba Bukta\">Csaba Bukta<\/a>, <i>9<\/i> <a href=\"\/Junior_Adamu\" class=\"mw-redirect\" title=\"Junior Adamu\">Junior Adamu<\/a>, <\/li>\n<li><b>Sportliche Leitung<\/b>: <a href=\"\/Frank_Kramer\" title=\"Frank Kramer\">Frank Kramer <\/a> (nach seinem R\u00fccktritt <a href=\"\/Bo_Svensson\" title=\"Bo Svensson\">Bo Svensson<\/a>)<\/li>\n<\/ul>\n<\/td>\n<\/tr>\n<\/tbody>\n<\/table>\n<\/div>\n","protected":false},"excerpt":{"rendered":"<p>UEFA Youth League2019\/20 Torh\u00fcter:1Daniel Antosch, 31 Kilian Schr\u00f6cker Verteidiger: 18 Alois Oroz, 4 David Affengruber, 13 Nicolas Seiwald, 3Amar Dedic, 5 Sebastian Aigner, 23 Benjamin B\u00f6ckle, 2 Paul Strasser, 12 Berkay Dogan, 17 Lukas Wallner, 34 Sandro-Luca Molnar, 36 Victor Parada, 22 Jusuf Gazibegovic, 24 Wallison Mittelfeld: 8 Maurits Kjaergaard, 6 Peter Pokorny, 25 Luka [&hellip;]<\/p>\n","protected":false},"author":1,"featured_media":0,"comment_status":"open","ping_status":"open","sticky":false,"template":"","format":"standard","meta":{"footnotes":""},"categories":[2436],"tags":[],"class_list":["post-5023","post","type-post","status-publish","format-standard","hentry","category-kader-uefa-youth-league-2019"],"_links":{"self":[{"href":"https:\/\/wiki.s12.at\/index.php\/wp-json\/wp\/v2\/posts\/5023","targetHints":{"allow":["GET"]}}],"collection":[{"href":"https:\/\/wiki.s12.at\/index.php\/wp-json\/wp\/v2\/posts"}],"about":[{"href":"https:\/\/wiki.s12.at\/index.php\/wp-json\/wp\/v2\/types\/post"}],"author":[{"embeddable":true,"href":"https:\/\/wiki.s12.at\/index.php\/wp-json\/wp\/v2\/users\/1"}],"replies":[{"embeddable":true,"href":"https:\/\/wiki.s12.at\/index.php\/wp-json\/wp\/v2\/comments?post=5023"}],"version-history":[{"count":0,"href":"https:\/\/wiki.s12.at\/index.php\/wp-json\/wp\/v2\/posts\/5023\/revisions"}],"wp:attachment":[{"href":"https:\/\/wiki.s12.at\/index.php\/wp-json\/wp\/v2\/media?parent=5023"}],"wp:term":[{"taxonomy":"category","embeddable":true,"href":"https:\/\/wiki.s12.at\/index.php\/wp-json\/wp\/v2\/categories?post=5023"},{"taxonomy":"post_tag","embeddable":true,"href":"https:\/\/wiki.s12.at\/index.php\/wp-json\/wp\/v2\/tags?post=5023"}],"curies":[{"name":"wp","href":"https:\/\/api.w.org\/{rel}","templated":true}]}}