{"id":5007,"date":"2026-05-06T16:09:01","date_gmt":"2026-05-06T14:09:01","guid":{"rendered":"https:\/\/wiki.s12.at\/index.php\/2026\/05\/06\/kader-2012-13-fc-liefering\/"},"modified":"2026-05-06T16:09:01","modified_gmt":"2026-05-06T14:09:01","slug":"kader-2012-13-fc-liefering","status":"publish","type":"post","link":"https:\/\/wiki.s12.at\/index.php\/2026\/05\/06\/kader-2012-13-fc-liefering\/","title":{"rendered":"13 FC Liefering"},"content":{"rendered":"<div class=\"mw-parser-output\">\n<h3><span class=\"mw-headline\" id=\"Kader_FC_Liefering\">Kader FC Liefering<\/span><a href=\"\/index.php?title=Kader_2012\/13_FC_Liefering&amp;action=edit&amp;section=1\" title=\"Abschnitt bearbeiten: Kader FC Liefering\">Bearbeiten<\/a><span class=\"mw-editsection-bracket\">]<\/span><\/span><\/h3>\n<table class=\"wikitable\" width=\"750\">\n<tbody>\n<tr>\n<td bgcolor=\"#FFFFFF\" align=\"center\" width=\"80\"><b>2012\/13<\/b>\n<\/td>\n<td bgcolor=\"#E8E8E8\" width=\"700\">\n<ul>\n<li><b>Torh\u00fcter<\/b>: <i>21<\/i> <a href=\"\/Thomas_D%C3%A4hne\" title=\"Thomas D\u00e4hne\">Thomas D\u00e4hne<\/a>, <i>30<\/i> <a href=\"\/Domenik_Schierl\" title=\"Domenik Schierl\">Domenik Schierl<\/a> <i>1<\/i> <a href=\"\/Martin_Eisl\" title=\"Martin Eisl\">Martin Eisl<\/a>  <\/li>\n<li><b>Verteidiger<\/b>: <i>4<\/i> <a href=\"\/Stefan_Lainer\" title=\"Stefan Lainer\">Stefan Lainer<\/a>, <i>5<\/i> <a href=\"\/Rene_Aufhauser\" class=\"mw-redirect\" title=\"Rene Aufhauser\">Rene Aufhauser<\/a>, <i>26<\/i> <a href=\"\/Andre_Ramalho\" class=\"mw-redirect\" title=\"Andre Ramalho\">Andre Ramalho<\/a>, <i>3<\/i> <a href=\"\/Daniel_H%C3%B6lzl\" title=\"Daniel H\u00f6lzl\">Daniel H\u00f6lzl<\/a>, <i>32<\/i> <a href=\"\/Emre_Uygur\" title=\"Emre Uygur\">Emre Uygur<\/a><\/li>\n<li><b>Mittelfeldspieler<\/b>: <i>28<\/i> <a href=\"\/Florian_Metz\" title=\"Florian Metz\">Florian Metz<\/a>, <i>22<\/i> <a href=\"\/Robert_V%C3%B6lkl\" title=\"Robert V\u00f6lkl\">Robert V\u00f6lkl<\/a>, <i>16<\/i> <a href=\"\/Stefan_Schwendinger\" title=\"Stefan Schwendinger\">Stefan Schwendinger<\/a>, <i>14<\/i> <a href=\"\/Nikola_Dovedan\" title=\"Nikola Dovedan\">Nikola Dovedan<\/a>, <i>17<\/i> <a href=\"\/Felix_Adjei\" title=\"Felix Adjei\">Felix Adjei<\/a>, <i>18<\/i> <a href=\"\/Josip_Coric\" class=\"mw-redirect\" title=\"Josip Coric\">Josip Coric<\/a>, <i>24<\/i> <a href=\"\/Stefan_Savic\" title=\"Stefan Savic\">Stefan Savic<\/a>, <i>25<\/i> <a href=\"\/Sandro_Djuric\" title=\"Sandro Djuric\">Sandro Djuric<\/a>, <i>6<\/i> <a href=\"\/Matthias_Felber\" title=\"Matthias Felber\">Matthias Felber<\/a>, <i>23<\/i> <a href=\"\/Daniel_Krenn\" title=\"Daniel Krenn\">Daniel Krenn<\/a>, <i>7<\/i> <a href=\"\/Mehmet_Bulut\" title=\"Mehmet Bulut\">Mehmet Bulut<\/a>, <i>11<\/i> <a href=\"\/Goran_Kreso\" title=\"Goran Kreso\">Goran Kreso<\/a><\/li>\n<li><b>St\u00fcrmer<\/b>: <i>9<\/i> <a href=\"\/Wolfgang_Mair\" title=\"Wolfgang Mair\">Wolfgang Mair<\/a>, <i>8<\/i> <a href=\"\/Andreas_Bammer\" title=\"Andreas Bammer\">Andreas Bammer<\/a>, <i>19<\/i> <a href=\"\/Mario_Konrad\" title=\"Mario Konrad\">Mario Konrad<\/a> <\/li>\n<li><b>Sportliche Leitung<\/b>: <a href=\"\/Peter_Zeidler\" title=\"Peter Zeidler\">Peter Zeidler<\/a> (Trainer), <a href=\"\/Heinz_Arzberger\" title=\"Heinz Arzberger\">Heinz Arzberger<\/a> (Tormann-Trainer)<\/li>\n<\/ul>\n<\/td>\n<\/tr>\n<\/tbody>\n<\/table>\n<\/div>\n","protected":false},"excerpt":{"rendered":"<p>Kader FC LieferingBearbeiten] 2012\/13 Torh\u00fcter: 21 Thomas D\u00e4hne, 30 Domenik Schierl 1 Martin Eisl Verteidiger: 4 Stefan Lainer, 5 Rene Aufhauser, 26 Andre Ramalho, 3 Daniel H\u00f6lzl, 32 Emre Uygur Mittelfeldspieler: 28 Florian Metz, 22 Robert V\u00f6lkl, 16 Stefan Schwendinger, 14 Nikola Dovedan, 17 Felix Adjei, 18 Josip Coric, 24 Stefan Savic, 25 Sandro Djuric, [&hellip;]<\/p>\n","protected":false},"author":1,"featured_media":0,"comment_status":"open","ping_status":"open","sticky":false,"template":"","format":"standard","meta":{"footnotes":""},"categories":[2420],"tags":[],"class_list":["post-5007","post","type-post","status-publish","format-standard","hentry","category-kader-2012"],"_links":{"self":[{"href":"https:\/\/wiki.s12.at\/index.php\/wp-json\/wp\/v2\/posts\/5007","targetHints":{"allow":["GET"]}}],"collection":[{"href":"https:\/\/wiki.s12.at\/index.php\/wp-json\/wp\/v2\/posts"}],"about":[{"href":"https:\/\/wiki.s12.at\/index.php\/wp-json\/wp\/v2\/types\/post"}],"author":[{"embeddable":true,"href":"https:\/\/wiki.s12.at\/index.php\/wp-json\/wp\/v2\/users\/1"}],"replies":[{"embeddable":true,"href":"https:\/\/wiki.s12.at\/index.php\/wp-json\/wp\/v2\/comments?post=5007"}],"version-history":[{"count":0,"href":"https:\/\/wiki.s12.at\/index.php\/wp-json\/wp\/v2\/posts\/5007\/revisions"}],"wp:attachment":[{"href":"https:\/\/wiki.s12.at\/index.php\/wp-json\/wp\/v2\/media?parent=5007"}],"wp:term":[{"taxonomy":"category","embeddable":true,"href":"https:\/\/wiki.s12.at\/index.php\/wp-json\/wp\/v2\/categories?post=5007"},{"taxonomy":"post_tag","embeddable":true,"href":"https:\/\/wiki.s12.at\/index.php\/wp-json\/wp\/v2\/tags?post=5007"}],"curies":[{"name":"wp","href":"https:\/\/api.w.org\/{rel}","templated":true}]}}