{"id":4995,"date":"2026-05-06T16:08:53","date_gmt":"2026-05-06T14:08:53","guid":{"rendered":"https:\/\/wiki.s12.at\/index.php\/2026\/05\/06\/kader-2004-05-sv-austria-salzburg-amateure\/"},"modified":"2026-05-06T16:08:53","modified_gmt":"2026-05-06T14:08:53","slug":"kader-2004-05-sv-austria-salzburg-amateure","status":"publish","type":"post","link":"https:\/\/wiki.s12.at\/index.php\/2026\/05\/06\/kader-2004-05-sv-austria-salzburg-amateure\/","title":{"rendered":"05 SV Austria Salzburg Amateure"},"content":{"rendered":"<div class=\"mw-parser-output\">\n<table class=\"wikitable\" width=\"750\">\n<tbody>\n<tr>\n<td bgcolor=\"#FFFFFF\" align=\"center\" width=\"80\"><b>2004\/05<\/b>\n<\/td>\n<td bgcolor=\"#E8E8E8\" width=\"700\">\n<ul>\n<li><b>Torh\u00fcter<\/b>:  <a href=\"\/Martin_Eisl\" title=\"Martin Eisl\">Martin Eisl<\/a>, <a href=\"\/Stefan_Ebner\" title=\"Stefan Ebner\">Stefan Ebner<\/a>, <a href=\"\/Florian_Kreuzwirth\" title=\"Florian Kreuzwirth\">Florian Kreuzwirth<\/a> <\/li>\n<li><b>Verteidiger<\/b>:   <a href=\"\/Dominik_Borozni\" title=\"Dominik Borozni\">Dominik Borozni<\/a>, <a href=\"\/Thomas_Gr%C3%B6bl\" title=\"Thomas Gr\u00f6bl\">Thomas Gr\u00f6bl<\/a>, <a href=\"\/Miroslav_Milosevic\" title=\"Miroslav Milosevic\">Miroslav Milosevic<\/a>, <a href=\"\/Oliver_Schmidt\" title=\"Oliver Schmidt\">Oliver Schmidt<\/a>, <a href=\"\/Bernd_Winkler\" title=\"Bernd Winkler\">Bernd Winkler<\/a> <a href=\"\/Michael_Obermair\" title=\"Michael Obermair\">Michael Obermair<\/a>, <a href=\"\/Mihael_Rajic\" title=\"Mihael Rajic\">Mihael Rajic<\/a>, <a href=\"\/Alexander_P%C3%B6llhuber\" title=\"Alexander P\u00f6llhuber\">Alexander P\u00f6llhuber<\/a>, <a href=\"\/Roman_Gloning\" title=\"Roman Gloning\">Roman Gloning<\/a> <\/li>\n<li><b>Mittelfeldspieler<\/b>: <a href=\"\/Ingo_Enzenberger\" title=\"Ingo Enzenberger\">Ingo Enzenberger<\/a>, <a href=\"\/Georg_Seidl\" title=\"Georg Seidl\">Georg Seidl<\/a>, <a href=\"\/Pa_Ousman_Sonko\" title=\"Pa Ousman Sonko\">Pa Ousman Sonko<\/a>, <a href=\"\/Thomas_Eder\" title=\"Thomas Eder\">Thomas Eder<\/a>, <a href=\"\/Matthias_Sch%C3%B6negger\" title=\"Matthias Sch\u00f6negger\">Matthias Sch\u00f6negger<\/a> ,<a href=\"\/Alexander_Schriebl\" title=\"Alexander Schriebl\">Alexander Schriebl<\/a><\/li>\n<li><b>St\u00fcrmer<\/b>:  <a href=\"\/Markus_Felfernig\" title=\"Markus Felfernig\">Markus Felfernig<\/a>, <a href=\"\/Erwin_Keil\" title=\"Erwin Keil\">Erwin Keil<\/a>, <a href=\"\/Jovan_Trailovic\" title=\"Jovan Trailovic\">Jovan Trailovic<\/a>, <a href=\"\/Mario_Krimbacher\" title=\"Mario Krimbacher\">Mario Krimbacher<\/a><\/li>\n<li><b>Sportliche Leitung<\/b>: <a href=\"\/Franz_Aigner\" title=\"Franz Aigner\">Franz Aigner<\/a>  (Trainer),&#160;?  (Co-Trainer)<\/li>\n<\/ul>\n<\/td>\n<\/tr>\n<\/tbody>\n<\/table>\n<\/div>\n","protected":false},"excerpt":{"rendered":"<p>2004\/05 Torh\u00fcter: Martin Eisl, Stefan Ebner, Florian Kreuzwirth Verteidiger: Dominik Borozni, Thomas Gr\u00f6bl, Miroslav Milosevic, Oliver Schmidt, Bernd Winkler Michael Obermair, Mihael Rajic, Alexander P\u00f6llhuber, Roman Gloning Mittelfeldspieler: Ingo Enzenberger, Georg Seidl, Pa Ousman Sonko, Thomas Eder, Matthias Sch\u00f6negger ,Alexander Schriebl St\u00fcrmer: Markus Felfernig, Erwin Keil, Jovan Trailovic, Mario Krimbacher Sportliche Leitung: Franz Aigner (Trainer),&#160;? [&hellip;]<\/p>\n","protected":false},"author":1,"featured_media":0,"comment_status":"open","ping_status":"open","sticky":false,"template":"","format":"standard","meta":{"footnotes":""},"categories":[2412],"tags":[],"class_list":["post-4995","post","type-post","status-publish","format-standard","hentry","category-kader-2004"],"_links":{"self":[{"href":"https:\/\/wiki.s12.at\/index.php\/wp-json\/wp\/v2\/posts\/4995","targetHints":{"allow":["GET"]}}],"collection":[{"href":"https:\/\/wiki.s12.at\/index.php\/wp-json\/wp\/v2\/posts"}],"about":[{"href":"https:\/\/wiki.s12.at\/index.php\/wp-json\/wp\/v2\/types\/post"}],"author":[{"embeddable":true,"href":"https:\/\/wiki.s12.at\/index.php\/wp-json\/wp\/v2\/users\/1"}],"replies":[{"embeddable":true,"href":"https:\/\/wiki.s12.at\/index.php\/wp-json\/wp\/v2\/comments?post=4995"}],"version-history":[{"count":0,"href":"https:\/\/wiki.s12.at\/index.php\/wp-json\/wp\/v2\/posts\/4995\/revisions"}],"wp:attachment":[{"href":"https:\/\/wiki.s12.at\/index.php\/wp-json\/wp\/v2\/media?parent=4995"}],"wp:term":[{"taxonomy":"category","embeddable":true,"href":"https:\/\/wiki.s12.at\/index.php\/wp-json\/wp\/v2\/categories?post=4995"},{"taxonomy":"post_tag","embeddable":true,"href":"https:\/\/wiki.s12.at\/index.php\/wp-json\/wp\/v2\/tags?post=4995"}],"curies":[{"name":"wp","href":"https:\/\/api.w.org\/{rel}","templated":true}]}}