{"id":4993,"date":"2026-05-06T16:08:52","date_gmt":"2026-05-06T14:08:52","guid":{"rendered":"https:\/\/wiki.s12.at\/index.php\/2026\/05\/06\/kader-2003-04-sv-austria-salzburg-amateure\/"},"modified":"2026-05-06T16:08:52","modified_gmt":"2026-05-06T14:08:52","slug":"kader-2003-04-sv-austria-salzburg-amateure","status":"publish","type":"post","link":"https:\/\/wiki.s12.at\/index.php\/2026\/05\/06\/kader-2003-04-sv-austria-salzburg-amateure\/","title":{"rendered":"04 SV Austria Salzburg Amateure"},"content":{"rendered":"<div class=\"mw-parser-output\">\n<table class=\"wikitable\" width=\"750\">\n<tbody>\n<tr>\n<td bgcolor=\"#FFFFFF\" align=\"center\" width=\"80\"><b>2003\/04<\/b>\n<\/td>\n<td bgcolor=\"#E8E8E8\" width=\"700\">\n<ul>\n<li><b>Torh\u00fcter<\/b>:  <a href=\"\/Martin_Eisl\" title=\"Martin Eisl\">Martin Eisl<\/a>, <a href=\"\/Pascal_Gr%C3%BCnwald\" title=\"Pascal Gr\u00fcnwald\">Pascal Gr\u00fcnwald<\/a> <\/li>\n<li><b>Verteidiger<\/b>:   <a href=\"\/Dominik_Borozni\" title=\"Dominik Borozni\">Dominik Borozni<\/a>, <a href=\"\/Michael_Obermair\" title=\"Michael Obermair\">Michael Obermair<\/a>, <a href=\"\/Alexander_P%C3%B6llhuber\" title=\"Alexander P\u00f6llhuber\">Alexander P\u00f6llhuber<\/a>, <a href=\"\/Roman_Gloning\" title=\"Roman Gloning\">Roman Gloning<\/a>, <a href=\"\/Miroslav_Milosevic\" title=\"Miroslav Milosevic\">Miroslav Milosevic<\/a>, <a href=\"\/Josko_Bilic\" title=\"Josko Bilic\">Josko Bilic<\/a>, <a href=\"\/Julio_Suazo\" class=\"mw-redirect\" title=\"Julio Suazo\">Julio Suazo<\/a><\/li>\n<li><b>Mittelfeldspieler<\/b>:<a href=\"\/Rene_Wanner\" title=\"Rene Wanner\">Rene Wanner<\/a>, <a href=\"\/Johannes_Woldeab\" class=\"mw-redirect\" title=\"Johannes Woldeab\">Johannes Woldeab<\/a>, <a href=\"\/Bernhard_Kletzl\" title=\"Bernhard Kletzl\">Bernhard Kletzl<\/a>, <a href=\"\/Ernst_%C3%96bster\" title=\"Ernst \u00d6bster\">Ernst \u00d6bster<\/a>, <a href=\"\/J%C3%BCrgen_Friedl\" title=\"J\u00fcrgen Friedl\">J\u00fcrgen Friedl<\/a>, <a href=\"\/Kenan_Kocak\" title=\"Kenan Kocak\">Kenan Kocak<\/a>, <a href=\"\/Sebastian_Bachleitner\" title=\"Sebastian Bachleitner\">Sebastian Bachleitner<\/a><\/li>\n<li><b>St\u00fcrmer<\/b>:  <a href=\"\/Markus_Felfernig\" title=\"Markus Felfernig\">Markus Felfernig<\/a>, <a href=\"\/Erwin_Keil\" title=\"Erwin Keil\">Erwin Keil<\/a>, <a href=\"\/Mario_Krimbacher\" title=\"Mario Krimbacher\">Mario Krimbacher<\/a>, <a href=\"\/Zarko_Cavic\" title=\"Zarko Cavic\">Zarko Cavic<\/a>, <a href=\"\/Goran_Tomic\" title=\"Goran Tomic\">Goran Tomic<\/a>, <a href=\"\/Dominic_Hassler\" title=\"Dominic Hassler\">Dominic Hassler<\/a>, <a href=\"\/Wolfgang_Schlecht\" title=\"Wolfgang Schlecht\">Wolfgang Schlecht<\/a>, <a href=\"\/Jovan_Trailovic\" title=\"Jovan Trailovic\">Jovan Trailovic<\/a><\/li>\n<li><b>unbekannte Position<\/b>: <a href=\"\/Adil_Demir\" title=\"Adil Demir\">Adil Demir<\/a>, <a href=\"\/Gerhard_Winkler\" title=\"Gerhard Winkler\">Gerhard Winkler<\/a><\/li>\n<li><b>Sportliche Leitung<\/b>: <a href=\"\/Franz_Aigner\" title=\"Franz Aigner\">Franz Aigner<\/a>  (Trainer),&#160;?  (Co-Trainer)<\/li>\n<\/ul>\n<\/td>\n<\/tr>\n<\/tbody>\n<\/table>\n<\/div>\n","protected":false},"excerpt":{"rendered":"<p>2003\/04 Torh\u00fcter: Martin Eisl, Pascal Gr\u00fcnwald Verteidiger: Dominik Borozni, Michael Obermair, Alexander P\u00f6llhuber, Roman Gloning, Miroslav Milosevic, Josko Bilic, Julio Suazo Mittelfeldspieler:Rene Wanner, Johannes Woldeab, Bernhard Kletzl, Ernst \u00d6bster, J\u00fcrgen Friedl, Kenan Kocak, Sebastian Bachleitner St\u00fcrmer: Markus Felfernig, Erwin Keil, Mario Krimbacher, Zarko Cavic, Goran Tomic, Dominic Hassler, Wolfgang Schlecht, Jovan Trailovic unbekannte Position: Adil [&hellip;]<\/p>\n","protected":false},"author":1,"featured_media":0,"comment_status":"open","ping_status":"open","sticky":false,"template":"","format":"standard","meta":{"footnotes":""},"categories":[2411],"tags":[],"class_list":["post-4993","post","type-post","status-publish","format-standard","hentry","category-kader-2003"],"_links":{"self":[{"href":"https:\/\/wiki.s12.at\/index.php\/wp-json\/wp\/v2\/posts\/4993","targetHints":{"allow":["GET"]}}],"collection":[{"href":"https:\/\/wiki.s12.at\/index.php\/wp-json\/wp\/v2\/posts"}],"about":[{"href":"https:\/\/wiki.s12.at\/index.php\/wp-json\/wp\/v2\/types\/post"}],"author":[{"embeddable":true,"href":"https:\/\/wiki.s12.at\/index.php\/wp-json\/wp\/v2\/users\/1"}],"replies":[{"embeddable":true,"href":"https:\/\/wiki.s12.at\/index.php\/wp-json\/wp\/v2\/comments?post=4993"}],"version-history":[{"count":0,"href":"https:\/\/wiki.s12.at\/index.php\/wp-json\/wp\/v2\/posts\/4993\/revisions"}],"wp:attachment":[{"href":"https:\/\/wiki.s12.at\/index.php\/wp-json\/wp\/v2\/media?parent=4993"}],"wp:term":[{"taxonomy":"category","embeddable":true,"href":"https:\/\/wiki.s12.at\/index.php\/wp-json\/wp\/v2\/categories?post=4993"},{"taxonomy":"post_tag","embeddable":true,"href":"https:\/\/wiki.s12.at\/index.php\/wp-json\/wp\/v2\/tags?post=4993"}],"curies":[{"name":"wp","href":"https:\/\/api.w.org\/{rel}","templated":true}]}}