{"id":4985,"date":"2026-05-06T16:08:46","date_gmt":"2026-05-06T14:08:46","guid":{"rendered":"https:\/\/wiki.s12.at\/index.php\/2026\/05\/06\/kader-1999-00-sv-austria-salzburg-amateure\/"},"modified":"2026-05-06T16:08:46","modified_gmt":"2026-05-06T14:08:46","slug":"kader-1999-00-sv-austria-salzburg-amateure","status":"publish","type":"post","link":"https:\/\/wiki.s12.at\/index.php\/2026\/05\/06\/kader-1999-00-sv-austria-salzburg-amateure\/","title":{"rendered":"00 SV Austria Salzburg Amateure"},"content":{"rendered":"<div class=\"mw-parser-output\">\n<table class=\"wikitable\" width=\"750\">\n<tbody>\n<tr>\n<td bgcolor=\"#FFFFFF\" align=\"center\" width=\"80\"><b>1999\/00<\/b>\n<\/td>\n<td bgcolor=\"#E8E8E8\" width=\"700\">\n<ul>\n<li><b>Torh\u00fcter<\/b>: <a href=\"\/Heinz_Arzberger\" title=\"Heinz Arzberger\">Heinz Arzberger<\/a>, <a href=\"\/Florian_Posch\" title=\"Florian Posch\">Florian Posch<\/a>  <\/li>\n<li><b>Verteidiger<\/b>:   <a href=\"\/Christoph_Plan%C3%B6tscher\" title=\"Christoph Plan\u00f6tscher\">Christoph Plan\u00f6tscher<\/a>, <a href=\"\/Bernhard_Weintritt\" title=\"Bernhard Weintritt\">Bernhard Weintritt<\/a>, <a href=\"\/Thomas_Schmidhuber\" title=\"Thomas Schmidhuber\">Thomas Schmidhuber<\/a>, <a href=\"\/Markus_F%C3%BCrstaller\" title=\"Markus F\u00fcrstaller\">Markus F\u00fcrstaller<\/a>, <a href=\"\/Roman_Hupf\" title=\"Roman Hupf\">Roman Hupf<\/a>, <a href=\"\/Bernd_Winkler\" title=\"Bernd Winkler\">Bernd Winkler<\/a>, <a href=\"\/Hannes_Schneidhofer\" title=\"Hannes Schneidhofer\">Hannes Schneidhofer<\/a> <\/li>\n<li><b>Mittelfeldspieler<\/b>: <a href=\"\/Thomas_Eder\" title=\"Thomas Eder\">Thomas Eder<\/a>, <a href=\"\/Luka_Kovacic\" title=\"Luka Kovacic\">Luka Kovacic<\/a>, <a href=\"\/Bernd_Hiller\" title=\"Bernd Hiller\">Bernd Hiller<\/a>, <a href=\"\/Christoph_Mamoser\" title=\"Christoph Mamoser\">Christoph Mamoser<\/a> <\/li>\n<li><b>St\u00fcrmer<\/b>:  <a href=\"\/Erwin_Keil\" title=\"Erwin Keil\">Erwin Keil<\/a>, <a href=\"\/Robert_Spiric\" title=\"Robert Spiric\">Robert Spiric<\/a>, <a href=\"\/Werner_Promberger\" title=\"Werner Promberger\">Werner Promberger<\/a>, <a href=\"\/Alexander_Ivinger\" title=\"Alexander Ivinger\">Alexander Ivinger<\/a> <\/li>\n<li><b>Sportliche Leitung<\/b>: <a href=\"\/Peter_Roither\" title=\"Peter Roither\">Peter Roither<\/a>  (Trainer),&#160;?  (Co-Trainer)<\/li>\n<\/ul>\n<\/td>\n<\/tr>\n<\/tbody>\n<\/table>\n<\/div>\n","protected":false},"excerpt":{"rendered":"<p>1999\/00 Torh\u00fcter: Heinz Arzberger, Florian Posch Verteidiger: Christoph Plan\u00f6tscher, Bernhard Weintritt, Thomas Schmidhuber, Markus F\u00fcrstaller, Roman Hupf, Bernd Winkler, Hannes Schneidhofer Mittelfeldspieler: Thomas Eder, Luka Kovacic, Bernd Hiller, Christoph Mamoser St\u00fcrmer: Erwin Keil, Robert Spiric, Werner Promberger, Alexander Ivinger Sportliche Leitung: Peter Roither (Trainer),&#160;? (Co-Trainer)<\/p>\n","protected":false},"author":1,"featured_media":0,"comment_status":"open","ping_status":"open","sticky":false,"template":"","format":"standard","meta":{"footnotes":""},"categories":[2407],"tags":[],"class_list":["post-4985","post","type-post","status-publish","format-standard","hentry","category-kader-1999"],"_links":{"self":[{"href":"https:\/\/wiki.s12.at\/index.php\/wp-json\/wp\/v2\/posts\/4985","targetHints":{"allow":["GET"]}}],"collection":[{"href":"https:\/\/wiki.s12.at\/index.php\/wp-json\/wp\/v2\/posts"}],"about":[{"href":"https:\/\/wiki.s12.at\/index.php\/wp-json\/wp\/v2\/types\/post"}],"author":[{"embeddable":true,"href":"https:\/\/wiki.s12.at\/index.php\/wp-json\/wp\/v2\/users\/1"}],"replies":[{"embeddable":true,"href":"https:\/\/wiki.s12.at\/index.php\/wp-json\/wp\/v2\/comments?post=4985"}],"version-history":[{"count":0,"href":"https:\/\/wiki.s12.at\/index.php\/wp-json\/wp\/v2\/posts\/4985\/revisions"}],"wp:attachment":[{"href":"https:\/\/wiki.s12.at\/index.php\/wp-json\/wp\/v2\/media?parent=4985"}],"wp:term":[{"taxonomy":"category","embeddable":true,"href":"https:\/\/wiki.s12.at\/index.php\/wp-json\/wp\/v2\/categories?post=4985"},{"taxonomy":"post_tag","embeddable":true,"href":"https:\/\/wiki.s12.at\/index.php\/wp-json\/wp\/v2\/tags?post=4985"}],"curies":[{"name":"wp","href":"https:\/\/api.w.org\/{rel}","templated":true}]}}