{"id":4979,"date":"2026-05-06T16:08:43","date_gmt":"2026-05-06T14:08:43","guid":{"rendered":"https:\/\/wiki.s12.at\/index.php\/2026\/05\/06\/kader-1995-96\/"},"modified":"2026-05-06T16:08:43","modified_gmt":"2026-05-06T14:08:43","slug":"kader-1995-96","status":"publish","type":"post","link":"https:\/\/wiki.s12.at\/index.php\/2026\/05\/06\/kader-1995-96\/","title":{"rendered":"96"},"content":{"rendered":"<div class=\"mw-parser-output\">\n<table class=\"wikitable\" width=\"800\">\n<tbody>\n<tr>\n<td align=\"center\" width=\"80\"><b>1995\/96<\/b>\n<\/td>\n<td bgcolor=\"#E8E8E8\" width=\"700\">\n<ul>\n<li><b>Torh\u00fcter<\/b>: 21 \t<a href=\"\/Herbert_Ilsanker\" title=\"Herbert Ilsanker\">Herbert Ilsanker<\/a> ,1 <a href=\"\/Otto_Konrad\" title=\"Otto Konrad\">Otto Konrad<\/a>,? <a href=\"\/Alexander_Manninger\" title=\"Alexander Manninger\">Alexander Manninger<\/a> <\/li>\n<li><b>Verteidiger<\/b>: 10 <a href=\"\/Wolfgang_Feiersinger\" title=\"Wolfgang Feiersinger\">Wolfgang Feiersinger<\/a>, 5 <a href=\"\/Christian_F%C3%BCrstaller\" title=\"Christian F\u00fcrstaller\">Christian F\u00fcrstaller<\/a>, 12 <a href=\"\/Martin_Hiden\" title=\"Martin Hiden\">Martin Hiden<\/a> 2 <a href=\"\/Leo_Lainer\" class=\"mw-redirect\" title=\"Leo Lainer\">Leo Lainer<\/a> 13 <a href=\"\/Thomas_Winklhofer\" title=\"Thomas Winklhofer\">Thomas Winklhofer<\/a> <\/li>\n<li><b>Mittelfeldspieler<\/b>: 6 <a href=\"\/Franz_Aigner\" title=\"Franz Aigner\">Franz Aigner<\/a>, 8 <a href=\"\/Peter_Artner\" title=\"Peter Artner\">Peter Artner<\/a>, 14 <a href=\"\/Adolf_H%C3%BCtter\" title=\"Adolf H\u00fctter\">Adi H\u00fctter<\/a>, 3 <a href=\"\/Tomislav_Kocijan\" title=\"Tomislav Kocijan\">Tomislav Kocijan<\/a>, 7 <a href=\"\/Marco_Antonio_dos_Santos\" title=\"Marco Antonio dos Santos\">Marquinho<\/a>, 3 <a href=\"\/Manfred_Pamminger\" title=\"Manfred Pamminger\">Manfred Pamminger<\/a>, 15 <a href=\"\/Gernot_Plassnegger\" title=\"Gernot Plassnegger\">Gernot Plassnegger<\/a>, 20 <a href=\"\/Christian_Prosenik\" title=\"Christian Prosenik\">Christian Prosenik<\/a>, 17 <a href=\"\/Dean_Ra%C4%8Dunica\" class=\"mw-redirect\" title=\"Dean Ra\u010dunica\">Dean Ra\u010dunica <\/a>, 15 <a href=\"\/Helmut_Rottensteiner\" title=\"Helmut Rottensteiner\">Helmut Rottensteiner<\/a> <\/li>\n<li><b>St\u00fcrmer<\/b>: 16 <a href=\"\/Bica\" class=\"mw-redirect\" title=\"Bica\">Bica<\/a>, 9 <a href=\"\/Ralph_Hasenh%C3%BCttl\" title=\"Ralph Hasenh\u00fcttl\">Ralph Hasenh\u00fcttl<\/a>, 18 <a href=\"\/Tibor_Jancula\" title=\"Tibor Jancula\">Tibor Jancula<\/a>, 19 <a href=\"\/Heimo_Pfeifenberger\" title=\"Heimo Pfeifenberger\">Heimo Pfeifenberger<\/a>, 11 <a href=\"\/Hermann_Stadler\" title=\"Hermann Stadler\">Hermann Stadler<\/a>, 23 <a href=\"\/Gerhard_Struber\" title=\"Gerhard Struber\">Gerhard Struber<\/a><\/li>\n<li><b>Sportliche Leitung<\/b>: <a href=\"\/Heribert_Weber\" title=\"Heribert Weber\">Heribert Weber<\/a> (Trainer), <a href=\"\/Sre%C4%87ko_Kurba%C5%A1a\" title=\"Sre\u0107ko Kurba\u0161a\">Sre\u0107ko Kurba\u0161a<\/a> (Co-Trainer), <a href=\"\/Herbert_Rettensteiner\" title=\"Herbert Rettensteiner\">Herbert Rettensteiner<\/a> (Tormanntrainer)<\/li>\n<\/ul>\n<\/td>\n<td>\n<\/td>\n<\/tr>\n<\/tbody>\n<\/table>\n<\/div>\n","protected":false},"excerpt":{"rendered":"<p>1995\/96 Torh\u00fcter: 21 Herbert Ilsanker ,1 Otto Konrad,? Alexander Manninger Verteidiger: 10 Wolfgang Feiersinger, 5 Christian F\u00fcrstaller, 12 Martin Hiden 2 Leo Lainer 13 Thomas Winklhofer Mittelfeldspieler: 6 Franz Aigner, 8 Peter Artner, 14 Adi H\u00fctter, 3 Tomislav Kocijan, 7 Marquinho, 3 Manfred Pamminger, 15 Gernot Plassnegger, 20 Christian Prosenik, 17 Dean Ra\u010dunica , 15 [&hellip;]<\/p>\n","protected":false},"author":1,"featured_media":0,"comment_status":"open","ping_status":"open","sticky":false,"template":"","format":"standard","meta":{"footnotes":""},"categories":[2403],"tags":[],"class_list":["post-4979","post","type-post","status-publish","format-standard","hentry","category-kader-1995"],"_links":{"self":[{"href":"https:\/\/wiki.s12.at\/index.php\/wp-json\/wp\/v2\/posts\/4979","targetHints":{"allow":["GET"]}}],"collection":[{"href":"https:\/\/wiki.s12.at\/index.php\/wp-json\/wp\/v2\/posts"}],"about":[{"href":"https:\/\/wiki.s12.at\/index.php\/wp-json\/wp\/v2\/types\/post"}],"author":[{"embeddable":true,"href":"https:\/\/wiki.s12.at\/index.php\/wp-json\/wp\/v2\/users\/1"}],"replies":[{"embeddable":true,"href":"https:\/\/wiki.s12.at\/index.php\/wp-json\/wp\/v2\/comments?post=4979"}],"version-history":[{"count":0,"href":"https:\/\/wiki.s12.at\/index.php\/wp-json\/wp\/v2\/posts\/4979\/revisions"}],"wp:attachment":[{"href":"https:\/\/wiki.s12.at\/index.php\/wp-json\/wp\/v2\/media?parent=4979"}],"wp:term":[{"taxonomy":"category","embeddable":true,"href":"https:\/\/wiki.s12.at\/index.php\/wp-json\/wp\/v2\/categories?post=4979"},{"taxonomy":"post_tag","embeddable":true,"href":"https:\/\/wiki.s12.at\/index.php\/wp-json\/wp\/v2\/tags?post=4979"}],"curies":[{"name":"wp","href":"https:\/\/api.w.org\/{rel}","templated":true}]}}