{"id":4974,"date":"2026-05-06T16:08:40","date_gmt":"2026-05-06T14:08:40","guid":{"rendered":"https:\/\/wiki.s12.at\/index.php\/2026\/05\/06\/kader-1988-89\/"},"modified":"2026-05-06T16:08:40","modified_gmt":"2026-05-06T14:08:40","slug":"kader-1988-89","status":"publish","type":"post","link":"https:\/\/wiki.s12.at\/index.php\/2026\/05\/06\/kader-1988-89\/","title":{"rendered":"89"},"content":{"rendered":"<div class=\"mw-parser-output\">\n<h2><span class=\"mw-headline\" id=\"Kader\">Kader<\/span><a href=\"\/index.php?title=Kader_1988\/89&amp;action=edit&amp;section=1\" title=\"Abschnitt bearbeiten: Kader\">Bearbeiten<\/a><span class=\"mw-editsection-bracket\">]<\/span><\/span><\/h2>\n<table class=\"wikitable\" width=\"850\">\n<tbody>\n<tr>\n<td bgcolor=\"#FFFFFF\" align=\"center\" width=\"80\"><b>1988\/89<\/b>\n<\/td>\n<td bgcolor=\"#E8E8E8\" width=\"700\">\n<ul>\n<li><b>Torh\u00fcter<\/b>: <a href=\"\/Marinko_Koljanin\" title=\"Marinko Koljanin\">Marinko Koljanin<\/a>, <a href=\"\/Peter_Burgstaller\" title=\"Peter Burgstaller\">Peter Burgstaller<\/a>, <a href=\"\/Michael_Schwaiger\" title=\"Michael Schwaiger\">Michael Schwaiger<\/a>, <a href=\"\/Gerald_Lettmayer\" title=\"Gerald Lettmayer\">Gerald Lettmayer<\/a><\/li>\n<li><b>Verteidiger<\/b>:<a href=\"\/Josef_Bauer\" title=\"Josef Bauer\">Josef Bauer<\/a>, <a href=\"\/Wolfgang_Feiersinger\" title=\"Wolfgang Feiersinger\">Wolfgang Feiersinger<\/a>, <a href=\"\/Christian_F%C3%BCrstaller\" title=\"Christian F\u00fcrstaller\">Christian F\u00fcrstaller<\/a>,<a href=\"\/Christian_Helminger\" title=\"Christian Helminger\">Christian Helminger<\/a>, <a href=\"\/Karl_Hodits\" title=\"Karl Hodits\">Karl Hodits<\/a>, <a href=\"\/Martin_%C3%96llerer\" title=\"Martin \u00d6llerer\">Martin \u00d6llerer<\/a> <\/li>\n<li><b>Mittelfeldspieler<\/b>:<a href=\"\/Franz_Aigner\" title=\"Franz Aigner\">Franz Aigner<\/a>, <a href=\"\/Helmut_Baic\" title=\"Helmut Baic\">Helmut Baic<\/a>, <a href=\"\/Harald_Fesl\" title=\"Harald Fesl\">Harald Fesl<\/a>, <a href=\"\/Walter_Koch\" title=\"Walter Koch\">Walter Koch<\/a>, <a href=\"\/Miroslav_Polak\" class=\"mw-redirect\" title=\"Miroslav Polak\">Miroslav Polak<\/a>, <a href=\"\/Hannes_Reinmayr\" title=\"Hannes Reinmayr\">Hannes Reinmayr<\/a>, <a href=\"\/Manfred_Schill\" title=\"Manfred Schill\">Manfred Schill<\/a>, <a href=\"\/Robert_Scheiber\" title=\"Robert Scheiber\">Robert Scheiber<\/a>, <a href=\"\/Christian_Hirsch\" title=\"Christian Hirsch\">Christian Hirsch<\/a><\/li>\n<li><b>St\u00fcrmer<\/b>:<a href=\"\/M%C3%A1rton_Esterh%C3%A1zy\" title=\"M\u00e1rton Esterh\u00e1zy\">M\u00e1rton Esterh\u00e1zy<\/a>, <a href=\"\/Hans_Krankl\" class=\"mw-redirect\" title=\"Hans Krankl\">Hans Krankl<\/a> <a href=\"\/Srecko_Kurbasa\" class=\"mw-redirect\" title=\"Srecko Kurbasa\">Srecko Kurbasa<\/a>, <a href=\"\/Joachim_Moitzi\" title=\"Joachim Moitzi\">Joachim Moitzi<\/a>, <a href=\"\/Hermann_Stadler\" title=\"Hermann Stadler\">Hermann Stadler<\/a>, <a href=\"\/Gernot_Teufl\" title=\"Gernot Teufl\">Gernot Teufl<\/a><\/li>\n<li><b>Sportliche Leitung<\/b>: <a href=\"\/Kurt_Wiebach\" title=\"Kurt Wiebach\">Kurt Wiebach<\/a> (Trainer), <a href=\"\/Herbert_Rettensteiner\" title=\"Herbert Rettensteiner\">Herbert Rettensteiner<\/a> (Torwarttrainer)<\/li>\n<\/ul>\n<\/td>\n<\/tr>\n<\/tbody>\n<\/table>\n<\/div>\n","protected":false},"excerpt":{"rendered":"<p>KaderBearbeiten] 1988\/89 Torh\u00fcter: Marinko Koljanin, Peter Burgstaller, Michael Schwaiger, Gerald Lettmayer Verteidiger:Josef Bauer, Wolfgang Feiersinger, Christian F\u00fcrstaller,Christian Helminger, Karl Hodits, Martin \u00d6llerer Mittelfeldspieler:Franz Aigner, Helmut Baic, Harald Fesl, Walter Koch, Miroslav Polak, Hannes Reinmayr, Manfred Schill, Robert Scheiber, Christian Hirsch St\u00fcrmer:M\u00e1rton Esterh\u00e1zy, Hans Krankl Srecko Kurbasa, Joachim Moitzi, Hermann Stadler, Gernot Teufl Sportliche Leitung: Kurt [&hellip;]<\/p>\n","protected":false},"author":1,"featured_media":0,"comment_status":"open","ping_status":"open","sticky":false,"template":"","format":"standard","meta":{"footnotes":""},"categories":[2398],"tags":[],"class_list":["post-4974","post","type-post","status-publish","format-standard","hentry","category-kader-1988"],"_links":{"self":[{"href":"https:\/\/wiki.s12.at\/index.php\/wp-json\/wp\/v2\/posts\/4974","targetHints":{"allow":["GET"]}}],"collection":[{"href":"https:\/\/wiki.s12.at\/index.php\/wp-json\/wp\/v2\/posts"}],"about":[{"href":"https:\/\/wiki.s12.at\/index.php\/wp-json\/wp\/v2\/types\/post"}],"author":[{"embeddable":true,"href":"https:\/\/wiki.s12.at\/index.php\/wp-json\/wp\/v2\/users\/1"}],"replies":[{"embeddable":true,"href":"https:\/\/wiki.s12.at\/index.php\/wp-json\/wp\/v2\/comments?post=4974"}],"version-history":[{"count":0,"href":"https:\/\/wiki.s12.at\/index.php\/wp-json\/wp\/v2\/posts\/4974\/revisions"}],"wp:attachment":[{"href":"https:\/\/wiki.s12.at\/index.php\/wp-json\/wp\/v2\/media?parent=4974"}],"wp:term":[{"taxonomy":"category","embeddable":true,"href":"https:\/\/wiki.s12.at\/index.php\/wp-json\/wp\/v2\/categories?post=4974"},{"taxonomy":"post_tag","embeddable":true,"href":"https:\/\/wiki.s12.at\/index.php\/wp-json\/wp\/v2\/tags?post=4974"}],"curies":[{"name":"wp","href":"https:\/\/api.w.org\/{rel}","templated":true}]}}