{"id":4973,"date":"2026-05-06T16:08:40","date_gmt":"2026-05-06T14:08:40","guid":{"rendered":"https:\/\/wiki.s12.at\/index.php\/2026\/05\/06\/kader-1987-88\/"},"modified":"2026-05-06T16:08:40","modified_gmt":"2026-05-06T14:08:40","slug":"kader-1987-88","status":"publish","type":"post","link":"https:\/\/wiki.s12.at\/index.php\/2026\/05\/06\/kader-1987-88\/","title":{"rendered":"88"},"content":{"rendered":"<div class=\"mw-parser-output\">\n<h2><span class=\"mw-headline\" id=\"Kader\">Kader<\/span><a href=\"\/index.php?title=Kader_1987\/88&amp;action=edit&amp;section=1\" title=\"Abschnitt bearbeiten: Kader\">Bearbeiten<\/a><span class=\"mw-editsection-bracket\">]<\/span><\/span><\/h2>\n<table class=\"wikitable\" width=\"850\">\n<tbody>\n<tr>\n<td bgcolor=\"#FFFFFF\" align=\"center\" width=\"80\"><b>1987\/88<\/b>\n<\/td>\n<td bgcolor=\"#E8E8E8\" width=\"700\">\n<ul>\n<li><b>Torh\u00fcter<\/b>: <a href=\"\/Marinko_Koljanin\" title=\"Marinko Koljanin\">Marinko Koljanin<\/a>, <a href=\"\/Peter_Zajicek\" title=\"Peter Zajicek\">Peter Zajicek<\/a>, <a href=\"\/Gerald_Lettmayer\" title=\"Gerald Lettmayer\">Gerald Lettmayer<\/a><\/li>\n<li><b>Verteidiger<\/b>:<a href=\"\/Robert_Auer\" title=\"Robert Auer\">Robert Auer<\/a>, <a href=\"\/Helmut_Edelmaier\" title=\"Helmut Edelmaier\">Helmut Edelmaier<\/a>, <a href=\"\/Wolfgang_Feiersinger\" title=\"Wolfgang Feiersinger\">Wolfgang Feiersinger<\/a>, <a href=\"\/Christian_F%C3%BCrstaller\" title=\"Christian F\u00fcrstaller\">Christian F\u00fcrstaller<\/a>, <a href=\"\/Christian_Helminger\" title=\"Christian Helminger\">Christian Helminger<\/a> , <a href=\"\/Karl_Hodits\" title=\"Karl Hodits\">Karl Hodits<\/a> ,\t<a href=\"\/Martin_%C3%96llerer\" title=\"Martin \u00d6llerer\">Martin \u00d6llerer<\/a>, <a href=\"\/Leo_Lainer\" class=\"mw-redirect\" title=\"Leo Lainer\">Leo Lainer<\/a>, <a href=\"\/Erich_Illmer\" title=\"Erich Illmer\">Erich Illmer<\/a>, <a href=\"\/Wolfgang_Hupfauf\" title=\"Wolfgang Hupfauf\">Wolfgang Hupfauf<\/a> <\/li>\n<li><b>Mittelfeldspieler<\/b>:<a href=\"\/Helmut_Baic\" title=\"Helmut Baic\">Helmut Baic<\/a>, <a href=\"\/Walter_Koch\" title=\"Walter Koch\">Walter Koch<\/a>, <a href=\"\/Stefan_Stryjsky\" title=\"Stefan Stryjsky\">Stefan Stryjsky<\/a>, <a href=\"\/Raimund_Neumayer\" title=\"Raimund Neumayer\">Raimund Neumayer<\/a><\/li>\n<li><b>St\u00fcrmer<\/b>:<a href=\"\/Werner_B%C3%BCrgler\" title=\"Werner B\u00fcrgler\">Werner B\u00fcrgler<\/a>, <a href=\"\/M%C3%A1rton_Esterh%C3%A1zy\" title=\"M\u00e1rton Esterh\u00e1zy\">M\u00e1rton Esterh\u00e1zy<\/a>, <a href=\"\/Srecko_Kurbasa\" class=\"mw-redirect\" title=\"Srecko Kurbasa\">Srecko Kurbasa<\/a>, <a href=\"\/Heimo_Pfeifenberger\" title=\"Heimo Pfeifenberger\">Heimo Pfeifenberger<\/a>, <a href=\"\/Anton_Schn%C3%B6ll\" title=\"Anton Schn\u00f6ll\">Anton Schn\u00f6ll<\/a>, <a href=\"\/Hermann_Stadler\" title=\"Hermann Stadler\">Hermann Stadler<\/a> , <a href=\"\/Gernot_Teufl\" title=\"Gernot Teufl\">Gernot Teufl<\/a>, <a href=\"\/Efrem_Mocinic\" title=\"Efrem Mocinic\">Efrem Mocinic<\/a><\/li>\n<li><b>Sportliche Leitung<\/b>: <a href=\"\/Hannes_Winklbauer\" title=\"Hannes Winklbauer\">Hannes Winklbauer<\/a> (Trainer), <a href=\"\/Herbert_Rettensteiner\" title=\"Herbert Rettensteiner\">Herbert Rettensteiner<\/a> (Torwarttrainer)<\/li>\n<\/ul>\n<\/td>\n<\/tr>\n<\/tbody>\n<\/table>\n<\/div>\n","protected":false},"excerpt":{"rendered":"<p>KaderBearbeiten] 1987\/88 Torh\u00fcter: Marinko Koljanin, Peter Zajicek, Gerald Lettmayer Verteidiger:Robert Auer, Helmut Edelmaier, Wolfgang Feiersinger, Christian F\u00fcrstaller, Christian Helminger , Karl Hodits , Martin \u00d6llerer, Leo Lainer, Erich Illmer, Wolfgang Hupfauf Mittelfeldspieler:Helmut Baic, Walter Koch, Stefan Stryjsky, Raimund Neumayer St\u00fcrmer:Werner B\u00fcrgler, M\u00e1rton Esterh\u00e1zy, Srecko Kurbasa, Heimo Pfeifenberger, Anton Schn\u00f6ll, Hermann Stadler , Gernot Teufl, Efrem [&hellip;]<\/p>\n","protected":false},"author":1,"featured_media":0,"comment_status":"open","ping_status":"open","sticky":false,"template":"","format":"standard","meta":{"footnotes":""},"categories":[2397],"tags":[],"class_list":["post-4973","post","type-post","status-publish","format-standard","hentry","category-kader-1987"],"_links":{"self":[{"href":"https:\/\/wiki.s12.at\/index.php\/wp-json\/wp\/v2\/posts\/4973","targetHints":{"allow":["GET"]}}],"collection":[{"href":"https:\/\/wiki.s12.at\/index.php\/wp-json\/wp\/v2\/posts"}],"about":[{"href":"https:\/\/wiki.s12.at\/index.php\/wp-json\/wp\/v2\/types\/post"}],"author":[{"embeddable":true,"href":"https:\/\/wiki.s12.at\/index.php\/wp-json\/wp\/v2\/users\/1"}],"replies":[{"embeddable":true,"href":"https:\/\/wiki.s12.at\/index.php\/wp-json\/wp\/v2\/comments?post=4973"}],"version-history":[{"count":0,"href":"https:\/\/wiki.s12.at\/index.php\/wp-json\/wp\/v2\/posts\/4973\/revisions"}],"wp:attachment":[{"href":"https:\/\/wiki.s12.at\/index.php\/wp-json\/wp\/v2\/media?parent=4973"}],"wp:term":[{"taxonomy":"category","embeddable":true,"href":"https:\/\/wiki.s12.at\/index.php\/wp-json\/wp\/v2\/categories?post=4973"},{"taxonomy":"post_tag","embeddable":true,"href":"https:\/\/wiki.s12.at\/index.php\/wp-json\/wp\/v2\/tags?post=4973"}],"curies":[{"name":"wp","href":"https:\/\/api.w.org\/{rel}","templated":true}]}}