{"id":4969,"date":"2026-05-06T16:08:35","date_gmt":"2026-05-06T14:08:35","guid":{"rendered":"https:\/\/wiki.s12.at\/index.php\/2026\/05\/06\/kader-1983-84\/"},"modified":"2026-05-06T16:08:35","modified_gmt":"2026-05-06T14:08:35","slug":"kader-1983-84","status":"publish","type":"post","link":"https:\/\/wiki.s12.at\/index.php\/2026\/05\/06\/kader-1983-84\/","title":{"rendered":"84"},"content":{"rendered":"<div class=\"mw-parser-output\">\n<h2><span class=\"mw-headline\" id=\"Kader\">Kader<\/span><a href=\"\/index.php?title=Kader_1983\/84&amp;action=edit&amp;section=1\" title=\"Abschnitt bearbeiten: Kader\">Bearbeiten<\/a><span class=\"mw-editsection-bracket\">]<\/span><\/span><\/h2>\n<table class=\"wikitable\" width=\"850\">\n<tbody>\n<tr>\n<td bgcolor=\"#FFFFFF\" align=\"center\" width=\"80\"><b>1983\/84<\/b>\n<\/td>\n<td bgcolor=\"#E8E8E8\" width=\"700\">\n<ul>\n<li><b>Torh\u00fcter<\/b>: <a href=\"\/Hans_Berger\" title=\"Hans Berger\">Hans Berger<\/a>, <a href=\"\/Anton_K%C3%B6ltringer\" title=\"Anton K\u00f6ltringer\">Anton K\u00f6ltringer<\/a>, <a href=\"\/Zeljko_Stin%C4%8Di%C4%87\" title=\"Zeljko Stin\u010di\u0107\">Zeljko Stin\u010di\u0107<\/a> <\/li>\n<li><b>Verteidiger<\/b>:<a href=\"\/Franz_Bacher\" title=\"Franz Bacher\">Franz Bacher<\/a>, <a href=\"\/Gerhard_Breitenberger_sen.\" title=\"Gerhard Breitenberger sen.\">Gerhard Breitenberger sen.<\/a>, <a href=\"\/Christian_Helminger\" title=\"Christian Helminger\">Christian Helminger<\/a>, <a href=\"\/Wolfgang_Kienast\" title=\"Wolfgang Kienast\">Wolfgang Kienast<\/a>, <a href=\"\/Jaroslav_Pirnus\" title=\"Jaroslav Pirnus\">Jaroslav Pirnus<\/a>, <a href=\"\/Gerhard_Roos\" title=\"Gerhard Roos\">Gerhard Roos<\/a>, <a href=\"\/Fritz_Tobin\" title=\"Fritz Tobin\">Fritz Tobin<\/a>, <a href=\"\/Hannes_Winklbauer\" title=\"Hannes Winklbauer\">Hannes Winklbauer<\/a> <a href=\"\/Peter_Schneider\" title=\"Peter Schneider\">Peter Schneider<\/a><\/li>\n<li><b>Mittelfeldspieler<\/b>:<a href=\"\/Peter_Sallmayer\" title=\"Peter Sallmayer\">Peter Sallmayer<\/a>, <a href=\"\/Arnold_Koreimann\" title=\"Arnold Koreimann\">Arnold Koreimann<\/a>, <a href=\"\/Karl_Hodits\" title=\"Karl Hodits\">Karl Hodits<\/a>, <a href=\"\/Christian_Helminger\" title=\"Christian Helminger\">Christian Helminger<\/a>,<\/li>\n<\/ul>\n<p><a href=\"\/Gerald_Rieder\" title=\"Gerald Rieder\">Gerald Rieder<\/a>,  \n<\/p>\n<ul>\n<li><b>St\u00fcrmer<\/b>: <a href=\"\/Gerald_Baumgartner\" title=\"Gerald Baumgartner\">Gerald Baumgartner<\/a>, <a href=\"\/Mario_Bonic\" title=\"Mario Bonic\">Mario Bonic<\/a>, <a href=\"\/Helmut_Hofmann\" title=\"Helmut Hofmann\">Helmut Hofmann<\/a>, <a href=\"\/Slavko_Kova%C4%8Di%C4%87\" title=\"Slavko Kova\u010di\u0107\">Slavko Kova\u010di\u0107<\/a>, <a href=\"\/Gerhard_Perlak\" title=\"Gerhard Perlak\">Gerhard Perlak<\/a>, <a href=\"\/Hans-Gerd_Schildt\" title=\"Hans-Gerd Schildt\">Hans-Gerd Schildt<\/a>, <a href=\"\/Anton_Schn%C3%B6ll\" title=\"Anton Schn\u00f6ll\">Anton Schn\u00f6ll<\/a> <\/li>\n<li><b>Sportliche Leitung<\/b>: <a href=\"\/Joszef_Obert\" title=\"Joszef Obert\">Joszef Obert<\/a> (Trainer), <a href=\"\/Herbert_Rettensteiner\" title=\"Herbert Rettensteiner\">Herbert Rettensteiner<\/a> (Torwarttrainer)<\/li>\n<\/ul>\n<\/td>\n<\/tr>\n<\/tbody>\n<\/table>\n<\/div>\n","protected":false},"excerpt":{"rendered":"<p>KaderBearbeiten] 1983\/84 Torh\u00fcter: Hans Berger, Anton K\u00f6ltringer, Zeljko Stin\u010di\u0107 Verteidiger:Franz Bacher, Gerhard Breitenberger sen., Christian Helminger, Wolfgang Kienast, Jaroslav Pirnus, Gerhard Roos, Fritz Tobin, Hannes Winklbauer Peter Schneider Mittelfeldspieler:Peter Sallmayer, Arnold Koreimann, Karl Hodits, Christian Helminger, Gerald Rieder, St\u00fcrmer: Gerald Baumgartner, Mario Bonic, Helmut Hofmann, Slavko Kova\u010di\u0107, Gerhard Perlak, Hans-Gerd Schildt, Anton Schn\u00f6ll Sportliche Leitung: [&hellip;]<\/p>\n","protected":false},"author":1,"featured_media":0,"comment_status":"open","ping_status":"open","sticky":false,"template":"","format":"standard","meta":{"footnotes":""},"categories":[2393],"tags":[],"class_list":["post-4969","post","type-post","status-publish","format-standard","hentry","category-kader-1983"],"_links":{"self":[{"href":"https:\/\/wiki.s12.at\/index.php\/wp-json\/wp\/v2\/posts\/4969","targetHints":{"allow":["GET"]}}],"collection":[{"href":"https:\/\/wiki.s12.at\/index.php\/wp-json\/wp\/v2\/posts"}],"about":[{"href":"https:\/\/wiki.s12.at\/index.php\/wp-json\/wp\/v2\/types\/post"}],"author":[{"embeddable":true,"href":"https:\/\/wiki.s12.at\/index.php\/wp-json\/wp\/v2\/users\/1"}],"replies":[{"embeddable":true,"href":"https:\/\/wiki.s12.at\/index.php\/wp-json\/wp\/v2\/comments?post=4969"}],"version-history":[{"count":0,"href":"https:\/\/wiki.s12.at\/index.php\/wp-json\/wp\/v2\/posts\/4969\/revisions"}],"wp:attachment":[{"href":"https:\/\/wiki.s12.at\/index.php\/wp-json\/wp\/v2\/media?parent=4969"}],"wp:term":[{"taxonomy":"category","embeddable":true,"href":"https:\/\/wiki.s12.at\/index.php\/wp-json\/wp\/v2\/categories?post=4969"},{"taxonomy":"post_tag","embeddable":true,"href":"https:\/\/wiki.s12.at\/index.php\/wp-json\/wp\/v2\/tags?post=4969"}],"curies":[{"name":"wp","href":"https:\/\/api.w.org\/{rel}","templated":true}]}}