{"id":4949,"date":"2026-05-06T16:08:20","date_gmt":"2026-05-06T14:08:20","guid":{"rendered":"https:\/\/wiki.s12.at\/index.php\/2026\/05\/06\/kader-1963-64\/"},"modified":"2026-05-06T16:08:20","modified_gmt":"2026-05-06T14:08:20","slug":"kader-1963-64","status":"publish","type":"post","link":"https:\/\/wiki.s12.at\/index.php\/2026\/05\/06\/kader-1963-64\/","title":{"rendered":"64"},"content":{"rendered":"<div class=\"mw-parser-output\">\n<table class=\"wikitable\" width=\"800\">\n<tbody>\n<tr>\n<td bgcolor=\"#FFFFFF\" align=\"center\" width=\"80\"><b>1963\/64<\/b>\n<\/td>\n<td bgcolor=\"#E8E8E8\" width=\"700\">\n<ul>\n<li><b>Torh\u00fcter<\/b>:<a href=\"\/Rudolf_Krammer\" title=\"Rudolf Krammer\">Rudolf Krammer<\/a> , <a href=\"\/Ersoy_S%C3%BCkr%C3%BC\" title=\"Ersoy S\u00fckr\u00fc\">Ersoy S\u00fckr\u00fc<\/a><\/li>\n<li><b>Verteidigung<\/b>:<a href=\"\/Johann_Gegenhuber\" title=\"Johann Gegenhuber\">Johann Gegenhuber<\/a> , <a href=\"\/Konrad_Sarcher\" title=\"Konrad Sarcher\">Konrad Sarcher<\/a>, <a href=\"\/Karl_Karel\" title=\"Karl Karel\">Karl Karel<\/a>,  <a href=\"\/Hannes_Granzer\" title=\"Hannes Granzer\">Hannes Granzer<\/a>, <a href=\"\/Rudolf_Buchner\" title=\"Rudolf Buchner\">Rudolf Buchner<\/a><\/li>\n<li><b>Mittelfeld <\/b>:<a href=\"\/Josef_H%C3%B6ckner\" title=\"Josef H\u00f6ckner\">Josef H\u00f6ckner<\/a>, <a href=\"\/Hermann_Jarosch\" title=\"Hermann Jarosch\">Hermann Jarosch<\/a>, <a href=\"\/G%C3%BCnter_Praschak\" title=\"G\u00fcnter Praschak\">G\u00fcnter Praschak<\/a>, <a href=\"\/Artur_Kibler\" title=\"Artur Kibler\">Artur Kibler<\/a> <\/li>\n<li><b>Sturm<\/b>:<a href=\"\/Franz_Kappl\" title=\"Franz Kappl\">Franz Kappl<\/a>, <a href=\"\/Adolf_Macek\" title=\"Adolf Macek\">Adolf Macek<\/a>, <a href=\"\/Walter_Brandt\" title=\"Walter Brandt\">Walter Brandt<\/a>, <a href=\"\/Gerhard_Furthmayr\" class=\"mw-redirect\" title=\"Gerhard Furthmayr\">Gerhard Furthmayr<\/a>, <a href=\"\/Johann_Bauer\" title=\"Johann Bauer\">Johann Bauer<\/a>, <a href=\"\/Roland_Hirscher\" title=\"Roland Hirscher\">Roland Hirscher<\/a>, <a href=\"\/Anton_Zaunreither\" title=\"Anton Zaunreither\">Anton Zaunreither<\/a>, <a href=\"\/Werner_Breitenfelder\" title=\"Werner Breitenfelder\">Werner Breitenfelder<\/a>, <a href=\"\/Gerhard_Wegrosteck\" title=\"Gerhard Wegrosteck\">Gerhard Wegrosteck<\/a>, <a href=\"\/Josef_Karlst%C3%A4tter_II\" title=\"Josef Karlst\u00e4tter II\">Josef Karlst\u00e4tter II<\/a> <\/li>\n<li><b>Sportliche Leitung<\/b>: <a href=\"\/Ignaz_Molnar\" title=\"Ignaz Molnar\">Ignaz Molnar<\/a> (Trainer)<\/li>\n<\/ul>\n<\/td>\n<\/tr>\n<\/tbody>\n<\/table>\n<\/div>\n","protected":false},"excerpt":{"rendered":"<p>1963\/64 Torh\u00fcter:Rudolf Krammer , Ersoy S\u00fckr\u00fc Verteidigung:Johann Gegenhuber , Konrad Sarcher, Karl Karel, Hannes Granzer, Rudolf Buchner Mittelfeld :Josef H\u00f6ckner, Hermann Jarosch, G\u00fcnter Praschak, Artur Kibler Sturm:Franz Kappl, Adolf Macek, Walter Brandt, Gerhard Furthmayr, Johann Bauer, Roland Hirscher, Anton Zaunreither, Werner Breitenfelder, Gerhard Wegrosteck, Josef Karlst\u00e4tter II Sportliche Leitung: Ignaz Molnar (Trainer)<\/p>\n","protected":false},"author":1,"featured_media":0,"comment_status":"open","ping_status":"open","sticky":false,"template":"","format":"standard","meta":{"footnotes":""},"categories":[2373],"tags":[],"class_list":["post-4949","post","type-post","status-publish","format-standard","hentry","category-kader-1963"],"_links":{"self":[{"href":"https:\/\/wiki.s12.at\/index.php\/wp-json\/wp\/v2\/posts\/4949","targetHints":{"allow":["GET"]}}],"collection":[{"href":"https:\/\/wiki.s12.at\/index.php\/wp-json\/wp\/v2\/posts"}],"about":[{"href":"https:\/\/wiki.s12.at\/index.php\/wp-json\/wp\/v2\/types\/post"}],"author":[{"embeddable":true,"href":"https:\/\/wiki.s12.at\/index.php\/wp-json\/wp\/v2\/users\/1"}],"replies":[{"embeddable":true,"href":"https:\/\/wiki.s12.at\/index.php\/wp-json\/wp\/v2\/comments?post=4949"}],"version-history":[{"count":0,"href":"https:\/\/wiki.s12.at\/index.php\/wp-json\/wp\/v2\/posts\/4949\/revisions"}],"wp:attachment":[{"href":"https:\/\/wiki.s12.at\/index.php\/wp-json\/wp\/v2\/media?parent=4949"}],"wp:term":[{"taxonomy":"category","embeddable":true,"href":"https:\/\/wiki.s12.at\/index.php\/wp-json\/wp\/v2\/categories?post=4949"},{"taxonomy":"post_tag","embeddable":true,"href":"https:\/\/wiki.s12.at\/index.php\/wp-json\/wp\/v2\/tags?post=4949"}],"curies":[{"name":"wp","href":"https:\/\/api.w.org\/{rel}","templated":true}]}}