{"id":4947,"date":"2026-05-06T16:08:11","date_gmt":"2026-05-06T14:08:11","guid":{"rendered":"https:\/\/wiki.s12.at\/index.php\/2026\/05\/06\/kader-1961-62\/"},"modified":"2026-05-06T16:08:11","modified_gmt":"2026-05-06T14:08:11","slug":"kader-1961-62","status":"publish","type":"post","link":"https:\/\/wiki.s12.at\/index.php\/2026\/05\/06\/kader-1961-62\/","title":{"rendered":"62"},"content":{"rendered":"<div class=\"mw-parser-output\">\n<table class=\"wikitable\" width=\"800\">\n<tbody>\n<tr>\n<td bgcolor=\"#FFFFFF\" align=\"center\" width=\"80\"><b>1961\/62<\/b>\n<\/td>\n<td bgcolor=\"#E8E8E8\" width=\"700\">\n<ul>\n<li><b>Torh\u00fcter<\/b>:<a href=\"\/Rudolf_Krammer\" title=\"Rudolf Krammer\">Rudolf Krammer<\/a>, <a href=\"\/Franz_Lindenberger\" title=\"Franz Lindenberger\">Franz Lindenberger<\/a>, <a href=\"\/Georg_Fleischer\" title=\"Georg Fleischer\">Georg Fleischer<\/a> <\/li>\n<li><b>Verteidigung<\/b>:<a href=\"\/Johann_Gegenhuber\" title=\"Johann Gegenhuber\">Johann Gegenhuber<\/a> , <a href=\"\/Helmut_Linossi\" title=\"Helmut Linossi\">Helmut Linossi<\/a>,\t<a href=\"\/Konrad_Sarcher\" title=\"Konrad Sarcher\">Konrad Sarcher<\/a><\/li>\n<li><b>Mittelfeld und Sturm<\/b>:<a href=\"\/Karl_Karel\" title=\"Karl Karel\">Karl Karel<\/a>, <a href=\"\/Franz_Feldinger\" title=\"Franz Feldinger\">Franz Feldinger<\/a>, <a href=\"\/Hermann_Jarosch\" title=\"Hermann Jarosch\">Hermann Jarosch<\/a>, <a href=\"\/Alfred_Kainberger\" title=\"Alfred Kainberger\">Alfred Kainberger<\/a>, <a href=\"\/Josef_H%C3%B6ckner\" title=\"Josef H\u00f6ckner\">Josef H\u00f6ckner<\/a>, <a href=\"\/G%C3%BCnter_Praschak\" title=\"G\u00fcnter Praschak\">G\u00fcnter Praschak<\/a>, <a href=\"\/Adolf_Macek\" title=\"Adolf Macek\">Adolf Macek<\/a> , <a href=\"\/Herbert_Seemann\" title=\"Herbert Seemann\">Herbert Seemann<\/a>, <a href=\"\/Martin_%C3%96llerer_sen.\" title=\"Martin \u00d6llerer sen.\">Martin \u00d6llerer sen.<\/a>, <a href=\"\/Franz_Kappl\" title=\"Franz Kappl\">Franz Kappl<\/a>,  <a href=\"\/Norbert_Bruckl\" title=\"Norbert Bruckl\">Norbert Bruckl<\/a> <\/li>\n<li><b>Sportliche Leitung<\/b>: <a href=\"\/G%C3%BCnter_Praschak\" title=\"G\u00fcnter Praschak\">G\u00fcnter Praschak<\/a> (Trainer)<\/li>\n<\/ul>\n<\/td>\n<\/tr>\n<\/tbody>\n<\/table>\n<\/div>\n","protected":false},"excerpt":{"rendered":"<p>1961\/62 Torh\u00fcter:Rudolf Krammer, Franz Lindenberger, Georg Fleischer Verteidigung:Johann Gegenhuber , Helmut Linossi, Konrad Sarcher Mittelfeld und Sturm:Karl Karel, Franz Feldinger, Hermann Jarosch, Alfred Kainberger, Josef H\u00f6ckner, G\u00fcnter Praschak, Adolf Macek , Herbert Seemann, Martin \u00d6llerer sen., Franz Kappl, Norbert Bruckl Sportliche Leitung: G\u00fcnter Praschak (Trainer)<\/p>\n","protected":false},"author":1,"featured_media":0,"comment_status":"open","ping_status":"open","sticky":false,"template":"","format":"standard","meta":{"footnotes":""},"categories":[2371],"tags":[],"class_list":["post-4947","post","type-post","status-publish","format-standard","hentry","category-kader-1961"],"_links":{"self":[{"href":"https:\/\/wiki.s12.at\/index.php\/wp-json\/wp\/v2\/posts\/4947","targetHints":{"allow":["GET"]}}],"collection":[{"href":"https:\/\/wiki.s12.at\/index.php\/wp-json\/wp\/v2\/posts"}],"about":[{"href":"https:\/\/wiki.s12.at\/index.php\/wp-json\/wp\/v2\/types\/post"}],"author":[{"embeddable":true,"href":"https:\/\/wiki.s12.at\/index.php\/wp-json\/wp\/v2\/users\/1"}],"replies":[{"embeddable":true,"href":"https:\/\/wiki.s12.at\/index.php\/wp-json\/wp\/v2\/comments?post=4947"}],"version-history":[{"count":0,"href":"https:\/\/wiki.s12.at\/index.php\/wp-json\/wp\/v2\/posts\/4947\/revisions"}],"wp:attachment":[{"href":"https:\/\/wiki.s12.at\/index.php\/wp-json\/wp\/v2\/media?parent=4947"}],"wp:term":[{"taxonomy":"category","embeddable":true,"href":"https:\/\/wiki.s12.at\/index.php\/wp-json\/wp\/v2\/categories?post=4947"},{"taxonomy":"post_tag","embeddable":true,"href":"https:\/\/wiki.s12.at\/index.php\/wp-json\/wp\/v2\/tags?post=4947"}],"curies":[{"name":"wp","href":"https:\/\/api.w.org\/{rel}","templated":true}]}}