{"id":4945,"date":"2026-05-06T16:07:16","date_gmt":"2026-05-06T14:07:16","guid":{"rendered":"https:\/\/wiki.s12.at\/index.php\/2026\/05\/06\/kader-1956-57\/"},"modified":"2026-05-06T16:07:16","modified_gmt":"2026-05-06T14:07:16","slug":"kader-1956-57","status":"publish","type":"post","link":"https:\/\/wiki.s12.at\/index.php\/2026\/05\/06\/kader-1956-57\/","title":{"rendered":"57"},"content":{"rendered":"<div class=\"mw-parser-output\">\n<table class=\"wikitable\" width=\"1050\">\n<tbody>\n<tr>\n<td bgcolor=\"#FFFFFF\" align=\"center\" width=\"80\"><b>1956\/57<\/b>\n<\/td>\n<td bgcolor=\"#E8E8E8\" width=\"700\">\n<ul>\n<li><b>Torh\u00fcter<\/b>: <a href=\"\/Rudolf_Krammer\" title=\"Rudolf Krammer\">Rudolf Krammer<\/a>, <a href=\"\/Herbert_Baumgartner\" title=\"Herbert Baumgartner\">Herbert Baumgartner<\/a><\/li>\n<li><b>Verteidiger<\/b>: <a href=\"\/Martin_Dannerberger\" title=\"Martin Dannerberger\">Martin Dannerberger<\/a>, <a href=\"\/Richard_Jelinek\" title=\"Richard Jelinek\">Richard Jelinek<\/a>, <a href=\"\/Franz_Feldinger\" title=\"Franz Feldinger\">Franz Feldinger<\/a>, <a href=\"\/Viktor_Lindner\" title=\"Viktor Lindner\">Viktor Lindner<\/a>, <a href=\"\/Johann_Steffek\" title=\"Johann Steffek\">Johann Steffek<\/a> <\/li>\n<li><b>Mittelfeldspieler<\/b>: <a href=\"\/Ernst_Minarik\" title=\"Ernst Minarik\">Ernst Minarik<\/a>, <a href=\"\/G%C3%BCnter_Praschak\" title=\"G\u00fcnter Praschak\">G\u00fcnter Praschak<\/a>, <a href=\"\/Hermann_Hochleitner\" title=\"Hermann Hochleitner\">Hermann Hochleitner<\/a>, <a href=\"\/Wilhelm_K%C3%B6nig\" title=\"Wilhelm K\u00f6nig\">Willy K\u00f6nig<\/a>, <a href=\"\/Ernst_Rouschal\" title=\"Ernst Rouschal\">Ernst Rouschal<\/a>, <a href=\"\/Alois_Linninger\" title=\"Alois Linninger\">Alois Linninger<\/a>, <a href=\"\/Sepp_H%C3%B6ckner\" class=\"mw-redirect\" title=\"Sepp H\u00f6ckner\">Sepp H\u00f6ckner<\/a> \t<\/li>\n<li><b>St\u00fcrmer<\/b>:<a href=\"\/Bruno_Fleck\" title=\"Bruno Fleck\">Bruno Fleck<\/a>, <a href=\"\/Alfred_Gr%C3%BCn\" title=\"Alfred Gr\u00fcn\">Alfred Gr\u00fcn<\/a>, <a href=\"\/%3F_Teufl\" title=\"? Teufl\">? Teufl<\/a> , <a href=\"\/Johann_Kubik\" title=\"Johann Kubik\">Johann Kubik<\/a>  <\/li>\n<li><b>Sportliche Leitung<\/b>: (Trainer)<\/li>\n<\/ul>\n<\/td>\n<\/tr>\n<\/tbody>\n<\/table>\n<\/div>\n","protected":false},"excerpt":{"rendered":"<p>1956\/57 Torh\u00fcter: Rudolf Krammer, Herbert Baumgartner Verteidiger: Martin Dannerberger, Richard Jelinek, Franz Feldinger, Viktor Lindner, Johann Steffek Mittelfeldspieler: Ernst Minarik, G\u00fcnter Praschak, Hermann Hochleitner, Willy K\u00f6nig, Ernst Rouschal, Alois Linninger, Sepp H\u00f6ckner St\u00fcrmer:Bruno Fleck, Alfred Gr\u00fcn, ? Teufl , Johann Kubik Sportliche Leitung: (Trainer)<\/p>\n","protected":false},"author":1,"featured_media":0,"comment_status":"open","ping_status":"open","sticky":false,"template":"","format":"standard","meta":{"footnotes":""},"categories":[2369],"tags":[],"class_list":["post-4945","post","type-post","status-publish","format-standard","hentry","category-kader-1956"],"_links":{"self":[{"href":"https:\/\/wiki.s12.at\/index.php\/wp-json\/wp\/v2\/posts\/4945","targetHints":{"allow":["GET"]}}],"collection":[{"href":"https:\/\/wiki.s12.at\/index.php\/wp-json\/wp\/v2\/posts"}],"about":[{"href":"https:\/\/wiki.s12.at\/index.php\/wp-json\/wp\/v2\/types\/post"}],"author":[{"embeddable":true,"href":"https:\/\/wiki.s12.at\/index.php\/wp-json\/wp\/v2\/users\/1"}],"replies":[{"embeddable":true,"href":"https:\/\/wiki.s12.at\/index.php\/wp-json\/wp\/v2\/comments?post=4945"}],"version-history":[{"count":0,"href":"https:\/\/wiki.s12.at\/index.php\/wp-json\/wp\/v2\/posts\/4945\/revisions"}],"wp:attachment":[{"href":"https:\/\/wiki.s12.at\/index.php\/wp-json\/wp\/v2\/media?parent=4945"}],"wp:term":[{"taxonomy":"category","embeddable":true,"href":"https:\/\/wiki.s12.at\/index.php\/wp-json\/wp\/v2\/categories?post=4945"},{"taxonomy":"post_tag","embeddable":true,"href":"https:\/\/wiki.s12.at\/index.php\/wp-json\/wp\/v2\/tags?post=4945"}],"curies":[{"name":"wp","href":"https:\/\/api.w.org\/{rel}","templated":true}]}}